{"id":8488,"date":"2011-10-25T18:59:22","date_gmt":"2011-10-25T16:59:22","guid":{"rendered":"https:\/\/www.alisveriskulupleri.com\/blog\/?p=8488"},"modified":"2011-10-25T18:59:34","modified_gmt":"2011-10-25T16:59:34","slug":"alexander-mcqueen-2011%e2%80%932012-sonbahar-kis-koleksiyonu","status":"publish","type":"post","link":"https:\/\/www.alisveriskulupleri.com\/blog\/alexander-mcqueen-2011%e2%80%932012-sonbahar-kis-koleksiyonu.html","title":{"rendered":"Alexander McQueen 2011\u20132012 sonbahar &amp; k\u0131\u015f koleksiyonu"},"content":{"rendered":"<p><a href=\"https:\/\/www.alisveriskulupleri.com\/blog\/uploads\/2011\/08\/alexander-mcqueen-2011-2012-sonbahar-kis-koleksiyonu1.jpg\"><img loading=\"lazy\" decoding=\"async\" src=\"https:\/\/www.alisveriskulupleri.com\/blog\/uploads\/2011\/08\/alexander-mcqueen-2011-2012-sonbahar-kis-koleksiyonu1-570x854.jpg\" alt=\"Alexander McQueen 2011 \u2013 2012 sonbahar &amp; k\u0131\u015f koleksiyonu\" width=\"570\" height=\"854\" class=\"aligncenter size-medium wp-image-8489\" srcset=\"https:\/\/www.alisveriskulupleri.com\/blog\/uploads\/2011\/08\/alexander-mcqueen-2011-2012-sonbahar-kis-koleksiyonu1-570x854.jpg 570w, https:\/\/www.alisveriskulupleri.com\/blog\/uploads\/2011\/08\/alexander-mcqueen-2011-2012-sonbahar-kis-koleksiyonu1-1366x2048.jpg 1366w\" sizes=\"auto, (max-width: 570px) 100vw, 570px\" \/><\/a><\/p>\n<h3>Alexander McQueen\u2019in \u00f6l\u00fcm\u00fcn\u00fcn ard\u0131ndan modaevinin yarat\u0131c\u0131 direkt\u00f6rl\u00fc\u011f\u00fcn\u00fc \u00fcstlenen Sarah Burton, yeni sezon tasar\u0131mlar\u0131yla moda severleri b\u00fcy\u00fcl\u00fcyor!<\/h3>\n<p>Alexander McQueen 2011\u20132012 sonbahar &amp; k\u0131\u015f koleksiyonunun temas\u0131 buzlar krali\u00e7esi ve onun mahkeme salonu. Hayal g\u00fcc\u00fcne hitap eden, b\u00fcy\u00fcleyici ve masals\u0131 tasar\u0131mlar\u0131yla k\u0131\u015f mevsiminde her kad\u0131n\u0131 bir buz krali\u00e7esi gibi sofistike hissettirecek olan tasar\u0131mc\u0131 Sarah Burton, \u00fcnl\u00fc modac\u0131 Alexander McQueen\u2019in \u00f6l\u00fcm\u00fcn\u00fcn ard\u0131ndan yarat\u0131c\u0131 direkt\u00f6rl\u00fc\u011f\u00fcn\u00fc ele ald\u0131\u011f\u0131 modaevinin \u00e7izgisini d\u00fc\u015f\u00fcrmeden bir \u00fcst seviyeye ta\u015f\u0131may\u0131 ba\u015far\u0131yor.<\/p>\n<p>Bug\u00fcne kadar hep fantastik ve hayal g\u00fcc\u00fcn\u00fcn s\u0131n\u0131rlar\u0131n\u0131 zorlayan tasar\u0131mlara ev sahipli\u011fi yapan modaevi, yeni sezonda da peri masal\u0131ndan f\u0131rlam\u0131\u015f\u00e7as\u0131na zarif ve prestijli gece elbiselerini, keskin \u00e7izgilerle feminenli\u011fin vurguland\u0131\u011f\u0131 giyen kad\u0131nlar\u0131 adeta bir sava\u015f\u00e7\u0131 gibi hissettirecek seksi elbise ve tulumlar\u0131 moda severlerin be\u011fenisine sunuyor.<\/p>\n<p>Koleksiyonda kullan\u0131lan renkler aras\u0131nda siyah, beyaz, gri ve lila bulunuyor.<\/p>\n<p><a href=\"https:\/\/www.alisveriskulupleri.com\/blog\/uploads\/2011\/08\/alexander-mcqueen-2011-2012-sonbahar-kis-koleksiyonu2.jpg\"><img loading=\"lazy\" decoding=\"async\" src=\"https:\/\/www.alisveriskulupleri.com\/blog\/uploads\/2011\/08\/alexander-mcqueen-2011-2012-sonbahar-kis-koleksiyonu2-570x854.jpg\" alt=\"Alexander McQueen 2011 \u2013 2012 sonbahar &amp; k\u0131\u015f koleksiyonu\" width=\"570\" height=\"854\" class=\"aligncenter size-medium wp-image-8490\" srcset=\"https:\/\/www.alisveriskulupleri.com\/blog\/uploads\/2011\/08\/alexander-mcqueen-2011-2012-sonbahar-kis-koleksiyonu2-570x854.jpg 570w, https:\/\/www.alisveriskulupleri.com\/blog\/uploads\/2011\/08\/alexander-mcqueen-2011-2012-sonbahar-kis-koleksiyonu2-1366x2048.jpg 1366w\" sizes=\"auto, (max-width: 570px) 100vw, 570px\" \/><\/a><br \/>\n<a href=\"https:\/\/www.alisveriskulupleri.com\/blog\/uploads\/2011\/08\/alexander-mcqueen-2011-2012-sonbahar-kis-koleksiyonu3.jpg\"><img loading=\"lazy\" decoding=\"async\" src=\"https:\/\/www.alisveriskulupleri.com\/blog\/uploads\/2011\/08\/alexander-mcqueen-2011-2012-sonbahar-kis-koleksiyonu3-570x854.jpg\" alt=\"Alexander McQueen 2011 \u2013 2012 sonbahar &amp; k\u0131\u015f koleksiyonu\" width=\"570\" height=\"854\" class=\"aligncenter size-medium wp-image-8491\" srcset=\"https:\/\/www.alisveriskulupleri.com\/blog\/uploads\/2011\/08\/alexander-mcqueen-2011-2012-sonbahar-kis-koleksiyonu3-570x854.jpg 570w, https:\/\/www.alisveriskulupleri.com\/blog\/uploads\/2011\/08\/alexander-mcqueen-2011-2012-sonbahar-kis-koleksiyonu3-1366x2048.jpg 1366w\" sizes=\"auto, (max-width: 570px) 100vw, 570px\" \/><\/a><br \/>\n<a href=\"https:\/\/www.alisveriskulupleri.com\/blog\/uploads\/2011\/08\/alexander-mcqueen-2011-2012-sonbahar-kis-koleksiyonu4.jpg\"><img loading=\"lazy\" decoding=\"async\" src=\"https:\/\/www.alisveriskulupleri.com\/blog\/uploads\/2011\/08\/alexander-mcqueen-2011-2012-sonbahar-kis-koleksiyonu4-570x854.jpg\" alt=\"Alexander McQueen 2011 \u2013 2012 sonbahar &amp; k\u0131\u015f koleksiyonu\" width=\"570\" height=\"854\" class=\"aligncenter size-medium wp-image-8492\" srcset=\"https:\/\/www.alisveriskulupleri.com\/blog\/uploads\/2011\/08\/alexander-mcqueen-2011-2012-sonbahar-kis-koleksiyonu4-570x854.jpg 570w, https:\/\/www.alisveriskulupleri.com\/blog\/uploads\/2011\/08\/alexander-mcqueen-2011-2012-sonbahar-kis-koleksiyonu4-1366x2048.jpg 1366w\" sizes=\"auto, (max-width: 570px) 100vw, 570px\" \/><\/a><br \/>\n<a href=\"https:\/\/www.alisveriskulupleri.com\/blog\/uploads\/2011\/08\/alexander-mcqueen-2011-2012-sonbahar-kis-koleksiyonu5.jpg\"><img loading=\"lazy\" decoding=\"async\" src=\"https:\/\/www.alisveriskulupleri.com\/blog\/uploads\/2011\/08\/alexander-mcqueen-2011-2012-sonbahar-kis-koleksiyonu5-570x854.jpg\" alt=\"Alexander McQueen 2011 \u2013 2012 sonbahar &amp; k\u0131\u015f koleksiyonu\" width=\"570\" height=\"854\" class=\"aligncenter size-medium wp-image-8493\" srcset=\"https:\/\/www.alisveriskulupleri.com\/blog\/uploads\/2011\/08\/alexander-mcqueen-2011-2012-sonbahar-kis-koleksiyonu5-570x854.jpg 570w, https:\/\/www.alisveriskulupleri.com\/blog\/uploads\/2011\/08\/alexander-mcqueen-2011-2012-sonbahar-kis-koleksiyonu5-1366x2048.jpg 1366w\" sizes=\"auto, (max-width: 570px) 100vw, 570px\" \/><\/a><br \/>\n<a href=\"https:\/\/www.alisveriskulupleri.com\/blog\/uploads\/2011\/08\/alexander-mcqueen-2011-2012-sonbahar-kis-koleksiyonu6.jpg\"><img loading=\"lazy\" decoding=\"async\" src=\"https:\/\/www.alisveriskulupleri.com\/blog\/uploads\/2011\/08\/alexander-mcqueen-2011-2012-sonbahar-kis-koleksiyonu6-570x854.jpg\" alt=\"Alexander McQueen 2011 \u2013 2012 sonbahar &amp; k\u0131\u015f koleksiyonu\" width=\"570\" height=\"854\" class=\"aligncenter size-medium wp-image-8494\" srcset=\"https:\/\/www.alisveriskulupleri.com\/blog\/uploads\/2011\/08\/alexander-mcqueen-2011-2012-sonbahar-kis-koleksiyonu6-570x854.jpg 570w, https:\/\/www.alisveriskulupleri.com\/blog\/uploads\/2011\/08\/alexander-mcqueen-2011-2012-sonbahar-kis-koleksiyonu6-1366x2048.jpg 1366w\" sizes=\"auto, (max-width: 570px) 100vw, 570px\" \/><\/a><br \/>\n<a href=\"https:\/\/www.alisveriskulupleri.com\/blog\/uploads\/2011\/08\/alexander-mcqueen-2011-2012-sonbahar-kis-koleksiyonu7.jpg\"><img loading=\"lazy\" decoding=\"async\" src=\"https:\/\/www.alisveriskulupleri.com\/blog\/uploads\/2011\/08\/alexander-mcqueen-2011-2012-sonbahar-kis-koleksiyonu7-570x854.jpg\" alt=\"Alexander McQueen 2011 \u2013 2012 sonbahar &amp; k\u0131\u015f koleksiyonu\" width=\"570\" height=\"854\" class=\"aligncenter size-medium wp-image-8495\" srcset=\"https:\/\/www.alisveriskulupleri.com\/blog\/uploads\/2011\/08\/alexander-mcqueen-2011-2012-sonbahar-kis-koleksiyonu7-570x854.jpg 570w, https:\/\/www.alisveriskulupleri.com\/blog\/uploads\/2011\/08\/alexander-mcqueen-2011-2012-sonbahar-kis-koleksiyonu7-1366x2048.jpg 1366w\" sizes=\"auto, (max-width: 570px) 100vw, 570px\" \/><\/a><br \/>\n<a href=\"https:\/\/www.alisveriskulupleri.com\/blog\/uploads\/2011\/08\/alexander-mcqueen-2011-2012-sonbahar-kis-koleksiyonu8.jpg\"><img loading=\"lazy\" decoding=\"async\" src=\"https:\/\/www.alisveriskulupleri.com\/blog\/uploads\/2011\/08\/alexander-mcqueen-2011-2012-sonbahar-kis-koleksiyonu8-570x854.jpg\" alt=\"Alexander McQueen 2011 \u2013 2012 sonbahar &amp; k\u0131\u015f koleksiyonu\" width=\"570\" height=\"854\" class=\"aligncenter size-medium wp-image-8496\" srcset=\"https:\/\/www.alisveriskulupleri.com\/blog\/uploads\/2011\/08\/alexander-mcqueen-2011-2012-sonbahar-kis-koleksiyonu8-570x854.jpg 570w, https:\/\/www.alisveriskulupleri.com\/blog\/uploads\/2011\/08\/alexander-mcqueen-2011-2012-sonbahar-kis-koleksiyonu8-1366x2048.jpg 1366w\" sizes=\"auto, (max-width: 570px) 100vw, 570px\" \/><\/a><br \/>\n<a href=\"https:\/\/www.alisveriskulupleri.com\/blog\/uploads\/2011\/08\/alexander-mcqueen-2011-2012-sonbahar-kis-koleksiyonu9.jpg\"><img loading=\"lazy\" decoding=\"async\" src=\"https:\/\/www.alisveriskulupleri.com\/blog\/uploads\/2011\/08\/alexander-mcqueen-2011-2012-sonbahar-kis-koleksiyonu9-570x854.jpg\" alt=\"Alexander McQueen 2011 \u2013 2012 sonbahar &amp; k\u0131\u015f koleksiyonu\" width=\"570\" height=\"854\" class=\"aligncenter size-medium wp-image-8497\" srcset=\"https:\/\/www.alisveriskulupleri.com\/blog\/uploads\/2011\/08\/alexander-mcqueen-2011-2012-sonbahar-kis-koleksiyonu9-570x854.jpg 570w, https:\/\/www.alisveriskulupleri.com\/blog\/uploads\/2011\/08\/alexander-mcqueen-2011-2012-sonbahar-kis-koleksiyonu9-1366x2048.jpg 1366w\" sizes=\"auto, (max-width: 570px) 100vw, 570px\" \/><\/a><br \/>\n<a href=\"https:\/\/www.alisveriskulupleri.com\/blog\/uploads\/2011\/08\/alexander-mcqueen-2011-2012-sonbahar-kis-koleksiyonu10.jpg\"><img loading=\"lazy\" decoding=\"async\" src=\"https:\/\/www.alisveriskulupleri.com\/blog\/uploads\/2011\/08\/alexander-mcqueen-2011-2012-sonbahar-kis-koleksiyonu10-570x854.jpg\" alt=\"Alexander McQueen 2011 \u2013 2012 sonbahar &amp; k\u0131\u015f koleksiyonu\" width=\"570\" height=\"854\" class=\"aligncenter size-medium wp-image-8498\" srcset=\"https:\/\/www.alisveriskulupleri.com\/blog\/uploads\/2011\/08\/alexander-mcqueen-2011-2012-sonbahar-kis-koleksiyonu10-570x854.jpg 570w, https:\/\/www.alisveriskulupleri.com\/blog\/uploads\/2011\/08\/alexander-mcqueen-2011-2012-sonbahar-kis-koleksiyonu10-1366x2048.jpg 1366w\" sizes=\"auto, (max-width: 570px) 100vw, 570px\" \/><\/a><br \/>\n<a href=\"https:\/\/www.alisveriskulupleri.com\/blog\/uploads\/2011\/08\/alexander-mcqueen-2011-2012-sonbahar-kis-koleksiyonu11.jpg\"><img loading=\"lazy\" decoding=\"async\" src=\"https:\/\/www.alisveriskulupleri.com\/blog\/uploads\/2011\/08\/alexander-mcqueen-2011-2012-sonbahar-kis-koleksiyonu11-570x854.jpg\" alt=\"Alexander McQueen 2011 \u2013 2012 sonbahar &amp; k\u0131\u015f koleksiyonu\" width=\"570\" height=\"854\" class=\"aligncenter size-medium wp-image-8499\" srcset=\"https:\/\/www.alisveriskulupleri.com\/blog\/uploads\/2011\/08\/alexander-mcqueen-2011-2012-sonbahar-kis-koleksiyonu11-570x854.jpg 570w, https:\/\/www.alisveriskulupleri.com\/blog\/uploads\/2011\/08\/alexander-mcqueen-2011-2012-sonbahar-kis-koleksiyonu11-1366x2048.jpg 1366w\" sizes=\"auto, (max-width: 570px) 100vw, 570px\" \/><\/a><br \/>\n<a href=\"https:\/\/www.alisveriskulupleri.com\/blog\/uploads\/2011\/08\/alexander-mcqueen-2011-2012-sonbahar-kis-koleksiyonu12.jpg\"><img loading=\"lazy\" decoding=\"async\" src=\"https:\/\/www.alisveriskulupleri.com\/blog\/uploads\/2011\/08\/alexander-mcqueen-2011-2012-sonbahar-kis-koleksiyonu12-570x854.jpg\" alt=\"Alexander McQueen 2011 \u2013 2012 sonbahar &amp; k\u0131\u015f koleksiyonu\" width=\"570\" height=\"854\" class=\"aligncenter size-medium wp-image-8500\" srcset=\"https:\/\/www.alisveriskulupleri.com\/blog\/uploads\/2011\/08\/alexander-mcqueen-2011-2012-sonbahar-kis-koleksiyonu12-570x854.jpg 570w, https:\/\/www.alisveriskulupleri.com\/blog\/uploads\/2011\/08\/alexander-mcqueen-2011-2012-sonbahar-kis-koleksiyonu12-1366x2048.jpg 1366w\" sizes=\"auto, (max-width: 570px) 100vw, 570px\" \/><\/a><br \/>\n<a href=\"https:\/\/www.alisveriskulupleri.com\/blog\/uploads\/2011\/08\/alexander-mcqueen-2011-2012-sonbahar-kis-koleksiyonu13.jpg\"><img loading=\"lazy\" decoding=\"async\" src=\"https:\/\/www.alisveriskulupleri.com\/blog\/uploads\/2011\/08\/alexander-mcqueen-2011-2012-sonbahar-kis-koleksiyonu13-570x854.jpg\" alt=\"Alexander McQueen 2011 \u2013 2012 sonbahar &amp; k\u0131\u015f koleksiyonu\" width=\"570\" height=\"854\" class=\"aligncenter size-medium wp-image-8501\" srcset=\"https:\/\/www.alisveriskulupleri.com\/blog\/uploads\/2011\/08\/alexander-mcqueen-2011-2012-sonbahar-kis-koleksiyonu13-570x854.jpg 570w, https:\/\/www.alisveriskulupleri.com\/blog\/uploads\/2011\/08\/alexander-mcqueen-2011-2012-sonbahar-kis-koleksiyonu13-1366x2048.jpg 1366w\" sizes=\"auto, (max-width: 570px) 100vw, 570px\" \/><\/a><br \/>\n<a href=\"https:\/\/www.alisveriskulupleri.com\/blog\/uploads\/2011\/08\/alexander-mcqueen-2011-2012-sonbahar-kis-koleksiyonu14.jpg\"><img loading=\"lazy\" decoding=\"async\" src=\"https:\/\/www.alisveriskulupleri.com\/blog\/uploads\/2011\/08\/alexander-mcqueen-2011-2012-sonbahar-kis-koleksiyonu14-570x854.jpg\" alt=\"Alexander McQueen 2011 \u2013 2012 sonbahar &amp; k\u0131\u015f koleksiyonu\" width=\"570\" height=\"854\" class=\"aligncenter size-medium wp-image-8502\" srcset=\"https:\/\/www.alisveriskulupleri.com\/blog\/uploads\/2011\/08\/alexander-mcqueen-2011-2012-sonbahar-kis-koleksiyonu14-570x854.jpg 570w, https:\/\/www.alisveriskulupleri.com\/blog\/uploads\/2011\/08\/alexander-mcqueen-2011-2012-sonbahar-kis-koleksiyonu14-1366x2048.jpg 1366w\" sizes=\"auto, (max-width: 570px) 100vw, 570px\" \/><\/a><br \/>\n<a href=\"https:\/\/www.alisveriskulupleri.com\/blog\/uploads\/2011\/08\/alexander-mcqueen-2011-2012-sonbahar-kis-koleksiyonu15.jpg\"><img loading=\"lazy\" decoding=\"async\" src=\"https:\/\/www.alisveriskulupleri.com\/blog\/uploads\/2011\/08\/alexander-mcqueen-2011-2012-sonbahar-kis-koleksiyonu15-570x854.jpg\" alt=\"Alexander McQueen 2011 \u2013 2012 sonbahar &amp; k\u0131\u015f koleksiyonu\" width=\"570\" height=\"854\" class=\"aligncenter size-medium wp-image-8503\" srcset=\"https:\/\/www.alisveriskulupleri.com\/blog\/uploads\/2011\/08\/alexander-mcqueen-2011-2012-sonbahar-kis-koleksiyonu15-570x854.jpg 570w, https:\/\/www.alisveriskulupleri.com\/blog\/uploads\/2011\/08\/alexander-mcqueen-2011-2012-sonbahar-kis-koleksiyonu15-1366x2048.jpg 1366w\" sizes=\"auto, (max-width: 570px) 100vw, 570px\" \/><\/a><br \/>\n<a href=\"https:\/\/www.alisveriskulupleri.com\/blog\/uploads\/2011\/08\/alexander-mcqueen-2011-2012-sonbahar-kis-koleksiyonu16.jpg\"><img loading=\"lazy\" decoding=\"async\" src=\"https:\/\/www.alisveriskulupleri.com\/blog\/uploads\/2011\/08\/alexander-mcqueen-2011-2012-sonbahar-kis-koleksiyonu16-570x854.jpg\" alt=\"Alexander McQueen 2011 \u2013 2012 sonbahar &amp; k\u0131\u015f koleksiyonu\" width=\"570\" height=\"854\" class=\"aligncenter size-medium wp-image-8504\" srcset=\"https:\/\/www.alisveriskulupleri.com\/blog\/uploads\/2011\/08\/alexander-mcqueen-2011-2012-sonbahar-kis-koleksiyonu16-570x854.jpg 570w, https:\/\/www.alisveriskulupleri.com\/blog\/uploads\/2011\/08\/alexander-mcqueen-2011-2012-sonbahar-kis-koleksiyonu16-1366x2048.jpg 1366w\" sizes=\"auto, (max-width: 570px) 100vw, 570px\" \/><\/a><br \/>\n<a href=\"https:\/\/www.alisveriskulupleri.com\/blog\/uploads\/2011\/08\/alexander-mcqueen-2011-2012-sonbahar-kis-koleksiyonu17.jpg\"><img loading=\"lazy\" decoding=\"async\" src=\"https:\/\/www.alisveriskulupleri.com\/blog\/uploads\/2011\/08\/alexander-mcqueen-2011-2012-sonbahar-kis-koleksiyonu17-570x854.jpg\" alt=\"Alexander McQueen 2011 \u2013 2012 sonbahar &amp; k\u0131\u015f koleksiyonu\" width=\"570\" height=\"854\" class=\"aligncenter size-medium wp-image-8505\" srcset=\"https:\/\/www.alisveriskulupleri.com\/blog\/uploads\/2011\/08\/alexander-mcqueen-2011-2012-sonbahar-kis-koleksiyonu17-570x854.jpg 570w, https:\/\/www.alisveriskulupleri.com\/blog\/uploads\/2011\/08\/alexander-mcqueen-2011-2012-sonbahar-kis-koleksiyonu17-1366x2048.jpg 1366w\" sizes=\"auto, (max-width: 570px) 100vw, 570px\" \/><\/a><br \/>\n<a href=\"https:\/\/www.alisveriskulupleri.com\/blog\/uploads\/2011\/08\/alexander-mcqueen-2011-2012-sonbahar-kis-koleksiyonu18.jpg\"><img loading=\"lazy\" decoding=\"async\" src=\"https:\/\/www.alisveriskulupleri.com\/blog\/uploads\/2011\/08\/alexander-mcqueen-2011-2012-sonbahar-kis-koleksiyonu18-570x854.jpg\" alt=\"Alexander McQueen 2011 \u2013 2012 sonbahar &amp; k\u0131\u015f koleksiyonu\" width=\"570\" height=\"854\" class=\"aligncenter size-medium wp-image-8506\" srcset=\"https:\/\/www.alisveriskulupleri.com\/blog\/uploads\/2011\/08\/alexander-mcqueen-2011-2012-sonbahar-kis-koleksiyonu18-570x854.jpg 570w, https:\/\/www.alisveriskulupleri.com\/blog\/uploads\/2011\/08\/alexander-mcqueen-2011-2012-sonbahar-kis-koleksiyonu18-1366x2048.jpg 1366w\" sizes=\"auto, (max-width: 570px) 100vw, 570px\" \/><\/a><br \/>\n<a href=\"https:\/\/www.alisveriskulupleri.com\/blog\/uploads\/2011\/08\/alexander-mcqueen-2011-2012-sonbahar-kis-koleksiyonu19.jpg\"><img loading=\"lazy\" decoding=\"async\" src=\"https:\/\/www.alisveriskulupleri.com\/blog\/uploads\/2011\/08\/alexander-mcqueen-2011-2012-sonbahar-kis-koleksiyonu19-570x854.jpg\" alt=\"Alexander McQueen 2011 \u2013 2012 sonbahar &amp; k\u0131\u015f koleksiyonu\" width=\"570\" height=\"854\" class=\"aligncenter size-medium wp-image-8507\" srcset=\"https:\/\/www.alisveriskulupleri.com\/blog\/uploads\/2011\/08\/alexander-mcqueen-2011-2012-sonbahar-kis-koleksiyonu19-570x854.jpg 570w, https:\/\/www.alisveriskulupleri.com\/blog\/uploads\/2011\/08\/alexander-mcqueen-2011-2012-sonbahar-kis-koleksiyonu19-1366x2048.jpg 1366w\" sizes=\"auto, (max-width: 570px) 100vw, 570px\" \/><\/a><\/p>\n","protected":false},"excerpt":{"rendered":"<p>Alexander McQueen\u2019in \u00f6l\u00fcm\u00fcn\u00fcn ard\u0131ndan modaevinin yarat\u0131c\u0131 direkt\u00f6rl\u00fc\u011f\u00fcn\u00fc \u00fcstlenen Sarah Burton, yeni sezon tasar\u0131mlar\u0131yla moda severleri b\u00fcy\u00fcl\u00fcyor! Alexander McQueen 2011\u20132012 sonbahar &amp; k\u0131\u015f koleksiyonunun temas\u0131 buzlar krali\u00e7esi ve onun mahkeme salonu. Hayal g\u00fcc\u00fcne hitap eden, b\u00fcy\u00fcleyici<span class=\"theme-excerpt-more\"> [&#8230;] <a href=\"https:\/\/www.alisveriskulupleri.com\/blog\/alexander-mcqueen-2011%e2%80%932012-sonbahar-kis-koleksiyonu.html\" title=\"Alexander McQueen 2011\u20132012 sonbahar &amp; k\u0131\u015f koleksiyonu\">Read More<\/a><\/span><\/p>\n","protected":false},"author":9,"featured_media":0,"comment_status":"open","ping_status":"closed","sticky":false,"template":"","format":"standard","meta":{"footnotes":""},"categories":[44,33],"tags":[1853,1854,1852,1089,55,40,61],"class_list":["post-8488","post","type-post","status-publish","format-standard","hentry","category-guncel","category-look-book","tag-alexander-mcqueen","tag-alexander-mcqueen-2011--2012-fall-winter-collection","tag-alexander-mcqueen-2011--2012-sonbahar-kis-koleksiyonu","tag-fashion","tag-look-book-2","tag-lookbook","tag-moda"],"yoast_head":"<!-- This site is optimized with the Yoast SEO plugin v24.1 - https:\/\/yoast.com\/wordpress\/plugins\/seo\/ -->\n<title>Alexander McQueen 2011\u20132012 sonbahar &amp; k\u0131\u015f koleksiyonu - Al\u0131\u015fveri\u015f Kul\u00fcpleri<\/title>\n<meta name=\"robots\" content=\"index, follow, max-snippet:-1, max-image-preview:large, max-video-preview:-1\" \/>\n<link rel=\"canonical\" href=\"https:\/\/www.alisveriskulupleri.com\/blog\/alexander-mcqueen-2011\u20132012-sonbahar-kis-koleksiyonu.html\" \/>\n<meta property=\"og:locale\" content=\"tr_TR\" \/>\n<meta property=\"og:type\" content=\"article\" \/>\n<meta property=\"og:title\" content=\"Alexander McQueen 2011\u20132012 sonbahar &amp; k\u0131\u015f koleksiyonu - Al\u0131\u015fveri\u015f Kul\u00fcpleri\" \/>\n<meta property=\"og:description\" content=\"Alexander McQueen\u2019in \u00f6l\u00fcm\u00fcn\u00fcn ard\u0131ndan modaevinin yarat\u0131c\u0131 direkt\u00f6rl\u00fc\u011f\u00fcn\u00fc \u00fcstlenen Sarah Burton, yeni sezon tasar\u0131mlar\u0131yla moda severleri b\u00fcy\u00fcl\u00fcyor! Alexander McQueen 2011\u20132012 sonbahar &amp; k\u0131\u015f koleksiyonunun temas\u0131 buzlar krali\u00e7esi ve onun mahkeme salonu. Hayal g\u00fcc\u00fcne hitap eden, b\u00fcy\u00fcleyici [...] Read More\" \/>\n<meta property=\"og:url\" content=\"https:\/\/www.alisveriskulupleri.com\/blog\/alexander-mcqueen-2011\u20132012-sonbahar-kis-koleksiyonu.html\" \/>\n<meta property=\"og:site_name\" content=\"Al\u0131\u015fveri\u015f Kul\u00fcpleri\" \/>\n<meta property=\"article:publisher\" content=\"https:\/\/www.facebook.com\/alisveriskulupleri\" \/>\n<meta property=\"article:published_time\" content=\"2011-10-25T16:59:22+00:00\" \/>\n<meta property=\"article:modified_time\" content=\"2011-10-25T16:59:34+00:00\" \/>\n<meta property=\"og:image\" content=\"https:\/\/www.alisveriskulupleri.com\/blog\/uploads\/2011\/08\/alexander-mcqueen-2011-2012-sonbahar-kis-koleksiyonu1-570x854.jpg\" \/>\n<meta name=\"author\" content=\"Meltem \u015eafak\" \/>\n<meta name=\"twitter:card\" content=\"summary_large_image\" \/>\n<meta name=\"twitter:creator\" content=\"@http:\/\/twitter.com\/#!\/pisijane\" \/>\n<meta name=\"twitter:site\" content=\"@akulupleri\" \/>\n<meta name=\"twitter:label1\" content=\"Yazan:\" \/>\n\t<meta name=\"twitter:data1\" content=\"Meltem \u015eafak\" \/>\n\t<meta name=\"twitter:label2\" content=\"Tahmini okuma s\u00fcresi\" \/>\n\t<meta name=\"twitter:data2\" content=\"1 dakika\" \/>\n<script type=\"application\/ld+json\" class=\"yoast-schema-graph\">{\"@context\":\"https:\/\/schema.org\",\"@graph\":[{\"@type\":\"WebPage\",\"@id\":\"https:\/\/www.alisveriskulupleri.com\/blog\/alexander-mcqueen-2011%e2%80%932012-sonbahar-kis-koleksiyonu.html\",\"url\":\"https:\/\/www.alisveriskulupleri.com\/blog\/alexander-mcqueen-2011%e2%80%932012-sonbahar-kis-koleksiyonu.html\",\"name\":\"Alexander McQueen 2011\u20132012 sonbahar &amp; k\u0131\u015f koleksiyonu - Al\u0131\u015fveri\u015f Kul\u00fcpleri\",\"isPartOf\":{\"@id\":\"https:\/\/www.alisveriskulupleri.com\/blog\/#website\"},\"primaryImageOfPage\":{\"@id\":\"https:\/\/www.alisveriskulupleri.com\/blog\/alexander-mcqueen-2011%e2%80%932012-sonbahar-kis-koleksiyonu.html#primaryimage\"},\"image\":{\"@id\":\"https:\/\/www.alisveriskulupleri.com\/blog\/alexander-mcqueen-2011%e2%80%932012-sonbahar-kis-koleksiyonu.html#primaryimage\"},\"thumbnailUrl\":\"https:\/\/www.alisveriskulupleri.com\/blog\/uploads\/2011\/08\/alexander-mcqueen-2011-2012-sonbahar-kis-koleksiyonu1-570x854.jpg\",\"datePublished\":\"2011-10-25T16:59:22+00:00\",\"dateModified\":\"2011-10-25T16:59:34+00:00\",\"author\":{\"@id\":\"https:\/\/www.alisveriskulupleri.com\/blog\/#\/schema\/person\/1e720746ccc4457a55d6c121a8e60ad5\"},\"breadcrumb\":{\"@id\":\"https:\/\/www.alisveriskulupleri.com\/blog\/alexander-mcqueen-2011%e2%80%932012-sonbahar-kis-koleksiyonu.html#breadcrumb\"},\"inLanguage\":\"tr\",\"potentialAction\":[{\"@type\":\"ReadAction\",\"target\":[\"https:\/\/www.alisveriskulupleri.com\/blog\/alexander-mcqueen-2011%e2%80%932012-sonbahar-kis-koleksiyonu.html\"]}]},{\"@type\":\"ImageObject\",\"inLanguage\":\"tr\",\"@id\":\"https:\/\/www.alisveriskulupleri.com\/blog\/alexander-mcqueen-2011%e2%80%932012-sonbahar-kis-koleksiyonu.html#primaryimage\",\"url\":\"https:\/\/www.alisveriskulupleri.com\/blog\/uploads\/2011\/08\/alexander-mcqueen-2011-2012-sonbahar-kis-koleksiyonu1.jpg\",\"contentUrl\":\"https:\/\/www.alisveriskulupleri.com\/blog\/uploads\/2011\/08\/alexander-mcqueen-2011-2012-sonbahar-kis-koleksiyonu1.jpg\",\"width\":\"2136\",\"height\":\"3201\",\"caption\":\"Alexander McQueen 2011 \u2013 2012 sonbahar & k\u0131\u015f koleksiyonu\"},{\"@type\":\"BreadcrumbList\",\"@id\":\"https:\/\/www.alisveriskulupleri.com\/blog\/alexander-mcqueen-2011%e2%80%932012-sonbahar-kis-koleksiyonu.html#breadcrumb\",\"itemListElement\":[{\"@type\":\"ListItem\",\"position\":1,\"name\":\"Ana sayfa\",\"item\":\"https:\/\/www.alisveriskulupleri.com\/blog\/\"},{\"@type\":\"ListItem\",\"position\":2,\"name\":\"Alexander McQueen 2011\u20132012 sonbahar &amp; k\u0131\u015f koleksiyonu\"}]},{\"@type\":\"WebSite\",\"@id\":\"https:\/\/www.alisveriskulupleri.com\/blog\/#website\",\"url\":\"https:\/\/www.alisveriskulupleri.com\/blog\/\",\"name\":\"Al\u0131\u015fveri\u015f Kul\u00fcpleri\",\"description\":\"\",\"potentialAction\":[{\"@type\":\"SearchAction\",\"target\":{\"@type\":\"EntryPoint\",\"urlTemplate\":\"https:\/\/www.alisveriskulupleri.com\/blog\/?s={search_term_string}\"},\"query-input\":{\"@type\":\"PropertyValueSpecification\",\"valueRequired\":true,\"valueName\":\"search_term_string\"}}],\"inLanguage\":\"tr\"},{\"@type\":\"Person\",\"@id\":\"https:\/\/www.alisveriskulupleri.com\/blog\/#\/schema\/person\/1e720746ccc4457a55d6c121a8e60ad5\",\"name\":\"Meltem \u015eafak\",\"image\":{\"@type\":\"ImageObject\",\"inLanguage\":\"tr\",\"@id\":\"https:\/\/www.alisveriskulupleri.com\/blog\/#\/schema\/person\/image\/\",\"url\":\"https:\/\/secure.gravatar.com\/avatar\/61ceafb22dfb2a2257ff39bbf99edb74?s=96&d=mm&r=g\",\"contentUrl\":\"https:\/\/secure.gravatar.com\/avatar\/61ceafb22dfb2a2257ff39bbf99edb74?s=96&d=mm&r=g\",\"caption\":\"Meltem \u015eafak\"},\"description\":\"Anadolu \u00dcniversitesi Reklamc\u0131l\u0131k &amp; Halkla \u0130li\u015fkiler mezunu, evli ve 2 kedi annesi bir edit\u00f6r\u00fcm:) Kozmetik, moda ve al\u0131\u015fveri\u015f tutkunuyum! Merakl\u0131 bir Ko\u00e7 burcu olarak g\u00fcndemi takip etmek ve en ilgin\u00e7 ipu\u00e7lar\u0131n\u0131 bulup payla\u015fmak benim i\u00e7in bir hobi. E\u011flenceli ve aa aa! dedirten \u015feyler okumak i\u00e7in beni takip edin!\",\"sameAs\":[\"https:\/\/x.com\/http:\/\/twitter.com\/#!\/pisijane\"],\"url\":\"https:\/\/www.alisveriskulupleri.com\/blog\/author\/meltem\"}]}<\/script>\n<!-- \/ Yoast SEO plugin. -->","yoast_head_json":{"title":"Alexander McQueen 2011\u20132012 sonbahar &amp; k\u0131\u015f koleksiyonu - Al\u0131\u015fveri\u015f Kul\u00fcpleri","robots":{"index":"index","follow":"follow","max-snippet":"max-snippet:-1","max-image-preview":"max-image-preview:large","max-video-preview":"max-video-preview:-1"},"canonical":"https:\/\/www.alisveriskulupleri.com\/blog\/alexander-mcqueen-2011\u20132012-sonbahar-kis-koleksiyonu.html","og_locale":"tr_TR","og_type":"article","og_title":"Alexander McQueen 2011\u20132012 sonbahar &amp; k\u0131\u015f koleksiyonu - Al\u0131\u015fveri\u015f Kul\u00fcpleri","og_description":"Alexander McQueen\u2019in \u00f6l\u00fcm\u00fcn\u00fcn ard\u0131ndan modaevinin yarat\u0131c\u0131 direkt\u00f6rl\u00fc\u011f\u00fcn\u00fc \u00fcstlenen Sarah Burton, yeni sezon tasar\u0131mlar\u0131yla moda severleri b\u00fcy\u00fcl\u00fcyor! Alexander McQueen 2011\u20132012 sonbahar &amp; k\u0131\u015f koleksiyonunun temas\u0131 buzlar krali\u00e7esi ve onun mahkeme salonu. Hayal g\u00fcc\u00fcne hitap eden, b\u00fcy\u00fcleyici [...] Read More","og_url":"https:\/\/www.alisveriskulupleri.com\/blog\/alexander-mcqueen-2011\u20132012-sonbahar-kis-koleksiyonu.html","og_site_name":"Al\u0131\u015fveri\u015f Kul\u00fcpleri","article_publisher":"https:\/\/www.facebook.com\/alisveriskulupleri","article_published_time":"2011-10-25T16:59:22+00:00","article_modified_time":"2011-10-25T16:59:34+00:00","og_image":[{"url":"https:\/\/www.alisveriskulupleri.com\/blog\/uploads\/2011\/08\/alexander-mcqueen-2011-2012-sonbahar-kis-koleksiyonu1-570x854.jpg","type":"","width":"","height":""}],"author":"Meltem \u015eafak","twitter_card":"summary_large_image","twitter_creator":"@http:\/\/twitter.com\/#!\/pisijane","twitter_site":"@akulupleri","twitter_misc":{"Yazan:":"Meltem \u015eafak","Tahmini okuma s\u00fcresi":"1 dakika"},"schema":{"@context":"https:\/\/schema.org","@graph":[{"@type":"WebPage","@id":"https:\/\/www.alisveriskulupleri.com\/blog\/alexander-mcqueen-2011%e2%80%932012-sonbahar-kis-koleksiyonu.html","url":"https:\/\/www.alisveriskulupleri.com\/blog\/alexander-mcqueen-2011%e2%80%932012-sonbahar-kis-koleksiyonu.html","name":"Alexander McQueen 2011\u20132012 sonbahar &amp; k\u0131\u015f koleksiyonu - Al\u0131\u015fveri\u015f Kul\u00fcpleri","isPartOf":{"@id":"https:\/\/www.alisveriskulupleri.com\/blog\/#website"},"primaryImageOfPage":{"@id":"https:\/\/www.alisveriskulupleri.com\/blog\/alexander-mcqueen-2011%e2%80%932012-sonbahar-kis-koleksiyonu.html#primaryimage"},"image":{"@id":"https:\/\/www.alisveriskulupleri.com\/blog\/alexander-mcqueen-2011%e2%80%932012-sonbahar-kis-koleksiyonu.html#primaryimage"},"thumbnailUrl":"https:\/\/www.alisveriskulupleri.com\/blog\/uploads\/2011\/08\/alexander-mcqueen-2011-2012-sonbahar-kis-koleksiyonu1-570x854.jpg","datePublished":"2011-10-25T16:59:22+00:00","dateModified":"2011-10-25T16:59:34+00:00","author":{"@id":"https:\/\/www.alisveriskulupleri.com\/blog\/#\/schema\/person\/1e720746ccc4457a55d6c121a8e60ad5"},"breadcrumb":{"@id":"https:\/\/www.alisveriskulupleri.com\/blog\/alexander-mcqueen-2011%e2%80%932012-sonbahar-kis-koleksiyonu.html#breadcrumb"},"inLanguage":"tr","potentialAction":[{"@type":"ReadAction","target":["https:\/\/www.alisveriskulupleri.com\/blog\/alexander-mcqueen-2011%e2%80%932012-sonbahar-kis-koleksiyonu.html"]}]},{"@type":"ImageObject","inLanguage":"tr","@id":"https:\/\/www.alisveriskulupleri.com\/blog\/alexander-mcqueen-2011%e2%80%932012-sonbahar-kis-koleksiyonu.html#primaryimage","url":"https:\/\/www.alisveriskulupleri.com\/blog\/uploads\/2011\/08\/alexander-mcqueen-2011-2012-sonbahar-kis-koleksiyonu1.jpg","contentUrl":"https:\/\/www.alisveriskulupleri.com\/blog\/uploads\/2011\/08\/alexander-mcqueen-2011-2012-sonbahar-kis-koleksiyonu1.jpg","width":"2136","height":"3201","caption":"Alexander McQueen 2011 \u2013 2012 sonbahar & k\u0131\u015f koleksiyonu"},{"@type":"BreadcrumbList","@id":"https:\/\/www.alisveriskulupleri.com\/blog\/alexander-mcqueen-2011%e2%80%932012-sonbahar-kis-koleksiyonu.html#breadcrumb","itemListElement":[{"@type":"ListItem","position":1,"name":"Ana sayfa","item":"https:\/\/www.alisveriskulupleri.com\/blog\/"},{"@type":"ListItem","position":2,"name":"Alexander McQueen 2011\u20132012 sonbahar &amp; k\u0131\u015f koleksiyonu"}]},{"@type":"WebSite","@id":"https:\/\/www.alisveriskulupleri.com\/blog\/#website","url":"https:\/\/www.alisveriskulupleri.com\/blog\/","name":"Al\u0131\u015fveri\u015f Kul\u00fcpleri","description":"","potentialAction":[{"@type":"SearchAction","target":{"@type":"EntryPoint","urlTemplate":"https:\/\/www.alisveriskulupleri.com\/blog\/?s={search_term_string}"},"query-input":{"@type":"PropertyValueSpecification","valueRequired":true,"valueName":"search_term_string"}}],"inLanguage":"tr"},{"@type":"Person","@id":"https:\/\/www.alisveriskulupleri.com\/blog\/#\/schema\/person\/1e720746ccc4457a55d6c121a8e60ad5","name":"Meltem \u015eafak","image":{"@type":"ImageObject","inLanguage":"tr","@id":"https:\/\/www.alisveriskulupleri.com\/blog\/#\/schema\/person\/image\/","url":"https:\/\/secure.gravatar.com\/avatar\/61ceafb22dfb2a2257ff39bbf99edb74?s=96&d=mm&r=g","contentUrl":"https:\/\/secure.gravatar.com\/avatar\/61ceafb22dfb2a2257ff39bbf99edb74?s=96&d=mm&r=g","caption":"Meltem \u015eafak"},"description":"Anadolu \u00dcniversitesi Reklamc\u0131l\u0131k &amp; Halkla \u0130li\u015fkiler mezunu, evli ve 2 kedi annesi bir edit\u00f6r\u00fcm:) Kozmetik, moda ve al\u0131\u015fveri\u015f tutkunuyum! Merakl\u0131 bir Ko\u00e7 burcu olarak g\u00fcndemi takip etmek ve en ilgin\u00e7 ipu\u00e7lar\u0131n\u0131 bulup payla\u015fmak benim i\u00e7in bir hobi. E\u011flenceli ve aa aa! dedirten \u015feyler okumak i\u00e7in beni takip edin!","sameAs":["https:\/\/x.com\/http:\/\/twitter.com\/#!\/pisijane"],"url":"https:\/\/www.alisveriskulupleri.com\/blog\/author\/meltem"}]}},"_links":{"self":[{"href":"https:\/\/www.alisveriskulupleri.com\/blog\/wp-json\/wp\/v2\/posts\/8488","targetHints":{"allow":["GET"]}}],"collection":[{"href":"https:\/\/www.alisveriskulupleri.com\/blog\/wp-json\/wp\/v2\/posts"}],"about":[{"href":"https:\/\/www.alisveriskulupleri.com\/blog\/wp-json\/wp\/v2\/types\/post"}],"author":[{"embeddable":true,"href":"https:\/\/www.alisveriskulupleri.com\/blog\/wp-json\/wp\/v2\/users\/9"}],"replies":[{"embeddable":true,"href":"https:\/\/www.alisveriskulupleri.com\/blog\/wp-json\/wp\/v2\/comments?post=8488"}],"version-history":[{"count":5,"href":"https:\/\/www.alisveriskulupleri.com\/blog\/wp-json\/wp\/v2\/posts\/8488\/revisions"}],"predecessor-version":[{"id":9233,"href":"https:\/\/www.alisveriskulupleri.com\/blog\/wp-json\/wp\/v2\/posts\/8488\/revisions\/9233"}],"wp:attachment":[{"href":"https:\/\/www.alisveriskulupleri.com\/blog\/wp-json\/wp\/v2\/media?parent=8488"}],"wp:term":[{"taxonomy":"category","embeddable":true,"href":"https:\/\/www.alisveriskulupleri.com\/blog\/wp-json\/wp\/v2\/categories?post=8488"},{"taxonomy":"post_tag","embeddable":true,"href":"https:\/\/www.alisveriskulupleri.com\/blog\/wp-json\/wp\/v2\/tags?post=8488"}],"curies":[{"name":"wp","href":"https:\/\/api.w.org\/{rel}","templated":true}]}}