{"id":7909,"date":"2011-08-08T13:31:46","date_gmt":"2011-08-08T11:31:46","guid":{"rendered":"https:\/\/www.alisveriskulupleri.com\/blog\/?p=7909"},"modified":"2011-08-08T13:31:46","modified_gmt":"2011-08-08T11:31:46","slug":"zara-2011-sonbahar-koleksiyonu","status":"publish","type":"post","link":"https:\/\/www.alisveriskulupleri.com\/blog\/zara-2011-sonbahar-koleksiyonu.html","title":{"rendered":"Zara 2011 sonbahar koleksiyonu"},"content":{"rendered":"<p><a href=\"https:\/\/www.alisveriskulupleri.com\/blog\/uploads\/2011\/08\/zara-2011-sonbahar-koleksiyonu1.jpg\"><img loading=\"lazy\" decoding=\"async\" src=\"https:\/\/www.alisveriskulupleri.com\/blog\/uploads\/2011\/08\/zara-2011-sonbahar-koleksiyonu1-570x760.jpg\" alt=\"Zara 2011 sonbahar koleksiyonu\" width=\"570\" height=\"760\" class=\"aligncenter size-medium wp-image-7910\" srcset=\"https:\/\/www.alisveriskulupleri.com\/blog\/uploads\/2011\/08\/zara-2011-sonbahar-koleksiyonu1-570x760.jpg 570w, https:\/\/www.alisveriskulupleri.com\/blog\/uploads\/2011\/08\/zara-2011-sonbahar-koleksiyonu1.jpg 800w\" sizes=\"auto, (max-width: 570px) 100vw, 570px\" \/><\/a><\/p>\n<h3>Parlak renklerin koyu tonlarla dans\u0131!<\/h3>\n<p>Zara 2011 sonbahar koleksiyonuna, genel olarak koyu renkler ve mask\u00fclen bir stil h\u00e2kim. Ancak koleksiyonun Zara TRF b\u00f6l\u00fcm\u00fc tam bir istisna! <\/p>\n<p>1960\u2019l\u0131 y\u0131llar\u0131n yumu\u015fak ve feminen tarz\u0131n\u0131, parlak renklerle birle\u015ftiren palto ve mini etekleri i\u00e7erisinde bar\u0131nd\u0131ran Zara TRF ve mask\u00fclen hatlar i\u00e7eren ana Zara koleksiyonunda; bu iki farkl\u0131 stil i\u00e7in iki \u00fcnl\u00fc modelle \u00e7al\u0131\u015f\u0131ld\u0131. <\/p>\n<p>David Sims\u2019in foto\u011fraflar\u0131n\u0131 \u00e7ekti\u011fi koleksiyonun mask\u00fclen \u00e7izgilerle karakterize edilen ana b\u00f6l\u00fcm\u00fc i\u00e7in, k\u0131sa sa\u00e7lar\u0131 ve delici bak\u0131\u015flar\u0131yla \u00fcnl\u00fc erkeksi model Stella Tennant; parlak renkleri i\u00e7erisinde bar\u0131nd\u0131ran feminen y\u00f6n\u00fc i\u00e7in ise Brigitte Bardot\u2019un gen\u00e7li\u011fini an\u0131msatan ve koleksiyona taze bir hava katan Hailey Clauson modellik yapt\u0131.<\/p>\n<p><a href=\"https:\/\/www.alisveriskulupleri.com\/blog\/uploads\/2011\/08\/zara-2011-sonbahar-koleksiyonu2.jpg\"><img loading=\"lazy\" decoding=\"async\" src=\"https:\/\/www.alisveriskulupleri.com\/blog\/uploads\/2011\/08\/zara-2011-sonbahar-koleksiyonu2-570x760.jpg\" alt=\"Zara 2011 sonbahar koleksiyonu\" width=\"570\" height=\"760\" class=\"aligncenter size-medium wp-image-7911\" srcset=\"https:\/\/www.alisveriskulupleri.com\/blog\/uploads\/2011\/08\/zara-2011-sonbahar-koleksiyonu2-570x760.jpg 570w, https:\/\/www.alisveriskulupleri.com\/blog\/uploads\/2011\/08\/zara-2011-sonbahar-koleksiyonu2.jpg 800w\" sizes=\"auto, (max-width: 570px) 100vw, 570px\" \/><\/a><br \/>\n<a href=\"https:\/\/www.alisveriskulupleri.com\/blog\/uploads\/2011\/08\/zara-2011-sonbahar-koleksiyonu3.jpg\"><img loading=\"lazy\" decoding=\"async\" src=\"https:\/\/www.alisveriskulupleri.com\/blog\/uploads\/2011\/08\/zara-2011-sonbahar-koleksiyonu3-570x760.jpg\" alt=\"Zara 2011 sonbahar koleksiyonu\" width=\"570\" height=\"760\" class=\"aligncenter size-medium wp-image-7912\" srcset=\"https:\/\/www.alisveriskulupleri.com\/blog\/uploads\/2011\/08\/zara-2011-sonbahar-koleksiyonu3-570x760.jpg 570w, https:\/\/www.alisveriskulupleri.com\/blog\/uploads\/2011\/08\/zara-2011-sonbahar-koleksiyonu3.jpg 800w\" sizes=\"auto, (max-width: 570px) 100vw, 570px\" \/><\/a><br \/>\n<a href=\"https:\/\/www.alisveriskulupleri.com\/blog\/uploads\/2011\/08\/zara-2011-sonbahar-koleksiyonu4.jpg\"><img loading=\"lazy\" decoding=\"async\" src=\"https:\/\/www.alisveriskulupleri.com\/blog\/uploads\/2011\/08\/zara-2011-sonbahar-koleksiyonu4-570x760.jpg\" alt=\"Zara 2011 sonbahar koleksiyonu\" width=\"570\" height=\"760\" class=\"aligncenter size-medium wp-image-7913\" srcset=\"https:\/\/www.alisveriskulupleri.com\/blog\/uploads\/2011\/08\/zara-2011-sonbahar-koleksiyonu4-570x760.jpg 570w, https:\/\/www.alisveriskulupleri.com\/blog\/uploads\/2011\/08\/zara-2011-sonbahar-koleksiyonu4.jpg 800w\" sizes=\"auto, (max-width: 570px) 100vw, 570px\" \/><\/a><br \/>\n<a href=\"https:\/\/www.alisveriskulupleri.com\/blog\/uploads\/2011\/08\/zara-2011-sonbahar-koleksiyonu5.jpg\"><img loading=\"lazy\" decoding=\"async\" src=\"https:\/\/www.alisveriskulupleri.com\/blog\/uploads\/2011\/08\/zara-2011-sonbahar-koleksiyonu5-570x760.jpg\" alt=\"Zara 2011 sonbahar koleksiyonu\" width=\"570\" height=\"760\" class=\"aligncenter size-medium wp-image-7914\" srcset=\"https:\/\/www.alisveriskulupleri.com\/blog\/uploads\/2011\/08\/zara-2011-sonbahar-koleksiyonu5-570x760.jpg 570w, https:\/\/www.alisveriskulupleri.com\/blog\/uploads\/2011\/08\/zara-2011-sonbahar-koleksiyonu5.jpg 800w\" sizes=\"auto, (max-width: 570px) 100vw, 570px\" \/><\/a><br \/>\n<a href=\"https:\/\/www.alisveriskulupleri.com\/blog\/uploads\/2011\/08\/zara-2011-sonbahar-koleksiyonu6.jpg\"><img loading=\"lazy\" decoding=\"async\" src=\"https:\/\/www.alisveriskulupleri.com\/blog\/uploads\/2011\/08\/zara-2011-sonbahar-koleksiyonu6-570x760.jpg\" alt=\"Zara 2011 sonbahar koleksiyonu\" width=\"570\" height=\"760\" class=\"aligncenter size-medium wp-image-7915\" srcset=\"https:\/\/www.alisveriskulupleri.com\/blog\/uploads\/2011\/08\/zara-2011-sonbahar-koleksiyonu6-570x760.jpg 570w, https:\/\/www.alisveriskulupleri.com\/blog\/uploads\/2011\/08\/zara-2011-sonbahar-koleksiyonu6.jpg 800w\" sizes=\"auto, (max-width: 570px) 100vw, 570px\" \/><\/a><br \/>\n<a href=\"https:\/\/www.alisveriskulupleri.com\/blog\/uploads\/2011\/08\/zara-2011-sonbahar-koleksiyonu7.jpg\"><img loading=\"lazy\" decoding=\"async\" src=\"https:\/\/www.alisveriskulupleri.com\/blog\/uploads\/2011\/08\/zara-2011-sonbahar-koleksiyonu7-570x748.jpg\" alt=\"Zara 2011 sonbahar koleksiyonu\" width=\"570\" height=\"748\" class=\"aligncenter size-medium wp-image-7916\" srcset=\"https:\/\/www.alisveriskulupleri.com\/blog\/uploads\/2011\/08\/zara-2011-sonbahar-koleksiyonu7-570x748.jpg 570w, https:\/\/www.alisveriskulupleri.com\/blog\/uploads\/2011\/08\/zara-2011-sonbahar-koleksiyonu7.jpg 800w\" sizes=\"auto, (max-width: 570px) 100vw, 570px\" \/><\/a><br \/>\n<a href=\"https:\/\/www.alisveriskulupleri.com\/blog\/uploads\/2011\/08\/zara-2011-sonbahar-koleksiyonu8.jpg\"><img loading=\"lazy\" decoding=\"async\" src=\"https:\/\/www.alisveriskulupleri.com\/blog\/uploads\/2011\/08\/zara-2011-sonbahar-koleksiyonu8-570x756.jpg\" alt=\"Zara 2011 sonbahar koleksiyonu\" width=\"570\" height=\"756\" class=\"aligncenter size-medium wp-image-7917\" srcset=\"https:\/\/www.alisveriskulupleri.com\/blog\/uploads\/2011\/08\/zara-2011-sonbahar-koleksiyonu8-570x756.jpg 570w, https:\/\/www.alisveriskulupleri.com\/blog\/uploads\/2011\/08\/zara-2011-sonbahar-koleksiyonu8.jpg 800w\" sizes=\"auto, (max-width: 570px) 100vw, 570px\" \/><\/a><br \/>\n<a href=\"https:\/\/www.alisveriskulupleri.com\/blog\/uploads\/2011\/08\/zara-2011-sonbahar-koleksiyonu9.jpg\"><img loading=\"lazy\" decoding=\"async\" src=\"https:\/\/www.alisveriskulupleri.com\/blog\/uploads\/2011\/08\/zara-2011-sonbahar-koleksiyonu9-570x760.jpg\" alt=\"Zara 2011 sonbahar koleksiyonu\" width=\"570\" height=\"760\" class=\"aligncenter size-medium wp-image-7918\" srcset=\"https:\/\/www.alisveriskulupleri.com\/blog\/uploads\/2011\/08\/zara-2011-sonbahar-koleksiyonu9-570x760.jpg 570w, https:\/\/www.alisveriskulupleri.com\/blog\/uploads\/2011\/08\/zara-2011-sonbahar-koleksiyonu9.jpg 800w\" sizes=\"auto, (max-width: 570px) 100vw, 570px\" \/><\/a><br \/>\n<a href=\"https:\/\/www.alisveriskulupleri.com\/blog\/uploads\/2011\/08\/zara-2011-sonbahar-koleksiyonu10.jpg\"><img loading=\"lazy\" decoding=\"async\" src=\"https:\/\/www.alisveriskulupleri.com\/blog\/uploads\/2011\/08\/zara-2011-sonbahar-koleksiyonu10-570x760.jpg\" alt=\"Zara 2011 sonbahar koleksiyonu\" width=\"570\" height=\"760\" class=\"aligncenter size-medium wp-image-7919\" srcset=\"https:\/\/www.alisveriskulupleri.com\/blog\/uploads\/2011\/08\/zara-2011-sonbahar-koleksiyonu10-570x760.jpg 570w, https:\/\/www.alisveriskulupleri.com\/blog\/uploads\/2011\/08\/zara-2011-sonbahar-koleksiyonu10.jpg 800w\" sizes=\"auto, (max-width: 570px) 100vw, 570px\" \/><\/a><br \/>\n<a href=\"https:\/\/www.alisveriskulupleri.com\/blog\/uploads\/2011\/08\/zara-2011-sonbahar-koleksiyonu11.jpg\"><img loading=\"lazy\" decoding=\"async\" src=\"https:\/\/www.alisveriskulupleri.com\/blog\/uploads\/2011\/08\/zara-2011-sonbahar-koleksiyonu11-570x761.jpg\" alt=\"Zara 2011 sonbahar koleksiyonu\" width=\"570\" height=\"761\" class=\"aligncenter size-medium wp-image-7920\" srcset=\"https:\/\/www.alisveriskulupleri.com\/blog\/uploads\/2011\/08\/zara-2011-sonbahar-koleksiyonu11-570x761.jpg 570w, https:\/\/www.alisveriskulupleri.com\/blog\/uploads\/2011\/08\/zara-2011-sonbahar-koleksiyonu11.jpg 800w\" sizes=\"auto, (max-width: 570px) 100vw, 570px\" \/><\/a><br \/>\n<a href=\"https:\/\/www.alisveriskulupleri.com\/blog\/uploads\/2011\/08\/zara-2011-sonbahar-koleksiyonu12.jpg\"><img loading=\"lazy\" decoding=\"async\" src=\"https:\/\/www.alisveriskulupleri.com\/blog\/uploads\/2011\/08\/zara-2011-sonbahar-koleksiyonu12-570x761.jpg\" alt=\"Zara 2011 sonbahar koleksiyonu\" width=\"570\" height=\"761\" class=\"aligncenter size-medium wp-image-7921\" srcset=\"https:\/\/www.alisveriskulupleri.com\/blog\/uploads\/2011\/08\/zara-2011-sonbahar-koleksiyonu12-570x761.jpg 570w, https:\/\/www.alisveriskulupleri.com\/blog\/uploads\/2011\/08\/zara-2011-sonbahar-koleksiyonu12.jpg 599w\" sizes=\"auto, (max-width: 570px) 100vw, 570px\" \/><\/a><br \/>\n<a href=\"https:\/\/www.alisveriskulupleri.com\/blog\/uploads\/2011\/08\/zara-2011-sonbahar-koleksiyonu13.jpg\"><img loading=\"lazy\" decoding=\"async\" src=\"https:\/\/www.alisveriskulupleri.com\/blog\/uploads\/2011\/08\/zara-2011-sonbahar-koleksiyonu13-570x760.jpg\" alt=\"Zara 2011 sonbahar koleksiyonu\" width=\"570\" height=\"760\" class=\"aligncenter size-medium wp-image-7922\" srcset=\"https:\/\/www.alisveriskulupleri.com\/blog\/uploads\/2011\/08\/zara-2011-sonbahar-koleksiyonu13-570x760.jpg 570w, https:\/\/www.alisveriskulupleri.com\/blog\/uploads\/2011\/08\/zara-2011-sonbahar-koleksiyonu13.jpg 600w\" sizes=\"auto, (max-width: 570px) 100vw, 570px\" \/><\/a><br \/>\n<a href=\"https:\/\/www.alisveriskulupleri.com\/blog\/uploads\/2011\/08\/zara-2011-sonbahar-koleksiyonu14.jpg\"><img loading=\"lazy\" decoding=\"async\" src=\"https:\/\/www.alisveriskulupleri.com\/blog\/uploads\/2011\/08\/zara-2011-sonbahar-koleksiyonu14-570x760.jpg\" alt=\"Zara 2011 sonbahar koleksiyonu\" width=\"570\" height=\"760\" class=\"aligncenter size-medium wp-image-7923\" srcset=\"https:\/\/www.alisveriskulupleri.com\/blog\/uploads\/2011\/08\/zara-2011-sonbahar-koleksiyonu14-570x760.jpg 570w, https:\/\/www.alisveriskulupleri.com\/blog\/uploads\/2011\/08\/zara-2011-sonbahar-koleksiyonu14.jpg 600w\" sizes=\"auto, (max-width: 570px) 100vw, 570px\" \/><\/a><br \/>\n<a href=\"https:\/\/www.alisveriskulupleri.com\/blog\/uploads\/2011\/08\/zara-2011-sonbahar-koleksiyonu15.jpg\"><img loading=\"lazy\" decoding=\"async\" src=\"https:\/\/www.alisveriskulupleri.com\/blog\/uploads\/2011\/08\/zara-2011-sonbahar-koleksiyonu15-570x760.jpg\" alt=\"Zara 2011 sonbahar koleksiyonu\" width=\"570\" height=\"760\" class=\"aligncenter size-medium wp-image-7924\" srcset=\"https:\/\/www.alisveriskulupleri.com\/blog\/uploads\/2011\/08\/zara-2011-sonbahar-koleksiyonu15-570x760.jpg 570w, https:\/\/www.alisveriskulupleri.com\/blog\/uploads\/2011\/08\/zara-2011-sonbahar-koleksiyonu15.jpg 600w\" sizes=\"auto, (max-width: 570px) 100vw, 570px\" \/><\/a><br \/>\n<a href=\"https:\/\/www.alisveriskulupleri.com\/blog\/uploads\/2011\/08\/zara-2011-sonbahar-koleksiyonu16.jpg\"><img loading=\"lazy\" decoding=\"async\" src=\"https:\/\/www.alisveriskulupleri.com\/blog\/uploads\/2011\/08\/zara-2011-sonbahar-koleksiyonu16-570x760.jpg\" alt=\"Zara 2011 sonbahar koleksiyonu\" width=\"570\" height=\"760\" class=\"aligncenter size-medium wp-image-7925\" srcset=\"https:\/\/www.alisveriskulupleri.com\/blog\/uploads\/2011\/08\/zara-2011-sonbahar-koleksiyonu16-570x760.jpg 570w, https:\/\/www.alisveriskulupleri.com\/blog\/uploads\/2011\/08\/zara-2011-sonbahar-koleksiyonu16.jpg 600w\" sizes=\"auto, (max-width: 570px) 100vw, 570px\" \/><\/a><br \/>\n<a href=\"https:\/\/www.alisveriskulupleri.com\/blog\/uploads\/2011\/08\/zara-2011-sonbahar-koleksiyonu17.jpg\"><img loading=\"lazy\" decoding=\"async\" src=\"https:\/\/www.alisveriskulupleri.com\/blog\/uploads\/2011\/08\/zara-2011-sonbahar-koleksiyonu17-570x760.jpg\" alt=\"Zara 2011 sonbahar koleksiyonu\" width=\"570\" height=\"760\" class=\"aligncenter size-medium wp-image-7926\" srcset=\"https:\/\/www.alisveriskulupleri.com\/blog\/uploads\/2011\/08\/zara-2011-sonbahar-koleksiyonu17-570x760.jpg 570w, https:\/\/www.alisveriskulupleri.com\/blog\/uploads\/2011\/08\/zara-2011-sonbahar-koleksiyonu17.jpg 600w\" sizes=\"auto, (max-width: 570px) 100vw, 570px\" \/><\/a><br \/>\n<a href=\"https:\/\/www.alisveriskulupleri.com\/blog\/uploads\/2011\/08\/zara-2011-sonbahar-koleksiyonu18.jpg\"><img loading=\"lazy\" decoding=\"async\" src=\"https:\/\/www.alisveriskulupleri.com\/blog\/uploads\/2011\/08\/zara-2011-sonbahar-koleksiyonu18-570x760.jpg\" alt=\"Zara 2011 sonbahar koleksiyonu\" width=\"570\" height=\"760\" class=\"aligncenter size-medium wp-image-7927\" srcset=\"https:\/\/www.alisveriskulupleri.com\/blog\/uploads\/2011\/08\/zara-2011-sonbahar-koleksiyonu18-570x760.jpg 570w, https:\/\/www.alisveriskulupleri.com\/blog\/uploads\/2011\/08\/zara-2011-sonbahar-koleksiyonu18.jpg 600w\" sizes=\"auto, (max-width: 570px) 100vw, 570px\" \/><\/a><\/p>\n","protected":false},"excerpt":{"rendered":"<p>Parlak renklerin koyu tonlarla dans\u0131! Zara 2011 sonbahar koleksiyonuna, genel olarak koyu renkler ve mask\u00fclen bir stil h\u00e2kim. Ancak koleksiyonun Zara TRF b\u00f6l\u00fcm\u00fc tam bir istisna! 1960\u2019l\u0131 y\u0131llar\u0131n yumu\u015fak ve feminen tarz\u0131n\u0131, parlak renklerle birle\u015ftiren<span class=\"theme-excerpt-more\"> [&#8230;] <a href=\"https:\/\/www.alisveriskulupleri.com\/blog\/zara-2011-sonbahar-koleksiyonu.html\" title=\"Zara 2011 sonbahar koleksiyonu\">Read More<\/a><\/span><\/p>\n","protected":false},"author":9,"featured_media":0,"comment_status":"open","ping_status":"open","sticky":false,"template":"","format":"standard","meta":{"footnotes":""},"categories":[44,33],"tags":[1722,1089,1721,69,55,40,61,1720,52,1719,54],"class_list":["post-7909","post","type-post","status-publish","format-standard","hentry","category-guncel","category-look-book","tag-david-sims","tag-fashion","tag-hailey-clauson","tag-koleksiyon","tag-look-book-2","tag-lookbook","tag-moda","tag-stella-tennant","tag-zara","tag-zara-2011-sonbahar-koleksiyonu","tag-zara-lookbook"],"yoast_head":"<!-- This site is optimized with the Yoast SEO plugin v24.1 - https:\/\/yoast.com\/wordpress\/plugins\/seo\/ -->\n<title>Zara 2011 sonbahar koleksiyonu - Al\u0131\u015fveri\u015f Kul\u00fcpleri<\/title>\n<meta name=\"robots\" content=\"index, follow, max-snippet:-1, max-image-preview:large, max-video-preview:-1\" \/>\n<link rel=\"canonical\" href=\"https:\/\/www.alisveriskulupleri.com\/blog\/zara-2011-sonbahar-koleksiyonu.html\" \/>\n<meta property=\"og:locale\" content=\"tr_TR\" \/>\n<meta property=\"og:type\" content=\"article\" \/>\n<meta property=\"og:title\" content=\"Zara 2011 sonbahar koleksiyonu - Al\u0131\u015fveri\u015f Kul\u00fcpleri\" \/>\n<meta property=\"og:description\" content=\"Parlak renklerin koyu tonlarla dans\u0131! Zara 2011 sonbahar koleksiyonuna, genel olarak koyu renkler ve mask\u00fclen bir stil h\u00e2kim. Ancak koleksiyonun Zara TRF b\u00f6l\u00fcm\u00fc tam bir istisna! 1960\u2019l\u0131 y\u0131llar\u0131n yumu\u015fak ve feminen tarz\u0131n\u0131, parlak renklerle birle\u015ftiren [...] Read More\" \/>\n<meta property=\"og:url\" content=\"https:\/\/www.alisveriskulupleri.com\/blog\/zara-2011-sonbahar-koleksiyonu.html\" \/>\n<meta property=\"og:site_name\" content=\"Al\u0131\u015fveri\u015f Kul\u00fcpleri\" \/>\n<meta property=\"article:publisher\" content=\"https:\/\/www.facebook.com\/alisveriskulupleri\" \/>\n<meta property=\"article:published_time\" content=\"2011-08-08T11:31:46+00:00\" \/>\n<meta property=\"og:image\" content=\"https:\/\/www.alisveriskulupleri.com\/blog\/uploads\/2011\/08\/zara-2011-sonbahar-koleksiyonu1-570x760.jpg\" \/>\n<meta name=\"author\" content=\"Meltem \u015eafak\" \/>\n<meta name=\"twitter:card\" content=\"summary_large_image\" \/>\n<meta name=\"twitter:creator\" content=\"@http:\/\/twitter.com\/#!\/pisijane\" \/>\n<meta name=\"twitter:site\" content=\"@akulupleri\" \/>\n<meta name=\"twitter:label1\" content=\"Yazan:\" \/>\n\t<meta name=\"twitter:data1\" content=\"Meltem \u015eafak\" \/>\n\t<meta name=\"twitter:label2\" content=\"Tahmini okuma s\u00fcresi\" \/>\n\t<meta name=\"twitter:data2\" content=\"1 dakika\" \/>\n<script type=\"application\/ld+json\" class=\"yoast-schema-graph\">{\"@context\":\"https:\/\/schema.org\",\"@graph\":[{\"@type\":\"WebPage\",\"@id\":\"https:\/\/www.alisveriskulupleri.com\/blog\/zara-2011-sonbahar-koleksiyonu.html\",\"url\":\"https:\/\/www.alisveriskulupleri.com\/blog\/zara-2011-sonbahar-koleksiyonu.html\",\"name\":\"Zara 2011 sonbahar koleksiyonu - Al\u0131\u015fveri\u015f Kul\u00fcpleri\",\"isPartOf\":{\"@id\":\"https:\/\/www.alisveriskulupleri.com\/blog\/#website\"},\"primaryImageOfPage\":{\"@id\":\"https:\/\/www.alisveriskulupleri.com\/blog\/zara-2011-sonbahar-koleksiyonu.html#primaryimage\"},\"image\":{\"@id\":\"https:\/\/www.alisveriskulupleri.com\/blog\/zara-2011-sonbahar-koleksiyonu.html#primaryimage\"},\"thumbnailUrl\":\"https:\/\/www.alisveriskulupleri.com\/blog\/uploads\/2011\/08\/zara-2011-sonbahar-koleksiyonu1-570x760.jpg\",\"datePublished\":\"2011-08-08T11:31:46+00:00\",\"dateModified\":\"2011-08-08T11:31:46+00:00\",\"author\":{\"@id\":\"https:\/\/www.alisveriskulupleri.com\/blog\/#\/schema\/person\/1e720746ccc4457a55d6c121a8e60ad5\"},\"breadcrumb\":{\"@id\":\"https:\/\/www.alisveriskulupleri.com\/blog\/zara-2011-sonbahar-koleksiyonu.html#breadcrumb\"},\"inLanguage\":\"tr\",\"potentialAction\":[{\"@type\":\"ReadAction\",\"target\":[\"https:\/\/www.alisveriskulupleri.com\/blog\/zara-2011-sonbahar-koleksiyonu.html\"]}]},{\"@type\":\"ImageObject\",\"inLanguage\":\"tr\",\"@id\":\"https:\/\/www.alisveriskulupleri.com\/blog\/zara-2011-sonbahar-koleksiyonu.html#primaryimage\",\"url\":\"https:\/\/www.alisveriskulupleri.com\/blog\/uploads\/2011\/08\/zara-2011-sonbahar-koleksiyonu1.jpg\",\"contentUrl\":\"https:\/\/www.alisveriskulupleri.com\/blog\/uploads\/2011\/08\/zara-2011-sonbahar-koleksiyonu1.jpg\",\"width\":\"800\",\"height\":\"1068\",\"caption\":\"Zara 2011 sonbahar koleksiyonu\"},{\"@type\":\"BreadcrumbList\",\"@id\":\"https:\/\/www.alisveriskulupleri.com\/blog\/zara-2011-sonbahar-koleksiyonu.html#breadcrumb\",\"itemListElement\":[{\"@type\":\"ListItem\",\"position\":1,\"name\":\"Ana sayfa\",\"item\":\"https:\/\/www.alisveriskulupleri.com\/blog\/\"},{\"@type\":\"ListItem\",\"position\":2,\"name\":\"Zara 2011 sonbahar koleksiyonu\"}]},{\"@type\":\"WebSite\",\"@id\":\"https:\/\/www.alisveriskulupleri.com\/blog\/#website\",\"url\":\"https:\/\/www.alisveriskulupleri.com\/blog\/\",\"name\":\"Al\u0131\u015fveri\u015f Kul\u00fcpleri\",\"description\":\"\",\"potentialAction\":[{\"@type\":\"SearchAction\",\"target\":{\"@type\":\"EntryPoint\",\"urlTemplate\":\"https:\/\/www.alisveriskulupleri.com\/blog\/?s={search_term_string}\"},\"query-input\":{\"@type\":\"PropertyValueSpecification\",\"valueRequired\":true,\"valueName\":\"search_term_string\"}}],\"inLanguage\":\"tr\"},{\"@type\":\"Person\",\"@id\":\"https:\/\/www.alisveriskulupleri.com\/blog\/#\/schema\/person\/1e720746ccc4457a55d6c121a8e60ad5\",\"name\":\"Meltem \u015eafak\",\"image\":{\"@type\":\"ImageObject\",\"inLanguage\":\"tr\",\"@id\":\"https:\/\/www.alisveriskulupleri.com\/blog\/#\/schema\/person\/image\/\",\"url\":\"https:\/\/secure.gravatar.com\/avatar\/61ceafb22dfb2a2257ff39bbf99edb74?s=96&d=mm&r=g\",\"contentUrl\":\"https:\/\/secure.gravatar.com\/avatar\/61ceafb22dfb2a2257ff39bbf99edb74?s=96&d=mm&r=g\",\"caption\":\"Meltem \u015eafak\"},\"description\":\"Anadolu \u00dcniversitesi Reklamc\u0131l\u0131k &amp; Halkla \u0130li\u015fkiler mezunu, evli ve 2 kedi annesi bir edit\u00f6r\u00fcm:) Kozmetik, moda ve al\u0131\u015fveri\u015f tutkunuyum! Merakl\u0131 bir Ko\u00e7 burcu olarak g\u00fcndemi takip etmek ve en ilgin\u00e7 ipu\u00e7lar\u0131n\u0131 bulup payla\u015fmak benim i\u00e7in bir hobi. E\u011flenceli ve aa aa! dedirten \u015feyler okumak i\u00e7in beni takip edin!\",\"sameAs\":[\"https:\/\/x.com\/http:\/\/twitter.com\/#!\/pisijane\"],\"url\":\"https:\/\/www.alisveriskulupleri.com\/blog\/author\/meltem\"}]}<\/script>\n<!-- \/ Yoast SEO plugin. -->","yoast_head_json":{"title":"Zara 2011 sonbahar koleksiyonu - Al\u0131\u015fveri\u015f Kul\u00fcpleri","robots":{"index":"index","follow":"follow","max-snippet":"max-snippet:-1","max-image-preview":"max-image-preview:large","max-video-preview":"max-video-preview:-1"},"canonical":"https:\/\/www.alisveriskulupleri.com\/blog\/zara-2011-sonbahar-koleksiyonu.html","og_locale":"tr_TR","og_type":"article","og_title":"Zara 2011 sonbahar koleksiyonu - Al\u0131\u015fveri\u015f Kul\u00fcpleri","og_description":"Parlak renklerin koyu tonlarla dans\u0131! Zara 2011 sonbahar koleksiyonuna, genel olarak koyu renkler ve mask\u00fclen bir stil h\u00e2kim. Ancak koleksiyonun Zara TRF b\u00f6l\u00fcm\u00fc tam bir istisna! 1960\u2019l\u0131 y\u0131llar\u0131n yumu\u015fak ve feminen tarz\u0131n\u0131, parlak renklerle birle\u015ftiren [...] Read More","og_url":"https:\/\/www.alisveriskulupleri.com\/blog\/zara-2011-sonbahar-koleksiyonu.html","og_site_name":"Al\u0131\u015fveri\u015f Kul\u00fcpleri","article_publisher":"https:\/\/www.facebook.com\/alisveriskulupleri","article_published_time":"2011-08-08T11:31:46+00:00","og_image":[{"url":"https:\/\/www.alisveriskulupleri.com\/blog\/uploads\/2011\/08\/zara-2011-sonbahar-koleksiyonu1-570x760.jpg","type":"","width":"","height":""}],"author":"Meltem \u015eafak","twitter_card":"summary_large_image","twitter_creator":"@http:\/\/twitter.com\/#!\/pisijane","twitter_site":"@akulupleri","twitter_misc":{"Yazan:":"Meltem \u015eafak","Tahmini okuma s\u00fcresi":"1 dakika"},"schema":{"@context":"https:\/\/schema.org","@graph":[{"@type":"WebPage","@id":"https:\/\/www.alisveriskulupleri.com\/blog\/zara-2011-sonbahar-koleksiyonu.html","url":"https:\/\/www.alisveriskulupleri.com\/blog\/zara-2011-sonbahar-koleksiyonu.html","name":"Zara 2011 sonbahar koleksiyonu - Al\u0131\u015fveri\u015f Kul\u00fcpleri","isPartOf":{"@id":"https:\/\/www.alisveriskulupleri.com\/blog\/#website"},"primaryImageOfPage":{"@id":"https:\/\/www.alisveriskulupleri.com\/blog\/zara-2011-sonbahar-koleksiyonu.html#primaryimage"},"image":{"@id":"https:\/\/www.alisveriskulupleri.com\/blog\/zara-2011-sonbahar-koleksiyonu.html#primaryimage"},"thumbnailUrl":"https:\/\/www.alisveriskulupleri.com\/blog\/uploads\/2011\/08\/zara-2011-sonbahar-koleksiyonu1-570x760.jpg","datePublished":"2011-08-08T11:31:46+00:00","dateModified":"2011-08-08T11:31:46+00:00","author":{"@id":"https:\/\/www.alisveriskulupleri.com\/blog\/#\/schema\/person\/1e720746ccc4457a55d6c121a8e60ad5"},"breadcrumb":{"@id":"https:\/\/www.alisveriskulupleri.com\/blog\/zara-2011-sonbahar-koleksiyonu.html#breadcrumb"},"inLanguage":"tr","potentialAction":[{"@type":"ReadAction","target":["https:\/\/www.alisveriskulupleri.com\/blog\/zara-2011-sonbahar-koleksiyonu.html"]}]},{"@type":"ImageObject","inLanguage":"tr","@id":"https:\/\/www.alisveriskulupleri.com\/blog\/zara-2011-sonbahar-koleksiyonu.html#primaryimage","url":"https:\/\/www.alisveriskulupleri.com\/blog\/uploads\/2011\/08\/zara-2011-sonbahar-koleksiyonu1.jpg","contentUrl":"https:\/\/www.alisveriskulupleri.com\/blog\/uploads\/2011\/08\/zara-2011-sonbahar-koleksiyonu1.jpg","width":"800","height":"1068","caption":"Zara 2011 sonbahar koleksiyonu"},{"@type":"BreadcrumbList","@id":"https:\/\/www.alisveriskulupleri.com\/blog\/zara-2011-sonbahar-koleksiyonu.html#breadcrumb","itemListElement":[{"@type":"ListItem","position":1,"name":"Ana sayfa","item":"https:\/\/www.alisveriskulupleri.com\/blog\/"},{"@type":"ListItem","position":2,"name":"Zara 2011 sonbahar koleksiyonu"}]},{"@type":"WebSite","@id":"https:\/\/www.alisveriskulupleri.com\/blog\/#website","url":"https:\/\/www.alisveriskulupleri.com\/blog\/","name":"Al\u0131\u015fveri\u015f Kul\u00fcpleri","description":"","potentialAction":[{"@type":"SearchAction","target":{"@type":"EntryPoint","urlTemplate":"https:\/\/www.alisveriskulupleri.com\/blog\/?s={search_term_string}"},"query-input":{"@type":"PropertyValueSpecification","valueRequired":true,"valueName":"search_term_string"}}],"inLanguage":"tr"},{"@type":"Person","@id":"https:\/\/www.alisveriskulupleri.com\/blog\/#\/schema\/person\/1e720746ccc4457a55d6c121a8e60ad5","name":"Meltem \u015eafak","image":{"@type":"ImageObject","inLanguage":"tr","@id":"https:\/\/www.alisveriskulupleri.com\/blog\/#\/schema\/person\/image\/","url":"https:\/\/secure.gravatar.com\/avatar\/61ceafb22dfb2a2257ff39bbf99edb74?s=96&d=mm&r=g","contentUrl":"https:\/\/secure.gravatar.com\/avatar\/61ceafb22dfb2a2257ff39bbf99edb74?s=96&d=mm&r=g","caption":"Meltem \u015eafak"},"description":"Anadolu \u00dcniversitesi Reklamc\u0131l\u0131k &amp; Halkla \u0130li\u015fkiler mezunu, evli ve 2 kedi annesi bir edit\u00f6r\u00fcm:) Kozmetik, moda ve al\u0131\u015fveri\u015f tutkunuyum! Merakl\u0131 bir Ko\u00e7 burcu olarak g\u00fcndemi takip etmek ve en ilgin\u00e7 ipu\u00e7lar\u0131n\u0131 bulup payla\u015fmak benim i\u00e7in bir hobi. E\u011flenceli ve aa aa! dedirten \u015feyler okumak i\u00e7in beni takip edin!","sameAs":["https:\/\/x.com\/http:\/\/twitter.com\/#!\/pisijane"],"url":"https:\/\/www.alisveriskulupleri.com\/blog\/author\/meltem"}]}},"_links":{"self":[{"href":"https:\/\/www.alisveriskulupleri.com\/blog\/wp-json\/wp\/v2\/posts\/7909","targetHints":{"allow":["GET"]}}],"collection":[{"href":"https:\/\/www.alisveriskulupleri.com\/blog\/wp-json\/wp\/v2\/posts"}],"about":[{"href":"https:\/\/www.alisveriskulupleri.com\/blog\/wp-json\/wp\/v2\/types\/post"}],"author":[{"embeddable":true,"href":"https:\/\/www.alisveriskulupleri.com\/blog\/wp-json\/wp\/v2\/users\/9"}],"replies":[{"embeddable":true,"href":"https:\/\/www.alisveriskulupleri.com\/blog\/wp-json\/wp\/v2\/comments?post=7909"}],"version-history":[{"count":9,"href":"https:\/\/www.alisveriskulupleri.com\/blog\/wp-json\/wp\/v2\/posts\/7909\/revisions"}],"predecessor-version":[{"id":8045,"href":"https:\/\/www.alisveriskulupleri.com\/blog\/wp-json\/wp\/v2\/posts\/7909\/revisions\/8045"}],"wp:attachment":[{"href":"https:\/\/www.alisveriskulupleri.com\/blog\/wp-json\/wp\/v2\/media?parent=7909"}],"wp:term":[{"taxonomy":"category","embeddable":true,"href":"https:\/\/www.alisveriskulupleri.com\/blog\/wp-json\/wp\/v2\/categories?post=7909"},{"taxonomy":"post_tag","embeddable":true,"href":"https:\/\/www.alisveriskulupleri.com\/blog\/wp-json\/wp\/v2\/tags?post=7909"}],"curies":[{"name":"wp","href":"https:\/\/api.w.org\/{rel}","templated":true}]}}