{"id":7401,"date":"2011-07-29T10:53:25","date_gmt":"2011-07-29T08:53:25","guid":{"rendered":"https:\/\/www.alisveriskulupleri.com\/blog\/?p=7401"},"modified":"2011-07-29T10:53:25","modified_gmt":"2011-07-29T08:53:25","slug":"armani-prive-2011-2012-haute-couture-koleksiyonu","status":"publish","type":"post","link":"https:\/\/www.alisveriskulupleri.com\/blog\/armani-prive-2011-2012-haute-couture-koleksiyonu.html","title":{"rendered":"Armani Priv\u00e8 2011-2012 Haute Couture koleksiyonu"},"content":{"rendered":"<p><a href=\"https:\/\/www.alisveriskulupleri.com\/blog\/uploads\/2011\/07\/armani-prive-2011-2012-sonbahar-kis-haute-couture-koleksiyonu1.jpg\"><img loading=\"lazy\" decoding=\"async\" src=\"https:\/\/www.alisveriskulupleri.com\/blog\/uploads\/2011\/07\/armani-prive-2011-2012-sonbahar-kis-haute-couture-koleksiyonu1-570x854.jpg\" alt=\"\" width=\"570\" height=\"854\" class=\"aligncenter size-medium wp-image-7402\" srcset=\"https:\/\/www.alisveriskulupleri.com\/blog\/uploads\/2011\/07\/armani-prive-2011-2012-sonbahar-kis-haute-couture-koleksiyonu1-570x854.jpg 570w, https:\/\/www.alisveriskulupleri.com\/blog\/uploads\/2011\/07\/armani-prive-2011-2012-sonbahar-kis-haute-couture-koleksiyonu1.jpg 683w\" sizes=\"auto, (max-width: 570px) 100vw, 570px\" \/><\/a><\/p>\n<h3>Reng\u00e2renk giydirilmi\u015f mankenleriyle Armani Priv\u00e8 defilesi, Paris Haute Couture Moda Haftas\u0131 kat\u0131l\u0131mc\u0131lar\u0131 \u00fczerinde canland\u0131r\u0131c\u0131 bir etki yaratt\u0131!<\/h3>\n<p>Paris Haute Couture Moda Haftas\u0131 kapsam\u0131nda Chaillot Saray\u0131\u2019nda muhte\u015fem bir defileye imza atan Armani Priv\u00e8, 2011 \u2013 2012 sonbahar &amp; k\u0131\u015f Haute Couture koleksiyonunu tan\u0131tt\u0131. <\/p>\n<p>Armani\u2019nin, genel olarak t\u00fcm koleksiyonlar\u0131nda oldu\u011fu gibi bunda da kad\u0131nlar\u0131 sofistike, elegan ve bunun yan\u0131 s\u0131ra bir o kadar da renkli bir bi\u00e7imde ele ald\u0131\u011f\u0131 g\u00f6r\u00fcld\u00fc. <\/p>\n<p>Armani Priv\u00e8 defilesinde en \u00f6ne \u00e7\u0131kan renk; a\u00e7\u0131k \u015feftaliden parlak portakal rengine kadar t\u00fcm tonlar\u0131yla birlikte turuncuydu. <\/p>\n<p>Japon gey\u015falar\u0131ndan ilham al\u0131narak tasarlanan kiraz a\u011fac\u0131 desenli kimono stilindeki gece k\u0131yafetleri, bu koleksiyonun en iddial\u0131 par\u00e7alar\u0131 aras\u0131nda yer ald\u0131.<\/p>\n<p><a href=\"https:\/\/www.alisveriskulupleri.com\/blog\/uploads\/2011\/07\/armani-prive-2011-2012-sonbahar-kis-haute-couture-koleksiyonu2.jpg\"><img loading=\"lazy\" decoding=\"async\" src=\"https:\/\/www.alisveriskulupleri.com\/blog\/uploads\/2011\/07\/armani-prive-2011-2012-sonbahar-kis-haute-couture-koleksiyonu2-570x854.jpg\" alt=\"\" width=\"570\" height=\"854\" class=\"aligncenter size-medium wp-image-7404\" srcset=\"https:\/\/www.alisveriskulupleri.com\/blog\/uploads\/2011\/07\/armani-prive-2011-2012-sonbahar-kis-haute-couture-koleksiyonu2-570x854.jpg 570w, https:\/\/www.alisveriskulupleri.com\/blog\/uploads\/2011\/07\/armani-prive-2011-2012-sonbahar-kis-haute-couture-koleksiyonu2.jpg 683w\" sizes=\"auto, (max-width: 570px) 100vw, 570px\" \/><\/a><br \/>\n<a href=\"https:\/\/www.alisveriskulupleri.com\/blog\/uploads\/2011\/07\/armani-prive-2011-2012-sonbahar-kis-haute-couture-koleksiyonu3.jpg\"><img loading=\"lazy\" decoding=\"async\" src=\"https:\/\/www.alisveriskulupleri.com\/blog\/uploads\/2011\/07\/armani-prive-2011-2012-sonbahar-kis-haute-couture-koleksiyonu3-570x854.jpg\" alt=\"\" width=\"570\" height=\"854\" class=\"aligncenter size-medium wp-image-7405\" srcset=\"https:\/\/www.alisveriskulupleri.com\/blog\/uploads\/2011\/07\/armani-prive-2011-2012-sonbahar-kis-haute-couture-koleksiyonu3-570x854.jpg 570w, https:\/\/www.alisveriskulupleri.com\/blog\/uploads\/2011\/07\/armani-prive-2011-2012-sonbahar-kis-haute-couture-koleksiyonu3.jpg 683w\" sizes=\"auto, (max-width: 570px) 100vw, 570px\" \/><\/a><br \/>\n<a href=\"https:\/\/www.alisveriskulupleri.com\/blog\/uploads\/2011\/07\/armani-prive-2011-2012-sonbahar-kis-haute-couture-koleksiyonu4.jpg\"><img loading=\"lazy\" decoding=\"async\" src=\"https:\/\/www.alisveriskulupleri.com\/blog\/uploads\/2011\/07\/armani-prive-2011-2012-sonbahar-kis-haute-couture-koleksiyonu4-570x854.jpg\" alt=\"\" width=\"570\" height=\"854\" class=\"aligncenter size-medium wp-image-7406\" srcset=\"https:\/\/www.alisveriskulupleri.com\/blog\/uploads\/2011\/07\/armani-prive-2011-2012-sonbahar-kis-haute-couture-koleksiyonu4-570x854.jpg 570w, https:\/\/www.alisveriskulupleri.com\/blog\/uploads\/2011\/07\/armani-prive-2011-2012-sonbahar-kis-haute-couture-koleksiyonu4.jpg 683w\" sizes=\"auto, (max-width: 570px) 100vw, 570px\" \/><\/a><br \/>\n<a href=\"https:\/\/www.alisveriskulupleri.com\/blog\/uploads\/2011\/07\/armani-prive-2011-2012-sonbahar-kis-haute-couture-koleksiyonu5.jpg\"><img loading=\"lazy\" decoding=\"async\" src=\"https:\/\/www.alisveriskulupleri.com\/blog\/uploads\/2011\/07\/armani-prive-2011-2012-sonbahar-kis-haute-couture-koleksiyonu5-570x854.jpg\" alt=\"\" width=\"570\" height=\"854\" class=\"aligncenter size-medium wp-image-7407\" srcset=\"https:\/\/www.alisveriskulupleri.com\/blog\/uploads\/2011\/07\/armani-prive-2011-2012-sonbahar-kis-haute-couture-koleksiyonu5-570x854.jpg 570w, https:\/\/www.alisveriskulupleri.com\/blog\/uploads\/2011\/07\/armani-prive-2011-2012-sonbahar-kis-haute-couture-koleksiyonu5.jpg 683w\" sizes=\"auto, (max-width: 570px) 100vw, 570px\" \/><\/a><br \/>\n<a href=\"https:\/\/www.alisveriskulupleri.com\/blog\/uploads\/2011\/07\/armani-prive-2011-2012-sonbahar-kis-haute-couture-koleksiyonu6.jpg\"><img loading=\"lazy\" decoding=\"async\" src=\"https:\/\/www.alisveriskulupleri.com\/blog\/uploads\/2011\/07\/armani-prive-2011-2012-sonbahar-kis-haute-couture-koleksiyonu6-570x854.jpg\" alt=\"\" width=\"570\" height=\"854\" class=\"aligncenter size-medium wp-image-7408\" srcset=\"https:\/\/www.alisveriskulupleri.com\/blog\/uploads\/2011\/07\/armani-prive-2011-2012-sonbahar-kis-haute-couture-koleksiyonu6-570x854.jpg 570w, https:\/\/www.alisveriskulupleri.com\/blog\/uploads\/2011\/07\/armani-prive-2011-2012-sonbahar-kis-haute-couture-koleksiyonu6.jpg 683w\" sizes=\"auto, (max-width: 570px) 100vw, 570px\" \/><\/a><br \/>\n<a href=\"https:\/\/www.alisveriskulupleri.com\/blog\/uploads\/2011\/07\/armani-prive-2011-2012-sonbahar-kis-haute-couture-koleksiyonu7.jpg\"><img loading=\"lazy\" decoding=\"async\" src=\"https:\/\/www.alisveriskulupleri.com\/blog\/uploads\/2011\/07\/armani-prive-2011-2012-sonbahar-kis-haute-couture-koleksiyonu7-570x854.jpg\" alt=\"\" width=\"570\" height=\"854\" class=\"aligncenter size-medium wp-image-7409\" srcset=\"https:\/\/www.alisveriskulupleri.com\/blog\/uploads\/2011\/07\/armani-prive-2011-2012-sonbahar-kis-haute-couture-koleksiyonu7-570x854.jpg 570w, https:\/\/www.alisveriskulupleri.com\/blog\/uploads\/2011\/07\/armani-prive-2011-2012-sonbahar-kis-haute-couture-koleksiyonu7.jpg 683w\" sizes=\"auto, (max-width: 570px) 100vw, 570px\" \/><\/a><br \/>\n<a href=\"https:\/\/www.alisveriskulupleri.com\/blog\/uploads\/2011\/07\/armani-prive-2011-2012-sonbahar-kis-haute-couture-koleksiyonu8.jpg\"><img loading=\"lazy\" decoding=\"async\" src=\"https:\/\/www.alisveriskulupleri.com\/blog\/uploads\/2011\/07\/armani-prive-2011-2012-sonbahar-kis-haute-couture-koleksiyonu8-570x854.jpg\" alt=\"\" width=\"570\" height=\"854\" class=\"aligncenter size-medium wp-image-7410\" srcset=\"https:\/\/www.alisveriskulupleri.com\/blog\/uploads\/2011\/07\/armani-prive-2011-2012-sonbahar-kis-haute-couture-koleksiyonu8-570x854.jpg 570w, https:\/\/www.alisveriskulupleri.com\/blog\/uploads\/2011\/07\/armani-prive-2011-2012-sonbahar-kis-haute-couture-koleksiyonu8.jpg 683w\" sizes=\"auto, (max-width: 570px) 100vw, 570px\" \/><\/a><br \/>\n<a href=\"https:\/\/www.alisveriskulupleri.com\/blog\/uploads\/2011\/07\/armani-prive-2011-2012-sonbahar-kis-haute-couture-koleksiyonu9.jpg\"><img loading=\"lazy\" decoding=\"async\" src=\"https:\/\/www.alisveriskulupleri.com\/blog\/uploads\/2011\/07\/armani-prive-2011-2012-sonbahar-kis-haute-couture-koleksiyonu9-570x854.jpg\" alt=\"\" width=\"570\" height=\"854\" class=\"aligncenter size-medium wp-image-7411\" srcset=\"https:\/\/www.alisveriskulupleri.com\/blog\/uploads\/2011\/07\/armani-prive-2011-2012-sonbahar-kis-haute-couture-koleksiyonu9-570x854.jpg 570w, https:\/\/www.alisveriskulupleri.com\/blog\/uploads\/2011\/07\/armani-prive-2011-2012-sonbahar-kis-haute-couture-koleksiyonu9.jpg 683w\" sizes=\"auto, (max-width: 570px) 100vw, 570px\" \/><\/a><br \/>\n<a href=\"https:\/\/www.alisveriskulupleri.com\/blog\/uploads\/2011\/07\/armani-prive-2011-2012-sonbahar-kis-haute-couture-koleksiyonu10.jpg\"><img loading=\"lazy\" decoding=\"async\" src=\"https:\/\/www.alisveriskulupleri.com\/blog\/uploads\/2011\/07\/armani-prive-2011-2012-sonbahar-kis-haute-couture-koleksiyonu10-570x854.jpg\" alt=\"\" width=\"570\" height=\"854\" class=\"aligncenter size-medium wp-image-7412\" srcset=\"https:\/\/www.alisveriskulupleri.com\/blog\/uploads\/2011\/07\/armani-prive-2011-2012-sonbahar-kis-haute-couture-koleksiyonu10-570x854.jpg 570w, https:\/\/www.alisveriskulupleri.com\/blog\/uploads\/2011\/07\/armani-prive-2011-2012-sonbahar-kis-haute-couture-koleksiyonu10.jpg 683w\" sizes=\"auto, (max-width: 570px) 100vw, 570px\" \/><\/a><br \/>\n<a href=\"https:\/\/www.alisveriskulupleri.com\/blog\/uploads\/2011\/07\/armani-prive-2011-2012-sonbahar-kis-haute-couture-koleksiyonu11.jpg\"><img loading=\"lazy\" decoding=\"async\" src=\"https:\/\/www.alisveriskulupleri.com\/blog\/uploads\/2011\/07\/armani-prive-2011-2012-sonbahar-kis-haute-couture-koleksiyonu11-570x854.jpg\" alt=\"\" width=\"570\" height=\"854\" class=\"aligncenter size-medium wp-image-7413\" srcset=\"https:\/\/www.alisveriskulupleri.com\/blog\/uploads\/2011\/07\/armani-prive-2011-2012-sonbahar-kis-haute-couture-koleksiyonu11-570x854.jpg 570w, https:\/\/www.alisveriskulupleri.com\/blog\/uploads\/2011\/07\/armani-prive-2011-2012-sonbahar-kis-haute-couture-koleksiyonu11.jpg 683w\" sizes=\"auto, (max-width: 570px) 100vw, 570px\" \/><\/a><br \/>\n<a href=\"https:\/\/www.alisveriskulupleri.com\/blog\/uploads\/2011\/07\/armani-prive-2011-2012-sonbahar-kis-haute-couture-koleksiyonu12.jpg\"><img loading=\"lazy\" decoding=\"async\" src=\"https:\/\/www.alisveriskulupleri.com\/blog\/uploads\/2011\/07\/armani-prive-2011-2012-sonbahar-kis-haute-couture-koleksiyonu12-570x854.jpg\" alt=\"\" width=\"570\" height=\"854\" class=\"aligncenter size-medium wp-image-7414\" srcset=\"https:\/\/www.alisveriskulupleri.com\/blog\/uploads\/2011\/07\/armani-prive-2011-2012-sonbahar-kis-haute-couture-koleksiyonu12-570x854.jpg 570w, https:\/\/www.alisveriskulupleri.com\/blog\/uploads\/2011\/07\/armani-prive-2011-2012-sonbahar-kis-haute-couture-koleksiyonu12.jpg 683w\" sizes=\"auto, (max-width: 570px) 100vw, 570px\" \/><\/a><br \/>\n<a href=\"https:\/\/www.alisveriskulupleri.com\/blog\/uploads\/2011\/07\/armani-prive-2011-2012-sonbahar-kis-haute-couture-koleksiyonu13.jpg\"><img loading=\"lazy\" decoding=\"async\" src=\"https:\/\/www.alisveriskulupleri.com\/blog\/uploads\/2011\/07\/armani-prive-2011-2012-sonbahar-kis-haute-couture-koleksiyonu13-570x854.jpg\" alt=\"\" width=\"570\" height=\"854\" class=\"aligncenter size-medium wp-image-7403\" srcset=\"https:\/\/www.alisveriskulupleri.com\/blog\/uploads\/2011\/07\/armani-prive-2011-2012-sonbahar-kis-haute-couture-koleksiyonu13-570x854.jpg 570w, https:\/\/www.alisveriskulupleri.com\/blog\/uploads\/2011\/07\/armani-prive-2011-2012-sonbahar-kis-haute-couture-koleksiyonu13.jpg 683w\" sizes=\"auto, (max-width: 570px) 100vw, 570px\" \/><\/a><br \/>\n<a href=\"https:\/\/www.alisveriskulupleri.com\/blog\/uploads\/2011\/07\/armani-prive-2011-2012-sonbahar-kis-haute-couture-koleksiyonu14.jpg\"><img loading=\"lazy\" decoding=\"async\" src=\"https:\/\/www.alisveriskulupleri.com\/blog\/uploads\/2011\/07\/armani-prive-2011-2012-sonbahar-kis-haute-couture-koleksiyonu14-570x854.jpg\" alt=\"\" width=\"570\" height=\"854\" class=\"aligncenter size-medium wp-image-7416\" srcset=\"https:\/\/www.alisveriskulupleri.com\/blog\/uploads\/2011\/07\/armani-prive-2011-2012-sonbahar-kis-haute-couture-koleksiyonu14-570x854.jpg 570w, https:\/\/www.alisveriskulupleri.com\/blog\/uploads\/2011\/07\/armani-prive-2011-2012-sonbahar-kis-haute-couture-koleksiyonu14.jpg 683w\" sizes=\"auto, (max-width: 570px) 100vw, 570px\" \/><\/a><br \/>\n<a href=\"https:\/\/www.alisveriskulupleri.com\/blog\/uploads\/2011\/07\/armani-prive-2011-2012-sonbahar-kis-haute-couture-koleksiyonu15.jpg\"><img loading=\"lazy\" decoding=\"async\" src=\"https:\/\/www.alisveriskulupleri.com\/blog\/uploads\/2011\/07\/armani-prive-2011-2012-sonbahar-kis-haute-couture-koleksiyonu15-570x854.jpg\" alt=\"\" width=\"570\" height=\"854\" class=\"aligncenter size-medium wp-image-7417\" srcset=\"https:\/\/www.alisveriskulupleri.com\/blog\/uploads\/2011\/07\/armani-prive-2011-2012-sonbahar-kis-haute-couture-koleksiyonu15-570x854.jpg 570w, https:\/\/www.alisveriskulupleri.com\/blog\/uploads\/2011\/07\/armani-prive-2011-2012-sonbahar-kis-haute-couture-koleksiyonu15.jpg 683w\" sizes=\"auto, (max-width: 570px) 100vw, 570px\" \/><\/a><br \/>\n<a href=\"https:\/\/www.alisveriskulupleri.com\/blog\/uploads\/2011\/07\/armani-prive-2011-2012-sonbahar-kis-haute-couture-koleksiyonu16.jpg\"><img loading=\"lazy\" decoding=\"async\" src=\"https:\/\/www.alisveriskulupleri.com\/blog\/uploads\/2011\/07\/armani-prive-2011-2012-sonbahar-kis-haute-couture-koleksiyonu16-570x854.jpg\" alt=\"\" width=\"570\" height=\"854\" class=\"aligncenter size-medium wp-image-7418\" srcset=\"https:\/\/www.alisveriskulupleri.com\/blog\/uploads\/2011\/07\/armani-prive-2011-2012-sonbahar-kis-haute-couture-koleksiyonu16-570x854.jpg 570w, https:\/\/www.alisveriskulupleri.com\/blog\/uploads\/2011\/07\/armani-prive-2011-2012-sonbahar-kis-haute-couture-koleksiyonu16.jpg 683w\" sizes=\"auto, (max-width: 570px) 100vw, 570px\" \/><\/a><br \/>\n<a href=\"https:\/\/www.alisveriskulupleri.com\/blog\/uploads\/2011\/07\/armani-prive-2011-2012-sonbahar-kis-haute-couture-koleksiyonu17.jpg\"><img loading=\"lazy\" decoding=\"async\" src=\"https:\/\/www.alisveriskulupleri.com\/blog\/uploads\/2011\/07\/armani-prive-2011-2012-sonbahar-kis-haute-couture-koleksiyonu17-570x854.jpg\" alt=\"\" width=\"570\" height=\"854\" class=\"aligncenter size-medium wp-image-7419\" srcset=\"https:\/\/www.alisveriskulupleri.com\/blog\/uploads\/2011\/07\/armani-prive-2011-2012-sonbahar-kis-haute-couture-koleksiyonu17-570x854.jpg 570w, https:\/\/www.alisveriskulupleri.com\/blog\/uploads\/2011\/07\/armani-prive-2011-2012-sonbahar-kis-haute-couture-koleksiyonu17.jpg 683w\" sizes=\"auto, (max-width: 570px) 100vw, 570px\" \/><\/a><br \/>\n<a href=\"https:\/\/www.alisveriskulupleri.com\/blog\/uploads\/2011\/07\/armani-prive-2011-2012-sonbahar-kis-haute-couture-koleksiyonu18.jpg\"><img loading=\"lazy\" decoding=\"async\" src=\"https:\/\/www.alisveriskulupleri.com\/blog\/uploads\/2011\/07\/armani-prive-2011-2012-sonbahar-kis-haute-couture-koleksiyonu18-570x854.jpg\" alt=\"\" width=\"570\" height=\"854\" class=\"aligncenter size-medium wp-image-7420\" srcset=\"https:\/\/www.alisveriskulupleri.com\/blog\/uploads\/2011\/07\/armani-prive-2011-2012-sonbahar-kis-haute-couture-koleksiyonu18-570x854.jpg 570w, https:\/\/www.alisveriskulupleri.com\/blog\/uploads\/2011\/07\/armani-prive-2011-2012-sonbahar-kis-haute-couture-koleksiyonu18.jpg 683w\" sizes=\"auto, (max-width: 570px) 100vw, 570px\" \/><\/a><br \/>\n<a href=\"https:\/\/www.alisveriskulupleri.com\/blog\/uploads\/2011\/07\/armani-prive-2011-2012-sonbahar-kis-haute-couture-koleksiyonu19.jpg\"><img loading=\"lazy\" decoding=\"async\" src=\"https:\/\/www.alisveriskulupleri.com\/blog\/uploads\/2011\/07\/armani-prive-2011-2012-sonbahar-kis-haute-couture-koleksiyonu19-570x854.jpg\" alt=\"\" width=\"570\" height=\"854\" class=\"aligncenter size-medium wp-image-7421\" srcset=\"https:\/\/www.alisveriskulupleri.com\/blog\/uploads\/2011\/07\/armani-prive-2011-2012-sonbahar-kis-haute-couture-koleksiyonu19-570x854.jpg 570w, https:\/\/www.alisveriskulupleri.com\/blog\/uploads\/2011\/07\/armani-prive-2011-2012-sonbahar-kis-haute-couture-koleksiyonu19.jpg 683w\" sizes=\"auto, (max-width: 570px) 100vw, 570px\" \/><\/a><br \/>\n<a href=\"https:\/\/www.alisveriskulupleri.com\/blog\/uploads\/2011\/07\/armani-prive-2011-2012-sonbahar-kis-haute-couture-koleksiyonu20.jpg\"><img loading=\"lazy\" decoding=\"async\" src=\"https:\/\/www.alisveriskulupleri.com\/blog\/uploads\/2011\/07\/armani-prive-2011-2012-sonbahar-kis-haute-couture-koleksiyonu20-570x854.jpg\" alt=\"\" width=\"570\" height=\"854\" class=\"aligncenter size-medium wp-image-7422\" srcset=\"https:\/\/www.alisveriskulupleri.com\/blog\/uploads\/2011\/07\/armani-prive-2011-2012-sonbahar-kis-haute-couture-koleksiyonu20-570x854.jpg 570w, https:\/\/www.alisveriskulupleri.com\/blog\/uploads\/2011\/07\/armani-prive-2011-2012-sonbahar-kis-haute-couture-koleksiyonu20.jpg 683w\" sizes=\"auto, (max-width: 570px) 100vw, 570px\" \/><\/a><\/p>\n","protected":false},"excerpt":{"rendered":"<p>Reng\u00e2renk giydirilmi\u015f mankenleriyle Armani Priv\u00e8 defilesi, Paris Haute Couture Moda Haftas\u0131 kat\u0131l\u0131mc\u0131lar\u0131 \u00fczerinde canland\u0131r\u0131c\u0131 bir etki yaratt\u0131! Paris Haute Couture Moda Haftas\u0131 kapsam\u0131nda Chaillot Saray\u0131\u2019nda muhte\u015fem bir defileye imza atan Armani Priv\u00e8, 2011 \u2013 2012<span class=\"theme-excerpt-more\"> [&#8230;] <a href=\"https:\/\/www.alisveriskulupleri.com\/blog\/armani-prive-2011-2012-haute-couture-koleksiyonu.html\" title=\"Armani Priv\u00e8 2011-2012 Haute Couture koleksiyonu\">Read More<\/a><\/span><\/p>\n","protected":false},"author":9,"featured_media":0,"comment_status":"open","ping_status":"open","sticky":false,"template":"","format":"standard","meta":{"footnotes":""},"categories":[44,33],"tags":[182,1535,1521,1623,1624,1630,1364,1628,1627,1619,1629,85,1061,1060,1625,1626,130,1084],"class_list":["post-7401","post","type-post","status-publish","format-standard","hentry","category-guncel","category-look-book","tag-182","tag-2011-2012-koleksiyonu","tag-1521","tag-armani","tag-armani-prive","tag-cherry-blossom","tag-desen","tag-geisha","tag-geysa","tag-haute-couture","tag-kiraz-agaci","tag-kis","tag-paris-fashion-week","tag-paris-moda-haftasi","tag-portakal-rengi","tag-seftali-rengi","tag-sonbahar","tag-turuncu"],"yoast_head":"<!-- This site is optimized with the Yoast SEO plugin v24.1 - https:\/\/yoast.com\/wordpress\/plugins\/seo\/ -->\n<title>Armani Priv\u00e8 2011-2012 Haute Couture koleksiyonu - Al\u0131\u015fveri\u015f Kul\u00fcpleri<\/title>\n<meta name=\"robots\" content=\"index, follow, max-snippet:-1, max-image-preview:large, max-video-preview:-1\" \/>\n<link rel=\"canonical\" href=\"https:\/\/www.alisveriskulupleri.com\/blog\/armani-prive-2011-2012-haute-couture-koleksiyonu.html\" \/>\n<meta property=\"og:locale\" content=\"tr_TR\" \/>\n<meta property=\"og:type\" content=\"article\" \/>\n<meta property=\"og:title\" content=\"Armani Priv\u00e8 2011-2012 Haute Couture koleksiyonu - Al\u0131\u015fveri\u015f Kul\u00fcpleri\" \/>\n<meta property=\"og:description\" content=\"Reng\u00e2renk giydirilmi\u015f mankenleriyle Armani Priv\u00e8 defilesi, Paris Haute Couture Moda Haftas\u0131 kat\u0131l\u0131mc\u0131lar\u0131 \u00fczerinde canland\u0131r\u0131c\u0131 bir etki yaratt\u0131! Paris Haute Couture Moda Haftas\u0131 kapsam\u0131nda Chaillot Saray\u0131\u2019nda muhte\u015fem bir defileye imza atan Armani Priv\u00e8, 2011 \u2013 2012 [...] Read More\" \/>\n<meta property=\"og:url\" content=\"https:\/\/www.alisveriskulupleri.com\/blog\/armani-prive-2011-2012-haute-couture-koleksiyonu.html\" \/>\n<meta property=\"og:site_name\" content=\"Al\u0131\u015fveri\u015f Kul\u00fcpleri\" \/>\n<meta property=\"article:publisher\" content=\"https:\/\/www.facebook.com\/alisveriskulupleri\" \/>\n<meta property=\"article:published_time\" content=\"2011-07-29T08:53:25+00:00\" \/>\n<meta property=\"og:image\" content=\"https:\/\/www.alisveriskulupleri.com\/blog\/uploads\/2011\/07\/armani-prive-2011-2012-sonbahar-kis-haute-couture-koleksiyonu1-570x854.jpg\" \/>\n<meta name=\"author\" content=\"Meltem \u015eafak\" \/>\n<meta name=\"twitter:card\" content=\"summary_large_image\" \/>\n<meta name=\"twitter:creator\" content=\"@http:\/\/twitter.com\/#!\/pisijane\" \/>\n<meta name=\"twitter:site\" content=\"@akulupleri\" \/>\n<meta name=\"twitter:label1\" content=\"Yazan:\" \/>\n\t<meta name=\"twitter:data1\" content=\"Meltem \u015eafak\" \/>\n\t<meta name=\"twitter:label2\" content=\"Tahmini okuma s\u00fcresi\" \/>\n\t<meta name=\"twitter:data2\" content=\"1 dakika\" \/>\n<script type=\"application\/ld+json\" class=\"yoast-schema-graph\">{\"@context\":\"https:\/\/schema.org\",\"@graph\":[{\"@type\":\"WebPage\",\"@id\":\"https:\/\/www.alisveriskulupleri.com\/blog\/armani-prive-2011-2012-haute-couture-koleksiyonu.html\",\"url\":\"https:\/\/www.alisveriskulupleri.com\/blog\/armani-prive-2011-2012-haute-couture-koleksiyonu.html\",\"name\":\"Armani Priv\u00e8 2011-2012 Haute Couture koleksiyonu - Al\u0131\u015fveri\u015f Kul\u00fcpleri\",\"isPartOf\":{\"@id\":\"https:\/\/www.alisveriskulupleri.com\/blog\/#website\"},\"primaryImageOfPage\":{\"@id\":\"https:\/\/www.alisveriskulupleri.com\/blog\/armani-prive-2011-2012-haute-couture-koleksiyonu.html#primaryimage\"},\"image\":{\"@id\":\"https:\/\/www.alisveriskulupleri.com\/blog\/armani-prive-2011-2012-haute-couture-koleksiyonu.html#primaryimage\"},\"thumbnailUrl\":\"https:\/\/www.alisveriskulupleri.com\/blog\/uploads\/2011\/07\/armani-prive-2011-2012-sonbahar-kis-haute-couture-koleksiyonu1-570x854.jpg\",\"datePublished\":\"2011-07-29T08:53:25+00:00\",\"dateModified\":\"2011-07-29T08:53:25+00:00\",\"author\":{\"@id\":\"https:\/\/www.alisveriskulupleri.com\/blog\/#\/schema\/person\/1e720746ccc4457a55d6c121a8e60ad5\"},\"breadcrumb\":{\"@id\":\"https:\/\/www.alisveriskulupleri.com\/blog\/armani-prive-2011-2012-haute-couture-koleksiyonu.html#breadcrumb\"},\"inLanguage\":\"tr\",\"potentialAction\":[{\"@type\":\"ReadAction\",\"target\":[\"https:\/\/www.alisveriskulupleri.com\/blog\/armani-prive-2011-2012-haute-couture-koleksiyonu.html\"]}]},{\"@type\":\"ImageObject\",\"inLanguage\":\"tr\",\"@id\":\"https:\/\/www.alisveriskulupleri.com\/blog\/armani-prive-2011-2012-haute-couture-koleksiyonu.html#primaryimage\",\"url\":\"https:\/\/www.alisveriskulupleri.com\/blog\/uploads\/2011\/07\/armani-prive-2011-2012-sonbahar-kis-haute-couture-koleksiyonu1.jpg\",\"contentUrl\":\"https:\/\/www.alisveriskulupleri.com\/blog\/uploads\/2011\/07\/armani-prive-2011-2012-sonbahar-kis-haute-couture-koleksiyonu1.jpg\",\"width\":\"683\",\"height\":\"1024\"},{\"@type\":\"BreadcrumbList\",\"@id\":\"https:\/\/www.alisveriskulupleri.com\/blog\/armani-prive-2011-2012-haute-couture-koleksiyonu.html#breadcrumb\",\"itemListElement\":[{\"@type\":\"ListItem\",\"position\":1,\"name\":\"Ana sayfa\",\"item\":\"https:\/\/www.alisveriskulupleri.com\/blog\/\"},{\"@type\":\"ListItem\",\"position\":2,\"name\":\"Armani Priv\u00e8 2011-2012 Haute Couture koleksiyonu\"}]},{\"@type\":\"WebSite\",\"@id\":\"https:\/\/www.alisveriskulupleri.com\/blog\/#website\",\"url\":\"https:\/\/www.alisveriskulupleri.com\/blog\/\",\"name\":\"Al\u0131\u015fveri\u015f Kul\u00fcpleri\",\"description\":\"\",\"potentialAction\":[{\"@type\":\"SearchAction\",\"target\":{\"@type\":\"EntryPoint\",\"urlTemplate\":\"https:\/\/www.alisveriskulupleri.com\/blog\/?s={search_term_string}\"},\"query-input\":{\"@type\":\"PropertyValueSpecification\",\"valueRequired\":true,\"valueName\":\"search_term_string\"}}],\"inLanguage\":\"tr\"},{\"@type\":\"Person\",\"@id\":\"https:\/\/www.alisveriskulupleri.com\/blog\/#\/schema\/person\/1e720746ccc4457a55d6c121a8e60ad5\",\"name\":\"Meltem \u015eafak\",\"image\":{\"@type\":\"ImageObject\",\"inLanguage\":\"tr\",\"@id\":\"https:\/\/www.alisveriskulupleri.com\/blog\/#\/schema\/person\/image\/\",\"url\":\"https:\/\/secure.gravatar.com\/avatar\/61ceafb22dfb2a2257ff39bbf99edb74?s=96&d=mm&r=g\",\"contentUrl\":\"https:\/\/secure.gravatar.com\/avatar\/61ceafb22dfb2a2257ff39bbf99edb74?s=96&d=mm&r=g\",\"caption\":\"Meltem \u015eafak\"},\"description\":\"Anadolu \u00dcniversitesi Reklamc\u0131l\u0131k &amp; Halkla \u0130li\u015fkiler mezunu, evli ve 2 kedi annesi bir edit\u00f6r\u00fcm:) Kozmetik, moda ve al\u0131\u015fveri\u015f tutkunuyum! Merakl\u0131 bir Ko\u00e7 burcu olarak g\u00fcndemi takip etmek ve en ilgin\u00e7 ipu\u00e7lar\u0131n\u0131 bulup payla\u015fmak benim i\u00e7in bir hobi. E\u011flenceli ve aa aa! dedirten \u015feyler okumak i\u00e7in beni takip edin!\",\"sameAs\":[\"https:\/\/x.com\/http:\/\/twitter.com\/#!\/pisijane\"],\"url\":\"https:\/\/www.alisveriskulupleri.com\/blog\/author\/meltem\"}]}<\/script>\n<!-- \/ Yoast SEO plugin. -->","yoast_head_json":{"title":"Armani Priv\u00e8 2011-2012 Haute Couture koleksiyonu - Al\u0131\u015fveri\u015f Kul\u00fcpleri","robots":{"index":"index","follow":"follow","max-snippet":"max-snippet:-1","max-image-preview":"max-image-preview:large","max-video-preview":"max-video-preview:-1"},"canonical":"https:\/\/www.alisveriskulupleri.com\/blog\/armani-prive-2011-2012-haute-couture-koleksiyonu.html","og_locale":"tr_TR","og_type":"article","og_title":"Armani Priv\u00e8 2011-2012 Haute Couture koleksiyonu - Al\u0131\u015fveri\u015f Kul\u00fcpleri","og_description":"Reng\u00e2renk giydirilmi\u015f mankenleriyle Armani Priv\u00e8 defilesi, Paris Haute Couture Moda Haftas\u0131 kat\u0131l\u0131mc\u0131lar\u0131 \u00fczerinde canland\u0131r\u0131c\u0131 bir etki yaratt\u0131! Paris Haute Couture Moda Haftas\u0131 kapsam\u0131nda Chaillot Saray\u0131\u2019nda muhte\u015fem bir defileye imza atan Armani Priv\u00e8, 2011 \u2013 2012 [...] Read More","og_url":"https:\/\/www.alisveriskulupleri.com\/blog\/armani-prive-2011-2012-haute-couture-koleksiyonu.html","og_site_name":"Al\u0131\u015fveri\u015f Kul\u00fcpleri","article_publisher":"https:\/\/www.facebook.com\/alisveriskulupleri","article_published_time":"2011-07-29T08:53:25+00:00","og_image":[{"url":"https:\/\/www.alisveriskulupleri.com\/blog\/uploads\/2011\/07\/armani-prive-2011-2012-sonbahar-kis-haute-couture-koleksiyonu1-570x854.jpg","type":"","width":"","height":""}],"author":"Meltem \u015eafak","twitter_card":"summary_large_image","twitter_creator":"@http:\/\/twitter.com\/#!\/pisijane","twitter_site":"@akulupleri","twitter_misc":{"Yazan:":"Meltem \u015eafak","Tahmini okuma s\u00fcresi":"1 dakika"},"schema":{"@context":"https:\/\/schema.org","@graph":[{"@type":"WebPage","@id":"https:\/\/www.alisveriskulupleri.com\/blog\/armani-prive-2011-2012-haute-couture-koleksiyonu.html","url":"https:\/\/www.alisveriskulupleri.com\/blog\/armani-prive-2011-2012-haute-couture-koleksiyonu.html","name":"Armani Priv\u00e8 2011-2012 Haute Couture koleksiyonu - Al\u0131\u015fveri\u015f Kul\u00fcpleri","isPartOf":{"@id":"https:\/\/www.alisveriskulupleri.com\/blog\/#website"},"primaryImageOfPage":{"@id":"https:\/\/www.alisveriskulupleri.com\/blog\/armani-prive-2011-2012-haute-couture-koleksiyonu.html#primaryimage"},"image":{"@id":"https:\/\/www.alisveriskulupleri.com\/blog\/armani-prive-2011-2012-haute-couture-koleksiyonu.html#primaryimage"},"thumbnailUrl":"https:\/\/www.alisveriskulupleri.com\/blog\/uploads\/2011\/07\/armani-prive-2011-2012-sonbahar-kis-haute-couture-koleksiyonu1-570x854.jpg","datePublished":"2011-07-29T08:53:25+00:00","dateModified":"2011-07-29T08:53:25+00:00","author":{"@id":"https:\/\/www.alisveriskulupleri.com\/blog\/#\/schema\/person\/1e720746ccc4457a55d6c121a8e60ad5"},"breadcrumb":{"@id":"https:\/\/www.alisveriskulupleri.com\/blog\/armani-prive-2011-2012-haute-couture-koleksiyonu.html#breadcrumb"},"inLanguage":"tr","potentialAction":[{"@type":"ReadAction","target":["https:\/\/www.alisveriskulupleri.com\/blog\/armani-prive-2011-2012-haute-couture-koleksiyonu.html"]}]},{"@type":"ImageObject","inLanguage":"tr","@id":"https:\/\/www.alisveriskulupleri.com\/blog\/armani-prive-2011-2012-haute-couture-koleksiyonu.html#primaryimage","url":"https:\/\/www.alisveriskulupleri.com\/blog\/uploads\/2011\/07\/armani-prive-2011-2012-sonbahar-kis-haute-couture-koleksiyonu1.jpg","contentUrl":"https:\/\/www.alisveriskulupleri.com\/blog\/uploads\/2011\/07\/armani-prive-2011-2012-sonbahar-kis-haute-couture-koleksiyonu1.jpg","width":"683","height":"1024"},{"@type":"BreadcrumbList","@id":"https:\/\/www.alisveriskulupleri.com\/blog\/armani-prive-2011-2012-haute-couture-koleksiyonu.html#breadcrumb","itemListElement":[{"@type":"ListItem","position":1,"name":"Ana sayfa","item":"https:\/\/www.alisveriskulupleri.com\/blog\/"},{"@type":"ListItem","position":2,"name":"Armani Priv\u00e8 2011-2012 Haute Couture koleksiyonu"}]},{"@type":"WebSite","@id":"https:\/\/www.alisveriskulupleri.com\/blog\/#website","url":"https:\/\/www.alisveriskulupleri.com\/blog\/","name":"Al\u0131\u015fveri\u015f Kul\u00fcpleri","description":"","potentialAction":[{"@type":"SearchAction","target":{"@type":"EntryPoint","urlTemplate":"https:\/\/www.alisveriskulupleri.com\/blog\/?s={search_term_string}"},"query-input":{"@type":"PropertyValueSpecification","valueRequired":true,"valueName":"search_term_string"}}],"inLanguage":"tr"},{"@type":"Person","@id":"https:\/\/www.alisveriskulupleri.com\/blog\/#\/schema\/person\/1e720746ccc4457a55d6c121a8e60ad5","name":"Meltem \u015eafak","image":{"@type":"ImageObject","inLanguage":"tr","@id":"https:\/\/www.alisveriskulupleri.com\/blog\/#\/schema\/person\/image\/","url":"https:\/\/secure.gravatar.com\/avatar\/61ceafb22dfb2a2257ff39bbf99edb74?s=96&d=mm&r=g","contentUrl":"https:\/\/secure.gravatar.com\/avatar\/61ceafb22dfb2a2257ff39bbf99edb74?s=96&d=mm&r=g","caption":"Meltem \u015eafak"},"description":"Anadolu \u00dcniversitesi Reklamc\u0131l\u0131k &amp; Halkla \u0130li\u015fkiler mezunu, evli ve 2 kedi annesi bir edit\u00f6r\u00fcm:) Kozmetik, moda ve al\u0131\u015fveri\u015f tutkunuyum! Merakl\u0131 bir Ko\u00e7 burcu olarak g\u00fcndemi takip etmek ve en ilgin\u00e7 ipu\u00e7lar\u0131n\u0131 bulup payla\u015fmak benim i\u00e7in bir hobi. E\u011flenceli ve aa aa! dedirten \u015feyler okumak i\u00e7in beni takip edin!","sameAs":["https:\/\/x.com\/http:\/\/twitter.com\/#!\/pisijane"],"url":"https:\/\/www.alisveriskulupleri.com\/blog\/author\/meltem"}]}},"_links":{"self":[{"href":"https:\/\/www.alisveriskulupleri.com\/blog\/wp-json\/wp\/v2\/posts\/7401","targetHints":{"allow":["GET"]}}],"collection":[{"href":"https:\/\/www.alisveriskulupleri.com\/blog\/wp-json\/wp\/v2\/posts"}],"about":[{"href":"https:\/\/www.alisveriskulupleri.com\/blog\/wp-json\/wp\/v2\/types\/post"}],"author":[{"embeddable":true,"href":"https:\/\/www.alisveriskulupleri.com\/blog\/wp-json\/wp\/v2\/users\/9"}],"replies":[{"embeddable":true,"href":"https:\/\/www.alisveriskulupleri.com\/blog\/wp-json\/wp\/v2\/comments?post=7401"}],"version-history":[{"count":8,"href":"https:\/\/www.alisveriskulupleri.com\/blog\/wp-json\/wp\/v2\/posts\/7401\/revisions"}],"predecessor-version":[{"id":7673,"href":"https:\/\/www.alisveriskulupleri.com\/blog\/wp-json\/wp\/v2\/posts\/7401\/revisions\/7673"}],"wp:attachment":[{"href":"https:\/\/www.alisveriskulupleri.com\/blog\/wp-json\/wp\/v2\/media?parent=7401"}],"wp:term":[{"taxonomy":"category","embeddable":true,"href":"https:\/\/www.alisveriskulupleri.com\/blog\/wp-json\/wp\/v2\/categories?post=7401"},{"taxonomy":"post_tag","embeddable":true,"href":"https:\/\/www.alisveriskulupleri.com\/blog\/wp-json\/wp\/v2\/tags?post=7401"}],"curies":[{"name":"wp","href":"https:\/\/api.w.org\/{rel}","templated":true}]}}