{"id":672,"date":"2010-11-24T13:51:47","date_gmt":"2010-11-24T10:51:47","guid":{"rendered":"https:\/\/www.alisveriskulupleri.com\/blog\/?p=672"},"modified":"2010-11-24T18:16:27","modified_gmt":"2010-11-24T15:16:27","slug":"stradivarius-2010-aralik-look-book","status":"publish","type":"post","link":"https:\/\/www.alisveriskulupleri.com\/blog\/stradivarius-2010-aralik-look-book.html","title":{"rendered":"Stradivarius 2010 Aral\u0131k Look-Book"},"content":{"rendered":"<p><a href=\"https:\/\/www.alisveriskulupleri.com\/blog\/uploads\/2010\/11\/stradivarius-2010-aralik-look-book-1.jpg\"><img loading=\"lazy\" decoding=\"async\" src=\"https:\/\/www.alisveriskulupleri.com\/blog\/uploads\/2010\/11\/stradivarius-2010-aralik-look-book-1-570x732.jpg\" alt=\"\" title=\"stradivarius-2010-aralik-look-book-1\" width=\"570\" height=\"732\" class=\"aligncenter size-medium wp-image-673\" srcset=\"https:\/\/www.alisveriskulupleri.com\/blog\/uploads\/2010\/11\/stradivarius-2010-aralik-look-book-1-570x732.jpg 570w, https:\/\/www.alisveriskulupleri.com\/blog\/uploads\/2010\/11\/stradivarius-2010-aralik-look-book-1.jpg 1300w\" sizes=\"auto, (max-width: 570px) 100vw, 570px\" \/><\/a><\/p>\n<h3>Stradivarius&#8217;un rengi Aral\u0131k ay\u0131nda karamel kahve!<\/h3>\n<p>Stradivarius, Aral\u0131k ay\u0131 i\u00e7in haz\u0131rlad\u0131\u011f\u0131 bu koleksiyonda Frans\u0131z ve \u0130ngiliz dokunu\u015flar\u0131yla 60&#8217;l\u0131 ve 70&#8217;li y\u0131llar\u0131n feminen kad\u0131n siluetini g\u00f6zler \u00f6n\u00fcne seriyor. Kahverenginin karamel tonu neredeyse her karede yerini al\u0131rken; uzun \u00e7orap ve \u00e7izmeler, yine y\u0131l\u0131n modas\u0131 olan leopar desen, k\u00fcrk ve trikolar da koleksiyona ait di\u011fer \u015f\u0131k detaylar\u0131 olu\u015fturuyor.<\/p>\n<p><a href=\"https:\/\/www.alisveriskulupleri.com\/blog\/uploads\/2010\/11\/stradivarius-2010-aralik-look-book-2.jpg\"><img loading=\"lazy\" decoding=\"async\" src=\"https:\/\/www.alisveriskulupleri.com\/blog\/uploads\/2010\/11\/stradivarius-2010-aralik-look-book-2-570x387.jpg\" alt=\"\" title=\"stradivarius-2010-aralik-look-book-2\" width=\"570\" height=\"387\" class=\"aligncenter size-medium wp-image-675\" srcset=\"https:\/\/www.alisveriskulupleri.com\/blog\/uploads\/2010\/11\/stradivarius-2010-aralik-look-book-2-570x387.jpg 570w, https:\/\/www.alisveriskulupleri.com\/blog\/uploads\/2010\/11\/stradivarius-2010-aralik-look-book-2.jpg 1024w\" sizes=\"auto, (max-width: 570px) 100vw, 570px\" \/><\/a><\/p>\n<p><a href=\"https:\/\/www.alisveriskulupleri.com\/blog\/uploads\/2010\/11\/stradivarius-2010-aralik-look-book-3.jpg\"><img loading=\"lazy\" decoding=\"async\" src=\"https:\/\/www.alisveriskulupleri.com\/blog\/uploads\/2010\/11\/stradivarius-2010-aralik-look-book-3-570x732.jpg\" alt=\"\" title=\"stradivarius-2010-aralik-look-book-3\" width=\"570\" height=\"732\" class=\"aligncenter size-medium wp-image-676\" srcset=\"https:\/\/www.alisveriskulupleri.com\/blog\/uploads\/2010\/11\/stradivarius-2010-aralik-look-book-3-570x732.jpg 570w, https:\/\/www.alisveriskulupleri.com\/blog\/uploads\/2010\/11\/stradivarius-2010-aralik-look-book-3.jpg 1300w\" sizes=\"auto, (max-width: 570px) 100vw, 570px\" \/><\/a><\/p>\n<p><a href=\"https:\/\/www.alisveriskulupleri.com\/blog\/uploads\/2010\/11\/stradivarius-2010-aralik-look-book-4.jpg\"><img loading=\"lazy\" decoding=\"async\" src=\"https:\/\/www.alisveriskulupleri.com\/blog\/uploads\/2010\/11\/stradivarius-2010-aralik-look-book-4-570x387.jpg\" alt=\"\" title=\"stradivarius-2010-aralik-look-book-4\" width=\"570\" height=\"387\" class=\"aligncenter size-medium wp-image-677\" srcset=\"https:\/\/www.alisveriskulupleri.com\/blog\/uploads\/2010\/11\/stradivarius-2010-aralik-look-book-4-570x387.jpg 570w, https:\/\/www.alisveriskulupleri.com\/blog\/uploads\/2010\/11\/stradivarius-2010-aralik-look-book-4.jpg 1024w\" sizes=\"auto, (max-width: 570px) 100vw, 570px\" \/><\/a><\/p>\n<p><a href=\"https:\/\/www.alisveriskulupleri.com\/blog\/uploads\/2010\/11\/stradivarius-2010-aralik-look-book-5.jpg\"><img loading=\"lazy\" decoding=\"async\" src=\"https:\/\/www.alisveriskulupleri.com\/blog\/uploads\/2010\/11\/stradivarius-2010-aralik-look-book-5-570x732.jpg\" alt=\"\" title=\"stradivarius-2010-aralik-look-book-5\" width=\"570\" height=\"732\" class=\"aligncenter size-medium wp-image-678\" srcset=\"https:\/\/www.alisveriskulupleri.com\/blog\/uploads\/2010\/11\/stradivarius-2010-aralik-look-book-5-570x732.jpg 570w, https:\/\/www.alisveriskulupleri.com\/blog\/uploads\/2010\/11\/stradivarius-2010-aralik-look-book-5.jpg 1300w\" sizes=\"auto, (max-width: 570px) 100vw, 570px\" \/><\/a><\/p>\n<p><a href=\"https:\/\/www.alisveriskulupleri.com\/blog\/uploads\/2010\/11\/stradivarius-2010-aralik-look-book-6.jpg\"><img loading=\"lazy\" decoding=\"async\" src=\"https:\/\/www.alisveriskulupleri.com\/blog\/uploads\/2010\/11\/stradivarius-2010-aralik-look-book-6-570x387.jpg\" alt=\"\" title=\"stradivarius-2010-aralik-look-book-6\" width=\"570\" height=\"387\" class=\"aligncenter size-medium wp-image-674\" srcset=\"https:\/\/www.alisveriskulupleri.com\/blog\/uploads\/2010\/11\/stradivarius-2010-aralik-look-book-6-570x387.jpg 570w, https:\/\/www.alisveriskulupleri.com\/blog\/uploads\/2010\/11\/stradivarius-2010-aralik-look-book-6.jpg 1024w\" sizes=\"auto, (max-width: 570px) 100vw, 570px\" \/><\/a><\/p>\n","protected":false},"excerpt":{"rendered":"<p>Stradivarius&#8217;un rengi Aral\u0131k ay\u0131nda karamel kahve! Stradivarius, Aral\u0131k ay\u0131 i\u00e7in haz\u0131rlad\u0131\u011f\u0131 bu koleksiyonda Frans\u0131z ve \u0130ngiliz dokunu\u015flar\u0131yla 60&#8217;l\u0131 ve 70&#8217;li y\u0131llar\u0131n feminen kad\u0131n siluetini g\u00f6zler \u00f6n\u00fcne seriyor. Kahverenginin karamel tonu neredeyse her karede yerini al\u0131rken;<span class=\"theme-excerpt-more\"> [&#8230;] <a href=\"https:\/\/www.alisveriskulupleri.com\/blog\/stradivarius-2010-aralik-look-book.html\" title=\"Stradivarius 2010 Aral\u0131k Look-Book\">Read More<\/a><\/span><\/p>\n","protected":false},"author":1,"featured_media":0,"comment_status":"open","ping_status":"open","sticky":false,"template":"","format":"standard","meta":{"footnotes":""},"categories":[33],"tags":[77,42,164,163,160,161,159,158,165,162],"class_list":["post-672","post","type-post","status-publish","format-standard","hentry","category-look-book","tag-2010-kis","tag-2010-2011-kis","tag-aralik-look-book","tag-aralik-lookbook","tag-kahve","tag-kahverengi","tag-karamel","tag-stradivarius","tag-stradivarius-aralik-look-book","tag-stradivarius-koleksiyon"],"yoast_head":"<!-- This site is optimized with the Yoast SEO plugin v24.1 - https:\/\/yoast.com\/wordpress\/plugins\/seo\/ -->\n<title>Stradivarius 2010 Aral\u0131k Look-Book - Al\u0131\u015fveri\u015f Kul\u00fcpleri<\/title>\n<meta name=\"robots\" content=\"index, follow, max-snippet:-1, max-image-preview:large, max-video-preview:-1\" \/>\n<link rel=\"canonical\" href=\"https:\/\/www.alisveriskulupleri.com\/blog\/stradivarius-2010-aralik-look-book.html\" \/>\n<meta property=\"og:locale\" content=\"tr_TR\" \/>\n<meta property=\"og:type\" content=\"article\" \/>\n<meta property=\"og:title\" content=\"Stradivarius 2010 Aral\u0131k Look-Book - Al\u0131\u015fveri\u015f Kul\u00fcpleri\" \/>\n<meta property=\"og:description\" content=\"Stradivarius&#8217;un rengi Aral\u0131k ay\u0131nda karamel kahve! Stradivarius, Aral\u0131k ay\u0131 i\u00e7in haz\u0131rlad\u0131\u011f\u0131 bu koleksiyonda Frans\u0131z ve \u0130ngiliz dokunu\u015flar\u0131yla 60&#8217;l\u0131 ve 70&#8217;li y\u0131llar\u0131n feminen kad\u0131n siluetini g\u00f6zler \u00f6n\u00fcne seriyor. Kahverenginin karamel tonu neredeyse her karede yerini al\u0131rken; [...] Read More\" \/>\n<meta property=\"og:url\" content=\"https:\/\/www.alisveriskulupleri.com\/blog\/stradivarius-2010-aralik-look-book.html\" \/>\n<meta property=\"og:site_name\" content=\"Al\u0131\u015fveri\u015f Kul\u00fcpleri\" \/>\n<meta property=\"article:publisher\" content=\"https:\/\/www.facebook.com\/alisveriskulupleri\" \/>\n<meta property=\"article:published_time\" content=\"2010-11-24T10:51:47+00:00\" \/>\n<meta property=\"article:modified_time\" content=\"2010-11-24T15:16:27+00:00\" \/>\n<meta property=\"og:image\" content=\"https:\/\/www.alisveriskulupleri.com\/blog\/uploads\/2010\/11\/stradivarius-2010-aralik-look-book-1-570x732.jpg\" \/>\n<meta name=\"author\" content=\"admin\" \/>\n<meta name=\"twitter:card\" content=\"summary_large_image\" \/>\n<meta name=\"twitter:creator\" content=\"@akulupleri\" \/>\n<meta name=\"twitter:site\" content=\"@akulupleri\" \/>\n<meta name=\"twitter:label1\" content=\"Yazan:\" \/>\n\t<meta name=\"twitter:data1\" content=\"admin\" \/>\n<script type=\"application\/ld+json\" class=\"yoast-schema-graph\">{\"@context\":\"https:\/\/schema.org\",\"@graph\":[{\"@type\":\"WebPage\",\"@id\":\"https:\/\/www.alisveriskulupleri.com\/blog\/stradivarius-2010-aralik-look-book.html\",\"url\":\"https:\/\/www.alisveriskulupleri.com\/blog\/stradivarius-2010-aralik-look-book.html\",\"name\":\"Stradivarius 2010 Aral\u0131k Look-Book - Al\u0131\u015fveri\u015f Kul\u00fcpleri\",\"isPartOf\":{\"@id\":\"https:\/\/www.alisveriskulupleri.com\/blog\/#website\"},\"primaryImageOfPage\":{\"@id\":\"https:\/\/www.alisveriskulupleri.com\/blog\/stradivarius-2010-aralik-look-book.html#primaryimage\"},\"image\":{\"@id\":\"https:\/\/www.alisveriskulupleri.com\/blog\/stradivarius-2010-aralik-look-book.html#primaryimage\"},\"thumbnailUrl\":\"https:\/\/www.alisveriskulupleri.com\/blog\/uploads\/2010\/11\/stradivarius-2010-aralik-look-book-1-570x732.jpg\",\"datePublished\":\"2010-11-24T10:51:47+00:00\",\"dateModified\":\"2010-11-24T15:16:27+00:00\",\"author\":{\"@id\":\"https:\/\/www.alisveriskulupleri.com\/blog\/#\/schema\/person\/7ba2b466bea5814af2115bf8a39990a3\"},\"breadcrumb\":{\"@id\":\"https:\/\/www.alisveriskulupleri.com\/blog\/stradivarius-2010-aralik-look-book.html#breadcrumb\"},\"inLanguage\":\"tr\",\"potentialAction\":[{\"@type\":\"ReadAction\",\"target\":[\"https:\/\/www.alisveriskulupleri.com\/blog\/stradivarius-2010-aralik-look-book.html\"]}]},{\"@type\":\"ImageObject\",\"inLanguage\":\"tr\",\"@id\":\"https:\/\/www.alisveriskulupleri.com\/blog\/stradivarius-2010-aralik-look-book.html#primaryimage\",\"url\":\"https:\/\/www.alisveriskulupleri.com\/blog\/uploads\/2010\/11\/stradivarius-2010-aralik-look-book-1.jpg\",\"contentUrl\":\"https:\/\/www.alisveriskulupleri.com\/blog\/uploads\/2010\/11\/stradivarius-2010-aralik-look-book-1.jpg\",\"width\":\"1300\",\"height\":\"1670\"},{\"@type\":\"BreadcrumbList\",\"@id\":\"https:\/\/www.alisveriskulupleri.com\/blog\/stradivarius-2010-aralik-look-book.html#breadcrumb\",\"itemListElement\":[{\"@type\":\"ListItem\",\"position\":1,\"name\":\"Ana sayfa\",\"item\":\"https:\/\/www.alisveriskulupleri.com\/blog\/\"},{\"@type\":\"ListItem\",\"position\":2,\"name\":\"Stradivarius 2010 Aral\u0131k Look-Book\"}]},{\"@type\":\"WebSite\",\"@id\":\"https:\/\/www.alisveriskulupleri.com\/blog\/#website\",\"url\":\"https:\/\/www.alisveriskulupleri.com\/blog\/\",\"name\":\"Al\u0131\u015fveri\u015f Kul\u00fcpleri\",\"description\":\"\",\"potentialAction\":[{\"@type\":\"SearchAction\",\"target\":{\"@type\":\"EntryPoint\",\"urlTemplate\":\"https:\/\/www.alisveriskulupleri.com\/blog\/?s={search_term_string}\"},\"query-input\":{\"@type\":\"PropertyValueSpecification\",\"valueRequired\":true,\"valueName\":\"search_term_string\"}}],\"inLanguage\":\"tr\"},{\"@type\":\"Person\",\"@id\":\"https:\/\/www.alisveriskulupleri.com\/blog\/#\/schema\/person\/7ba2b466bea5814af2115bf8a39990a3\",\"name\":\"admin\",\"image\":{\"@type\":\"ImageObject\",\"inLanguage\":\"tr\",\"@id\":\"https:\/\/www.alisveriskulupleri.com\/blog\/#\/schema\/person\/image\/\",\"url\":\"https:\/\/secure.gravatar.com\/avatar\/4fbdbc45a5cc8a8617017969fc33328b?s=96&d=mm&r=g\",\"contentUrl\":\"https:\/\/secure.gravatar.com\/avatar\/4fbdbc45a5cc8a8617017969fc33328b?s=96&d=mm&r=g\",\"caption\":\"admin\"},\"sameAs\":[\"http:\/\/www.alisveriskulupleri.com\/\"],\"url\":\"https:\/\/www.alisveriskulupleri.com\/blog\/author\/admin\"}]}<\/script>\n<!-- \/ Yoast SEO plugin. -->","yoast_head_json":{"title":"Stradivarius 2010 Aral\u0131k Look-Book - Al\u0131\u015fveri\u015f Kul\u00fcpleri","robots":{"index":"index","follow":"follow","max-snippet":"max-snippet:-1","max-image-preview":"max-image-preview:large","max-video-preview":"max-video-preview:-1"},"canonical":"https:\/\/www.alisveriskulupleri.com\/blog\/stradivarius-2010-aralik-look-book.html","og_locale":"tr_TR","og_type":"article","og_title":"Stradivarius 2010 Aral\u0131k Look-Book - Al\u0131\u015fveri\u015f Kul\u00fcpleri","og_description":"Stradivarius&#8217;un rengi Aral\u0131k ay\u0131nda karamel kahve! Stradivarius, Aral\u0131k ay\u0131 i\u00e7in haz\u0131rlad\u0131\u011f\u0131 bu koleksiyonda Frans\u0131z ve \u0130ngiliz dokunu\u015flar\u0131yla 60&#8217;l\u0131 ve 70&#8217;li y\u0131llar\u0131n feminen kad\u0131n siluetini g\u00f6zler \u00f6n\u00fcne seriyor. Kahverenginin karamel tonu neredeyse her karede yerini al\u0131rken; [...] Read More","og_url":"https:\/\/www.alisveriskulupleri.com\/blog\/stradivarius-2010-aralik-look-book.html","og_site_name":"Al\u0131\u015fveri\u015f Kul\u00fcpleri","article_publisher":"https:\/\/www.facebook.com\/alisveriskulupleri","article_published_time":"2010-11-24T10:51:47+00:00","article_modified_time":"2010-11-24T15:16:27+00:00","og_image":[{"url":"https:\/\/www.alisveriskulupleri.com\/blog\/uploads\/2010\/11\/stradivarius-2010-aralik-look-book-1-570x732.jpg","type":"","width":"","height":""}],"author":"admin","twitter_card":"summary_large_image","twitter_creator":"@akulupleri","twitter_site":"@akulupleri","twitter_misc":{"Yazan:":"admin"},"schema":{"@context":"https:\/\/schema.org","@graph":[{"@type":"WebPage","@id":"https:\/\/www.alisveriskulupleri.com\/blog\/stradivarius-2010-aralik-look-book.html","url":"https:\/\/www.alisveriskulupleri.com\/blog\/stradivarius-2010-aralik-look-book.html","name":"Stradivarius 2010 Aral\u0131k Look-Book - Al\u0131\u015fveri\u015f Kul\u00fcpleri","isPartOf":{"@id":"https:\/\/www.alisveriskulupleri.com\/blog\/#website"},"primaryImageOfPage":{"@id":"https:\/\/www.alisveriskulupleri.com\/blog\/stradivarius-2010-aralik-look-book.html#primaryimage"},"image":{"@id":"https:\/\/www.alisveriskulupleri.com\/blog\/stradivarius-2010-aralik-look-book.html#primaryimage"},"thumbnailUrl":"https:\/\/www.alisveriskulupleri.com\/blog\/uploads\/2010\/11\/stradivarius-2010-aralik-look-book-1-570x732.jpg","datePublished":"2010-11-24T10:51:47+00:00","dateModified":"2010-11-24T15:16:27+00:00","author":{"@id":"https:\/\/www.alisveriskulupleri.com\/blog\/#\/schema\/person\/7ba2b466bea5814af2115bf8a39990a3"},"breadcrumb":{"@id":"https:\/\/www.alisveriskulupleri.com\/blog\/stradivarius-2010-aralik-look-book.html#breadcrumb"},"inLanguage":"tr","potentialAction":[{"@type":"ReadAction","target":["https:\/\/www.alisveriskulupleri.com\/blog\/stradivarius-2010-aralik-look-book.html"]}]},{"@type":"ImageObject","inLanguage":"tr","@id":"https:\/\/www.alisveriskulupleri.com\/blog\/stradivarius-2010-aralik-look-book.html#primaryimage","url":"https:\/\/www.alisveriskulupleri.com\/blog\/uploads\/2010\/11\/stradivarius-2010-aralik-look-book-1.jpg","contentUrl":"https:\/\/www.alisveriskulupleri.com\/blog\/uploads\/2010\/11\/stradivarius-2010-aralik-look-book-1.jpg","width":"1300","height":"1670"},{"@type":"BreadcrumbList","@id":"https:\/\/www.alisveriskulupleri.com\/blog\/stradivarius-2010-aralik-look-book.html#breadcrumb","itemListElement":[{"@type":"ListItem","position":1,"name":"Ana sayfa","item":"https:\/\/www.alisveriskulupleri.com\/blog\/"},{"@type":"ListItem","position":2,"name":"Stradivarius 2010 Aral\u0131k Look-Book"}]},{"@type":"WebSite","@id":"https:\/\/www.alisveriskulupleri.com\/blog\/#website","url":"https:\/\/www.alisveriskulupleri.com\/blog\/","name":"Al\u0131\u015fveri\u015f Kul\u00fcpleri","description":"","potentialAction":[{"@type":"SearchAction","target":{"@type":"EntryPoint","urlTemplate":"https:\/\/www.alisveriskulupleri.com\/blog\/?s={search_term_string}"},"query-input":{"@type":"PropertyValueSpecification","valueRequired":true,"valueName":"search_term_string"}}],"inLanguage":"tr"},{"@type":"Person","@id":"https:\/\/www.alisveriskulupleri.com\/blog\/#\/schema\/person\/7ba2b466bea5814af2115bf8a39990a3","name":"admin","image":{"@type":"ImageObject","inLanguage":"tr","@id":"https:\/\/www.alisveriskulupleri.com\/blog\/#\/schema\/person\/image\/","url":"https:\/\/secure.gravatar.com\/avatar\/4fbdbc45a5cc8a8617017969fc33328b?s=96&d=mm&r=g","contentUrl":"https:\/\/secure.gravatar.com\/avatar\/4fbdbc45a5cc8a8617017969fc33328b?s=96&d=mm&r=g","caption":"admin"},"sameAs":["http:\/\/www.alisveriskulupleri.com\/"],"url":"https:\/\/www.alisveriskulupleri.com\/blog\/author\/admin"}]}},"_links":{"self":[{"href":"https:\/\/www.alisveriskulupleri.com\/blog\/wp-json\/wp\/v2\/posts\/672","targetHints":{"allow":["GET"]}}],"collection":[{"href":"https:\/\/www.alisveriskulupleri.com\/blog\/wp-json\/wp\/v2\/posts"}],"about":[{"href":"https:\/\/www.alisveriskulupleri.com\/blog\/wp-json\/wp\/v2\/types\/post"}],"author":[{"embeddable":true,"href":"https:\/\/www.alisveriskulupleri.com\/blog\/wp-json\/wp\/v2\/users\/1"}],"replies":[{"embeddable":true,"href":"https:\/\/www.alisveriskulupleri.com\/blog\/wp-json\/wp\/v2\/comments?post=672"}],"version-history":[{"count":8,"href":"https:\/\/www.alisveriskulupleri.com\/blog\/wp-json\/wp\/v2\/posts\/672\/revisions"}],"predecessor-version":[{"id":687,"href":"https:\/\/www.alisveriskulupleri.com\/blog\/wp-json\/wp\/v2\/posts\/672\/revisions\/687"}],"wp:attachment":[{"href":"https:\/\/www.alisveriskulupleri.com\/blog\/wp-json\/wp\/v2\/media?parent=672"}],"wp:term":[{"taxonomy":"category","embeddable":true,"href":"https:\/\/www.alisveriskulupleri.com\/blog\/wp-json\/wp\/v2\/categories?post=672"},{"taxonomy":"post_tag","embeddable":true,"href":"https:\/\/www.alisveriskulupleri.com\/blog\/wp-json\/wp\/v2\/tags?post=672"}],"curies":[{"name":"wp","href":"https:\/\/api.w.org\/{rel}","templated":true}]}}