{"id":5919,"date":"2011-05-12T10:36:19","date_gmt":"2011-05-12T08:36:19","guid":{"rendered":"https:\/\/www.alisveriskulupleri.com\/blog\/?p=5919"},"modified":"2011-05-26T21:54:42","modified_gmt":"2011-05-26T19:54:42","slug":"h-m-2011-ilkbahar-gece-kiyafetleri","status":"publish","type":"post","link":"https:\/\/www.alisveriskulupleri.com\/blog\/h-m-2011-ilkbahar-gece-kiyafetleri.html","title":{"rendered":"H&#038;M 2011 ilkbahar gece k\u0131yafetleri"},"content":{"rendered":"<p><a href=\"https:\/\/www.alisveriskulupleri.com\/blog\/uploads\/2011\/05\/hm-2011-ilkbahar-gece-kiyafetleri-1.jpg\"><img loading=\"lazy\" decoding=\"async\" src=\"https:\/\/www.alisveriskulupleri.com\/blog\/uploads\/2011\/05\/hm-2011-ilkbahar-gece-kiyafetleri-1.jpg\" alt=\"\" width=\"570\" height=\"424\" class=\"aligncenter size-full wp-image-5922\" srcset=\"https:\/\/www.alisveriskulupleri.com\/blog\/uploads\/2011\/05\/hm-2011-ilkbahar-gece-kiyafetleri-1.jpg 570w, https:\/\/www.alisveriskulupleri.com\/blog\/uploads\/2011\/05\/hm-2011-ilkbahar-gece-kiyafetleri-1-240x180.jpg 240w\" sizes=\"auto, (max-width: 570px) 100vw, 570px\" \/><\/a><\/p>\n<h3>H &#038; M 2011 y\u0131l\u0131 bahar\u0131 i\u00e7in tasarlad\u0131\u011f\u0131 gece k\u0131yafetlerini g\u00f6r\u00fcc\u00fcye \u00e7\u0131kard\u0131.<\/h3>\n<p>Gece koleksiyonu olarak isimlendirilmi\u015f olsa da, pek \u00e7ok k\u0131yafetinin g\u00fcnd\u00fczleri de kullan\u0131labilecek bir sadeli\u011fe sahip oldu\u011fu bu look-book, pastel renkler ve romantik hayvan desenleriyle dikkat \u00e7ekiyor. \u0130ngiliz manken Emma Maclaren&#8217;\u0131n ta\u015f\u0131d\u0131\u011f\u0131 bu \u015f\u0131k k\u0131yafetler, sezonun gece davetleri i\u00e7in sizleri bekliyor.<\/p>\n<p><a href=\"https:\/\/www.alisveriskulupleri.com\/blog\/uploads\/2011\/05\/hm-2011-ilkbahar-gece-kiyafetleri-2.jpg\"><img loading=\"lazy\" decoding=\"async\" src=\"https:\/\/www.alisveriskulupleri.com\/blog\/uploads\/2011\/05\/hm-2011-ilkbahar-gece-kiyafetleri-2.jpg\" alt=\"\" width=\"570\" height=\"424\" class=\"aligncenter size-full wp-image-5922\" \/><\/a><br \/>\n<a href=\"https:\/\/www.alisveriskulupleri.com\/blog\/uploads\/2011\/05\/hm-2011-ilkbahar-gece-kiyafetleri-3.jpg\"><img loading=\"lazy\" decoding=\"async\" src=\"https:\/\/www.alisveriskulupleri.com\/blog\/uploads\/2011\/05\/hm-2011-ilkbahar-gece-kiyafetleri-3.jpg\" alt=\"\" width=\"570\" height=\"424\" class=\"aligncenter size-full wp-image-5922\" \/><\/a><br \/>\n<a href=\"https:\/\/www.alisveriskulupleri.com\/blog\/uploads\/2011\/05\/hm-2011-ilkbahar-gece-kiyafetleri-4.jpg\"><img loading=\"lazy\" decoding=\"async\" src=\"https:\/\/www.alisveriskulupleri.com\/blog\/uploads\/2011\/05\/hm-2011-ilkbahar-gece-kiyafetleri-4.jpg\" alt=\"\" width=\"570\" height=\"424\" class=\"aligncenter size-full wp-image-5922\" \/><\/a><br \/>\n<a href=\"https:\/\/www.alisveriskulupleri.com\/blog\/uploads\/2011\/05\/hm-2011-ilkbahar-gece-kiyafetleri-5.jpg\"><img loading=\"lazy\" decoding=\"async\" src=\"https:\/\/www.alisveriskulupleri.com\/blog\/uploads\/2011\/05\/hm-2011-ilkbahar-gece-kiyafetleri-5.jpg\" alt=\"\" width=\"570\" height=\"666\" class=\"aligncenter size-medium wp-image-5926\" srcset=\"https:\/\/www.alisveriskulupleri.com\/blog\/uploads\/2011\/05\/hm-2011-ilkbahar-gece-kiyafetleri-5.jpg 600w, https:\/\/www.alisveriskulupleri.com\/blog\/uploads\/2011\/05\/hm-2011-ilkbahar-gece-kiyafetleri-5-570x666.jpg 570w\" sizes=\"auto, (max-width: 570px) 100vw, 570px\" \/><\/a><br \/>\n<a href=\"https:\/\/www.alisveriskulupleri.com\/blog\/uploads\/2011\/05\/hm-2011-ilkbahar-gece-kiyafetleri-6.jpg\"><img loading=\"lazy\" decoding=\"async\" src=\"https:\/\/www.alisveriskulupleri.com\/blog\/uploads\/2011\/05\/hm-2011-ilkbahar-gece-kiyafetleri-6.jpg\" alt=\"\" width=\"570\" height=\"666\" class=\"aligncenter size-medium wp-image-5926\" \/><\/a><br \/>\n<a href=\"https:\/\/www.alisveriskulupleri.com\/blog\/uploads\/2011\/05\/hm-2011-ilkbahar-gece-kiyafetleri-7.jpg\"><img loading=\"lazy\" decoding=\"async\" src=\"https:\/\/www.alisveriskulupleri.com\/blog\/uploads\/2011\/05\/hm-2011-ilkbahar-gece-kiyafetleri-7.jpg\" alt=\"\" width=\"570\" height=\"666\" class=\"aligncenter size-medium wp-image-5926\" \/><\/a><br \/>\n<a href=\"https:\/\/www.alisveriskulupleri.com\/blog\/uploads\/2011\/05\/hm-2011-ilkbahar-gece-kiyafetleri-8.jpg\"><img loading=\"lazy\" decoding=\"async\" src=\"https:\/\/www.alisveriskulupleri.com\/blog\/uploads\/2011\/05\/hm-2011-ilkbahar-gece-kiyafetleri-8.jpg\" alt=\"\" width=\"570\" height=\"666\" class=\"aligncenter size-medium wp-image-5926\" \/><\/a><br \/>\n<a href=\"https:\/\/www.alisveriskulupleri.com\/blog\/uploads\/2011\/05\/hm-2011-ilkbahar-gece-kiyafetleri-9.jpg\"><img loading=\"lazy\" decoding=\"async\" src=\"https:\/\/www.alisveriskulupleri.com\/blog\/uploads\/2011\/05\/hm-2011-ilkbahar-gece-kiyafetleri-9.jpg\" alt=\"\" width=\"570\" height=\"666\" class=\"aligncenter size-medium wp-image-5926\" \/><\/a><\/p>\n","protected":false},"excerpt":{"rendered":"<p>H &#038; M 2011 y\u0131l\u0131 bahar\u0131 i\u00e7in tasarlad\u0131\u011f\u0131 gece k\u0131yafetlerini g\u00f6r\u00fcc\u00fcye \u00e7\u0131kard\u0131. Gece koleksiyonu olarak isimlendirilmi\u015f olsa da, pek \u00e7ok k\u0131yafetinin g\u00fcnd\u00fczleri de kullan\u0131labilecek bir sadeli\u011fe sahip oldu\u011fu bu look-book, pastel renkler ve romantik hayvan<span class=\"theme-excerpt-more\"> [&#8230;] <a href=\"https:\/\/www.alisveriskulupleri.com\/blog\/h-m-2011-ilkbahar-gece-kiyafetleri.html\" title=\"H&#038;M 2011 ilkbahar gece k\u0131yafetleri\">Read More<\/a><\/span><\/p>\n","protected":false},"author":4,"featured_media":0,"comment_status":"open","ping_status":"open","sticky":false,"template":"","format":"standard","meta":{"footnotes":""},"categories":[44,33],"tags":[1357,1356,116,1358,156,302,70,452,69,686,39,55,40,700,61,88,717,76,97],"class_list":["post-5919","post","type-post","status-publish","format-standard","hentry","category-guncel","category-look-book","tag-1-ilkbahar","tag-1356","tag-elbise","tag-gece-kiyafetleri","tag-h-m","tag-hm","tag-kis-koleksiyon","tag-kiyafet","tag-koleksiyon","tag-kombinasyon","tag-look","tag-look-book-2","tag-lookbook","tag-marka","tag-moda","tag-sik","tag-stil","tag-tasarim","tag-trend"],"yoast_head":"<!-- This site is optimized with the Yoast SEO plugin v24.1 - https:\/\/yoast.com\/wordpress\/plugins\/seo\/ -->\n<title>H&amp;M 2011 ilkbahar gece k\u0131yafetleri - Al\u0131\u015fveri\u015f Kul\u00fcpleri<\/title>\n<meta name=\"robots\" content=\"index, follow, max-snippet:-1, max-image-preview:large, max-video-preview:-1\" \/>\n<link rel=\"canonical\" href=\"https:\/\/www.alisveriskulupleri.com\/blog\/h-m-2011-ilkbahar-gece-kiyafetleri.html\" \/>\n<meta property=\"og:locale\" content=\"tr_TR\" \/>\n<meta property=\"og:type\" content=\"article\" \/>\n<meta property=\"og:title\" content=\"H&amp;M 2011 ilkbahar gece k\u0131yafetleri - Al\u0131\u015fveri\u015f Kul\u00fcpleri\" \/>\n<meta property=\"og:description\" content=\"H &#038; M 2011 y\u0131l\u0131 bahar\u0131 i\u00e7in tasarlad\u0131\u011f\u0131 gece k\u0131yafetlerini g\u00f6r\u00fcc\u00fcye \u00e7\u0131kard\u0131. Gece koleksiyonu olarak isimlendirilmi\u015f olsa da, pek \u00e7ok k\u0131yafetinin g\u00fcnd\u00fczleri de kullan\u0131labilecek bir sadeli\u011fe sahip oldu\u011fu bu look-book, pastel renkler ve romantik hayvan [...] Read More\" \/>\n<meta property=\"og:url\" content=\"https:\/\/www.alisveriskulupleri.com\/blog\/h-m-2011-ilkbahar-gece-kiyafetleri.html\" \/>\n<meta property=\"og:site_name\" content=\"Al\u0131\u015fveri\u015f Kul\u00fcpleri\" \/>\n<meta property=\"article:publisher\" content=\"https:\/\/www.facebook.com\/alisveriskulupleri\" \/>\n<meta property=\"article:published_time\" content=\"2011-05-12T08:36:19+00:00\" \/>\n<meta property=\"article:modified_time\" content=\"2011-05-26T19:54:42+00:00\" \/>\n<meta property=\"og:image\" content=\"https:\/\/www.alisveriskulupleri.com\/blog\/uploads\/2011\/05\/hm-2011-ilkbahar-gece-kiyafetleri-1.jpg\" \/>\n<meta name=\"author\" content=\"sebnem\" \/>\n<meta name=\"twitter:card\" content=\"summary_large_image\" \/>\n<meta name=\"twitter:creator\" content=\"@akulupleri\" \/>\n<meta name=\"twitter:site\" content=\"@akulupleri\" \/>\n<meta name=\"twitter:label1\" content=\"Yazan:\" \/>\n\t<meta name=\"twitter:data1\" content=\"sebnem\" \/>\n<script type=\"application\/ld+json\" class=\"yoast-schema-graph\">{\"@context\":\"https:\/\/schema.org\",\"@graph\":[{\"@type\":\"WebPage\",\"@id\":\"https:\/\/www.alisveriskulupleri.com\/blog\/h-m-2011-ilkbahar-gece-kiyafetleri.html\",\"url\":\"https:\/\/www.alisveriskulupleri.com\/blog\/h-m-2011-ilkbahar-gece-kiyafetleri.html\",\"name\":\"H&M 2011 ilkbahar gece k\u0131yafetleri - Al\u0131\u015fveri\u015f Kul\u00fcpleri\",\"isPartOf\":{\"@id\":\"https:\/\/www.alisveriskulupleri.com\/blog\/#website\"},\"primaryImageOfPage\":{\"@id\":\"https:\/\/www.alisveriskulupleri.com\/blog\/h-m-2011-ilkbahar-gece-kiyafetleri.html#primaryimage\"},\"image\":{\"@id\":\"https:\/\/www.alisveriskulupleri.com\/blog\/h-m-2011-ilkbahar-gece-kiyafetleri.html#primaryimage\"},\"thumbnailUrl\":\"https:\/\/www.alisveriskulupleri.com\/blog\/uploads\/2011\/05\/hm-2011-ilkbahar-gece-kiyafetleri-1.jpg\",\"datePublished\":\"2011-05-12T08:36:19+00:00\",\"dateModified\":\"2011-05-26T19:54:42+00:00\",\"author\":{\"@id\":\"https:\/\/www.alisveriskulupleri.com\/blog\/#\/schema\/person\/6b57338271c18ef7bc37f43ad141c681\"},\"breadcrumb\":{\"@id\":\"https:\/\/www.alisveriskulupleri.com\/blog\/h-m-2011-ilkbahar-gece-kiyafetleri.html#breadcrumb\"},\"inLanguage\":\"tr\",\"potentialAction\":[{\"@type\":\"ReadAction\",\"target\":[\"https:\/\/www.alisveriskulupleri.com\/blog\/h-m-2011-ilkbahar-gece-kiyafetleri.html\"]}]},{\"@type\":\"ImageObject\",\"inLanguage\":\"tr\",\"@id\":\"https:\/\/www.alisveriskulupleri.com\/blog\/h-m-2011-ilkbahar-gece-kiyafetleri.html#primaryimage\",\"url\":\"https:\/\/www.alisveriskulupleri.com\/blog\/uploads\/2011\/05\/hm-2011-ilkbahar-gece-kiyafetleri-1.jpg\",\"contentUrl\":\"https:\/\/www.alisveriskulupleri.com\/blog\/uploads\/2011\/05\/hm-2011-ilkbahar-gece-kiyafetleri-1.jpg\"},{\"@type\":\"BreadcrumbList\",\"@id\":\"https:\/\/www.alisveriskulupleri.com\/blog\/h-m-2011-ilkbahar-gece-kiyafetleri.html#breadcrumb\",\"itemListElement\":[{\"@type\":\"ListItem\",\"position\":1,\"name\":\"Ana sayfa\",\"item\":\"https:\/\/www.alisveriskulupleri.com\/blog\/\"},{\"@type\":\"ListItem\",\"position\":2,\"name\":\"H&#038;M 2011 ilkbahar gece k\u0131yafetleri\"}]},{\"@type\":\"WebSite\",\"@id\":\"https:\/\/www.alisveriskulupleri.com\/blog\/#website\",\"url\":\"https:\/\/www.alisveriskulupleri.com\/blog\/\",\"name\":\"Al\u0131\u015fveri\u015f Kul\u00fcpleri\",\"description\":\"\",\"potentialAction\":[{\"@type\":\"SearchAction\",\"target\":{\"@type\":\"EntryPoint\",\"urlTemplate\":\"https:\/\/www.alisveriskulupleri.com\/blog\/?s={search_term_string}\"},\"query-input\":{\"@type\":\"PropertyValueSpecification\",\"valueRequired\":true,\"valueName\":\"search_term_string\"}}],\"inLanguage\":\"tr\"},{\"@type\":\"Person\",\"@id\":\"https:\/\/www.alisveriskulupleri.com\/blog\/#\/schema\/person\/6b57338271c18ef7bc37f43ad141c681\",\"name\":\"sebnem\",\"image\":{\"@type\":\"ImageObject\",\"inLanguage\":\"tr\",\"@id\":\"https:\/\/www.alisveriskulupleri.com\/blog\/#\/schema\/person\/image\/\",\"url\":\"https:\/\/secure.gravatar.com\/avatar\/e74205ddbbd5d1c7e5b92f9fa564626f?s=96&d=mm&r=g\",\"contentUrl\":\"https:\/\/secure.gravatar.com\/avatar\/e74205ddbbd5d1c7e5b92f9fa564626f?s=96&d=mm&r=g\",\"caption\":\"sebnem\"},\"url\":\"https:\/\/www.alisveriskulupleri.com\/blog\/author\/sebnem\"}]}<\/script>\n<!-- \/ Yoast SEO plugin. -->","yoast_head_json":{"title":"H&M 2011 ilkbahar gece k\u0131yafetleri - Al\u0131\u015fveri\u015f Kul\u00fcpleri","robots":{"index":"index","follow":"follow","max-snippet":"max-snippet:-1","max-image-preview":"max-image-preview:large","max-video-preview":"max-video-preview:-1"},"canonical":"https:\/\/www.alisveriskulupleri.com\/blog\/h-m-2011-ilkbahar-gece-kiyafetleri.html","og_locale":"tr_TR","og_type":"article","og_title":"H&M 2011 ilkbahar gece k\u0131yafetleri - Al\u0131\u015fveri\u015f Kul\u00fcpleri","og_description":"H &#038; M 2011 y\u0131l\u0131 bahar\u0131 i\u00e7in tasarlad\u0131\u011f\u0131 gece k\u0131yafetlerini g\u00f6r\u00fcc\u00fcye \u00e7\u0131kard\u0131. Gece koleksiyonu olarak isimlendirilmi\u015f olsa da, pek \u00e7ok k\u0131yafetinin g\u00fcnd\u00fczleri de kullan\u0131labilecek bir sadeli\u011fe sahip oldu\u011fu bu look-book, pastel renkler ve romantik hayvan [...] Read More","og_url":"https:\/\/www.alisveriskulupleri.com\/blog\/h-m-2011-ilkbahar-gece-kiyafetleri.html","og_site_name":"Al\u0131\u015fveri\u015f Kul\u00fcpleri","article_publisher":"https:\/\/www.facebook.com\/alisveriskulupleri","article_published_time":"2011-05-12T08:36:19+00:00","article_modified_time":"2011-05-26T19:54:42+00:00","og_image":[{"url":"https:\/\/www.alisveriskulupleri.com\/blog\/uploads\/2011\/05\/hm-2011-ilkbahar-gece-kiyafetleri-1.jpg","type":"","width":"","height":""}],"author":"sebnem","twitter_card":"summary_large_image","twitter_creator":"@akulupleri","twitter_site":"@akulupleri","twitter_misc":{"Yazan:":"sebnem"},"schema":{"@context":"https:\/\/schema.org","@graph":[{"@type":"WebPage","@id":"https:\/\/www.alisveriskulupleri.com\/blog\/h-m-2011-ilkbahar-gece-kiyafetleri.html","url":"https:\/\/www.alisveriskulupleri.com\/blog\/h-m-2011-ilkbahar-gece-kiyafetleri.html","name":"H&M 2011 ilkbahar gece k\u0131yafetleri - Al\u0131\u015fveri\u015f Kul\u00fcpleri","isPartOf":{"@id":"https:\/\/www.alisveriskulupleri.com\/blog\/#website"},"primaryImageOfPage":{"@id":"https:\/\/www.alisveriskulupleri.com\/blog\/h-m-2011-ilkbahar-gece-kiyafetleri.html#primaryimage"},"image":{"@id":"https:\/\/www.alisveriskulupleri.com\/blog\/h-m-2011-ilkbahar-gece-kiyafetleri.html#primaryimage"},"thumbnailUrl":"https:\/\/www.alisveriskulupleri.com\/blog\/uploads\/2011\/05\/hm-2011-ilkbahar-gece-kiyafetleri-1.jpg","datePublished":"2011-05-12T08:36:19+00:00","dateModified":"2011-05-26T19:54:42+00:00","author":{"@id":"https:\/\/www.alisveriskulupleri.com\/blog\/#\/schema\/person\/6b57338271c18ef7bc37f43ad141c681"},"breadcrumb":{"@id":"https:\/\/www.alisveriskulupleri.com\/blog\/h-m-2011-ilkbahar-gece-kiyafetleri.html#breadcrumb"},"inLanguage":"tr","potentialAction":[{"@type":"ReadAction","target":["https:\/\/www.alisveriskulupleri.com\/blog\/h-m-2011-ilkbahar-gece-kiyafetleri.html"]}]},{"@type":"ImageObject","inLanguage":"tr","@id":"https:\/\/www.alisveriskulupleri.com\/blog\/h-m-2011-ilkbahar-gece-kiyafetleri.html#primaryimage","url":"https:\/\/www.alisveriskulupleri.com\/blog\/uploads\/2011\/05\/hm-2011-ilkbahar-gece-kiyafetleri-1.jpg","contentUrl":"https:\/\/www.alisveriskulupleri.com\/blog\/uploads\/2011\/05\/hm-2011-ilkbahar-gece-kiyafetleri-1.jpg"},{"@type":"BreadcrumbList","@id":"https:\/\/www.alisveriskulupleri.com\/blog\/h-m-2011-ilkbahar-gece-kiyafetleri.html#breadcrumb","itemListElement":[{"@type":"ListItem","position":1,"name":"Ana sayfa","item":"https:\/\/www.alisveriskulupleri.com\/blog\/"},{"@type":"ListItem","position":2,"name":"H&#038;M 2011 ilkbahar gece k\u0131yafetleri"}]},{"@type":"WebSite","@id":"https:\/\/www.alisveriskulupleri.com\/blog\/#website","url":"https:\/\/www.alisveriskulupleri.com\/blog\/","name":"Al\u0131\u015fveri\u015f Kul\u00fcpleri","description":"","potentialAction":[{"@type":"SearchAction","target":{"@type":"EntryPoint","urlTemplate":"https:\/\/www.alisveriskulupleri.com\/blog\/?s={search_term_string}"},"query-input":{"@type":"PropertyValueSpecification","valueRequired":true,"valueName":"search_term_string"}}],"inLanguage":"tr"},{"@type":"Person","@id":"https:\/\/www.alisveriskulupleri.com\/blog\/#\/schema\/person\/6b57338271c18ef7bc37f43ad141c681","name":"sebnem","image":{"@type":"ImageObject","inLanguage":"tr","@id":"https:\/\/www.alisveriskulupleri.com\/blog\/#\/schema\/person\/image\/","url":"https:\/\/secure.gravatar.com\/avatar\/e74205ddbbd5d1c7e5b92f9fa564626f?s=96&d=mm&r=g","contentUrl":"https:\/\/secure.gravatar.com\/avatar\/e74205ddbbd5d1c7e5b92f9fa564626f?s=96&d=mm&r=g","caption":"sebnem"},"url":"https:\/\/www.alisveriskulupleri.com\/blog\/author\/sebnem"}]}},"_links":{"self":[{"href":"https:\/\/www.alisveriskulupleri.com\/blog\/wp-json\/wp\/v2\/posts\/5919","targetHints":{"allow":["GET"]}}],"collection":[{"href":"https:\/\/www.alisveriskulupleri.com\/blog\/wp-json\/wp\/v2\/posts"}],"about":[{"href":"https:\/\/www.alisveriskulupleri.com\/blog\/wp-json\/wp\/v2\/types\/post"}],"author":[{"embeddable":true,"href":"https:\/\/www.alisveriskulupleri.com\/blog\/wp-json\/wp\/v2\/users\/4"}],"replies":[{"embeddable":true,"href":"https:\/\/www.alisveriskulupleri.com\/blog\/wp-json\/wp\/v2\/comments?post=5919"}],"version-history":[{"count":11,"href":"https:\/\/www.alisveriskulupleri.com\/blog\/wp-json\/wp\/v2\/posts\/5919\/revisions"}],"predecessor-version":[{"id":6316,"href":"https:\/\/www.alisveriskulupleri.com\/blog\/wp-json\/wp\/v2\/posts\/5919\/revisions\/6316"}],"wp:attachment":[{"href":"https:\/\/www.alisveriskulupleri.com\/blog\/wp-json\/wp\/v2\/media?parent=5919"}],"wp:term":[{"taxonomy":"category","embeddable":true,"href":"https:\/\/www.alisveriskulupleri.com\/blog\/wp-json\/wp\/v2\/categories?post=5919"},{"taxonomy":"post_tag","embeddable":true,"href":"https:\/\/www.alisveriskulupleri.com\/blog\/wp-json\/wp\/v2\/tags?post=5919"}],"curies":[{"name":"wp","href":"https:\/\/api.w.org\/{rel}","templated":true}]}}