{"id":2613,"date":"2011-01-21T00:31:10","date_gmt":"2011-01-20T21:31:10","guid":{"rendered":"https:\/\/www.alisveriskulupleri.com\/blog\/?p=2613"},"modified":"2011-06-13T12:17:37","modified_gmt":"2011-06-13T10:17:37","slug":"louis-vuitton-2011-pre-fall-koleksiyonu","status":"publish","type":"post","link":"https:\/\/www.alisveriskulupleri.com\/blog\/louis-vuitton-2011-pre-fall-koleksiyonu.html","title":{"rendered":"Louis Vuitton 2011 pre-fall koleksiyonu"},"content":{"rendered":"<p><a href=\"https:\/\/www.alisveriskulupleri.com\/blog\/uploads\/2011\/01\/louis-vuitton-2011-pre-fall-koleksiyonu-1.jpg\"><img loading=\"lazy\" decoding=\"async\" class=\"aligncenter size-full wp-image-2618\" src=\"https:\/\/www.alisveriskulupleri.com\/blog\/uploads\/2011\/01\/louis-vuitton-2011-pre-fall-koleksiyonu-1.jpg\" alt=\"\" width=\"320\" height=\"480\" \/><\/a><\/p>\n<h3>Julie de Libran&#8217;\u0131n tasarlad\u0131\u011f\u0131 Louis Vuitton 2011 Pre-Fall koleksiyonu 1920&#8217;li 30&#8217;lu y\u0131llar\u0131n asi k\u0131zlar\u0131n\u0131 g\u00fcn\u00fcm\u00fcze ta\u015f\u0131yor. <\/h3>\n<p>Libran, Venedik&#8217;e yapt\u0131\u011f\u0131 bir seyahatten yola \u00e7\u0131karak haz\u0131rlad\u0131\u011f\u0131 koleksiyon i\u00e7in &#8220;D\u00fcnyay\u0131 fethetmek i\u00e7in yola \u00e7\u0131kan bir kad\u0131n i\u00e7in, \u00f6zg\u00fcrl\u00fc\u011f\u00fc yans\u0131tan bir gardrop&#8221; tan\u0131m\u0131n\u0131 yap\u0131yor. <\/p>\n<p>Bordo, lacivert, m\u00fcrd\u00fcm tonlar\u0131n\u0131n hakim oldu\u011fu tasar\u0131mlarda jarsenin y\u00fcn kuma\u015flar ve k\u00fcrklerle uyumlu beraberli\u011fi dikkat \u00e7ekiyor.<\/p>\n<p><a href=\"https:\/\/www.alisveriskulupleri.com\/blog\/uploads\/2011\/01\/louis-vuitton-2011-pre-fall-koleksiyonu-2.jpg\"><img loading=\"lazy\" decoding=\"async\" class=\"aligncenter size-medium wp-image-2619\" src=\"https:\/\/www.alisveriskulupleri.com\/blog\/uploads\/2011\/01\/louis-vuitton-2011-pre-fall-koleksiyonu-2.jpg\" alt=\"\" width=\"570\" height=\"427\" srcset=\"https:\/\/www.alisveriskulupleri.com\/blog\/uploads\/2011\/01\/louis-vuitton-2011-pre-fall-koleksiyonu-2.jpg 640w, https:\/\/www.alisveriskulupleri.com\/blog\/uploads\/2011\/01\/louis-vuitton-2011-pre-fall-koleksiyonu-2-240x180.jpg 240w, https:\/\/www.alisveriskulupleri.com\/blog\/uploads\/2011\/01\/louis-vuitton-2011-pre-fall-koleksiyonu-2-570x427.jpg 570w\" sizes=\"auto, (max-width: 570px) 100vw, 570px\" \/><\/a><\/p>\n<p><a href=\"https:\/\/www.alisveriskulupleri.com\/blog\/uploads\/2011\/01\/louis-vuitton-2011-pre-fall-koleksiyonu-3.jpg\"><img loading=\"lazy\" decoding=\"async\" class=\"aligncenter size-medium wp-image-2619\" src=\"https:\/\/www.alisveriskulupleri.com\/blog\/uploads\/2011\/01\/louis-vuitton-2011-pre-fall-koleksiyonu-3.jpg\" alt=\"\" width=\"570\" height=\"427\" \/><\/a><\/p>\n<p><a href=\"https:\/\/www.alisveriskulupleri.com\/blog\/uploads\/2011\/01\/louis-vuitton-2011-pre-fall-koleksiyonu-4.jpg\"><img loading=\"lazy\" decoding=\"async\" class=\"aligncenter size-medium wp-image-2619\" src=\"https:\/\/www.alisveriskulupleri.com\/blog\/uploads\/2011\/01\/louis-vuitton-2011-pre-fall-koleksiyonu-4.jpg\" alt=\"\" width=\"570\" height=\"427\" \/><\/a><\/p>\n<p><a href=\"https:\/\/www.alisveriskulupleri.com\/blog\/uploads\/2011\/01\/louis-vuitton-2011-pre-fall-koleksiyonu-5.jpg\"><img loading=\"lazy\" decoding=\"async\" class=\"aligncenter size-medium wp-image-2619\" src=\"https:\/\/www.alisveriskulupleri.com\/blog\/uploads\/2011\/01\/louis-vuitton-2011-pre-fall-koleksiyonu-5.jpg\" alt=\"\" width=\"570\" height=\"427\" \/><\/a><\/p>\n<p><a href=\"https:\/\/www.alisveriskulupleri.com\/blog\/uploads\/2011\/01\/louis-vuitton-2011-pre-fall-koleksiyonu-6.jpg\"><img loading=\"lazy\" decoding=\"async\" class=\"aligncenter size-medium wp-image-2619\" src=\"https:\/\/www.alisveriskulupleri.com\/blog\/uploads\/2011\/01\/louis-vuitton-2011-pre-fall-koleksiyonu-6.jpg\" alt=\"\" width=\"570\" height=\"427\" \/><\/a><\/p>\n<p><a href=\"https:\/\/www.alisveriskulupleri.com\/blog\/uploads\/2011\/01\/louis-vuitton-2011-pre-fall-koleksiyonu-7.jpg\"><img loading=\"lazy\" decoding=\"async\" class=\"aligncenter size-medium wp-image-2619\" src=\"https:\/\/www.alisveriskulupleri.com\/blog\/uploads\/2011\/01\/louis-vuitton-2011-pre-fall-koleksiyonu-7.jpg\" alt=\"\" width=\"570\" height=\"427\" \/><\/a><\/p>\n<p><a href=\"https:\/\/www.alisveriskulupleri.com\/blog\/uploads\/2011\/01\/louis-vuitton-2011-pre-fall-koleksiyonu-8.jpg\"><img loading=\"lazy\" decoding=\"async\" class=\"aligncenter size-medium wp-image-2619\" src=\"https:\/\/www.alisveriskulupleri.com\/blog\/uploads\/2011\/01\/louis-vuitton-2011-pre-fall-koleksiyonu-8.jpg\" alt=\"\" width=\"570\" height=\"427\" \/><\/a><\/p>\n<p><a href=\"https:\/\/www.alisveriskulupleri.com\/blog\/uploads\/2011\/01\/louis-vuitton-2011-pre-fall-koleksiyonu-9.jpg\"><img loading=\"lazy\" decoding=\"async\" class=\"aligncenter size-medium wp-image-2619\" src=\"https:\/\/www.alisveriskulupleri.com\/blog\/uploads\/2011\/01\/louis-vuitton-2011-pre-fall-koleksiyonu-9.jpg\" alt=\"\" width=\"570\" height=\"427\" \/><\/a><\/p>\n<p><a href=\"https:\/\/www.alisveriskulupleri.com\/blog\/uploads\/2011\/01\/louis-vuitton-2011-pre-fall-koleksiyonu-10.jpg\"><img loading=\"lazy\" decoding=\"async\" class=\"aligncenter size-medium wp-image-2619\" src=\"https:\/\/www.alisveriskulupleri.com\/blog\/uploads\/2011\/01\/louis-vuitton-2011-pre-fall-koleksiyonu-10.jpg\" alt=\"\" width=\"570\" height=\"427\" \/><\/a><\/p>\n<p><a href=\"https:\/\/www.alisveriskulupleri.com\/blog\/uploads\/2011\/01\/louis-vuitton-2011-pre-fall-koleksiyonu-11.jpg\"><img loading=\"lazy\" decoding=\"async\" class=\"aligncenter size-medium wp-image-2619\" src=\"https:\/\/www.alisveriskulupleri.com\/blog\/uploads\/2011\/01\/louis-vuitton-2011-pre-fall-koleksiyonu-11.jpg\" alt=\"\" width=\"570\" height=\"427\" \/><\/a><\/p>\n<p><a href=\"https:\/\/www.alisveriskulupleri.com\/blog\/uploads\/2011\/01\/louis-vuitton-2011-pre-fall-koleksiyonu-12.jpg\"><img loading=\"lazy\" decoding=\"async\" class=\"aligncenter size-medium wp-image-2619\" src=\"https:\/\/www.alisveriskulupleri.com\/blog\/uploads\/2011\/01\/louis-vuitton-2011-pre-fall-koleksiyonu-12.jpg\" alt=\"\" width=\"570\" height=\"427\" \/><\/a><\/p>\n","protected":false},"excerpt":{"rendered":"<p>Julie de Libran&#8217;\u0131n tasarlad\u0131\u011f\u0131 Louis Vuitton 2011 Pre-Fall koleksiyonu 1920&#8217;li 30&#8217;lu y\u0131llar\u0131n asi k\u0131zlar\u0131n\u0131 g\u00fcn\u00fcm\u00fcze ta\u015f\u0131yor. Libran, Venedik&#8217;e yapt\u0131\u011f\u0131 bir seyahatten yola \u00e7\u0131karak haz\u0131rlad\u0131\u011f\u0131 koleksiyon i\u00e7in &#8220;D\u00fcnyay\u0131 fethetmek i\u00e7in yola \u00e7\u0131kan bir kad\u0131n i\u00e7in, \u00f6zg\u00fcrl\u00fc\u011f\u00fc<span class=\"theme-excerpt-more\"> [&#8230;] <a href=\"https:\/\/www.alisveriskulupleri.com\/blog\/louis-vuitton-2011-pre-fall-koleksiyonu.html\" title=\"Louis Vuitton 2011 pre-fall koleksiyonu\">Read More<\/a><\/span><\/p>\n","protected":false},"author":4,"featured_media":0,"comment_status":"open","ping_status":"open","sticky":false,"template":"","format":"standard","meta":{"footnotes":""},"categories":[33],"tags":[96,182,116,65,69,39,40,589,61,418,97],"class_list":["post-2613","post","type-post","status-publish","format-standard","hentry","category-look-book","tag-2010-moda","tag-182","tag-elbise","tag-kadin","tag-koleksiyon","tag-look","tag-lookbook","tag-louis-vuitton","tag-moda","tag-pre-fall","tag-trend"],"yoast_head":"<!-- This site is optimized with the Yoast SEO plugin v24.1 - https:\/\/yoast.com\/wordpress\/plugins\/seo\/ -->\n<title>Louis Vuitton 2011 pre-fall koleksiyonu - Al\u0131\u015fveri\u015f Kul\u00fcpleri<\/title>\n<meta name=\"robots\" content=\"index, follow, max-snippet:-1, max-image-preview:large, max-video-preview:-1\" \/>\n<link rel=\"canonical\" href=\"https:\/\/www.alisveriskulupleri.com\/blog\/louis-vuitton-2011-pre-fall-koleksiyonu.html\" \/>\n<meta property=\"og:locale\" content=\"tr_TR\" \/>\n<meta property=\"og:type\" content=\"article\" \/>\n<meta property=\"og:title\" content=\"Louis Vuitton 2011 pre-fall koleksiyonu - Al\u0131\u015fveri\u015f Kul\u00fcpleri\" \/>\n<meta property=\"og:description\" content=\"Julie de Libran&#8217;\u0131n tasarlad\u0131\u011f\u0131 Louis Vuitton 2011 Pre-Fall koleksiyonu 1920&#8217;li 30&#8217;lu y\u0131llar\u0131n asi k\u0131zlar\u0131n\u0131 g\u00fcn\u00fcm\u00fcze ta\u015f\u0131yor. Libran, Venedik&#8217;e yapt\u0131\u011f\u0131 bir seyahatten yola \u00e7\u0131karak haz\u0131rlad\u0131\u011f\u0131 koleksiyon i\u00e7in &#8220;D\u00fcnyay\u0131 fethetmek i\u00e7in yola \u00e7\u0131kan bir kad\u0131n i\u00e7in, \u00f6zg\u00fcrl\u00fc\u011f\u00fc [...] Read More\" \/>\n<meta property=\"og:url\" content=\"https:\/\/www.alisveriskulupleri.com\/blog\/louis-vuitton-2011-pre-fall-koleksiyonu.html\" \/>\n<meta property=\"og:site_name\" content=\"Al\u0131\u015fveri\u015f Kul\u00fcpleri\" \/>\n<meta property=\"article:publisher\" content=\"https:\/\/www.facebook.com\/alisveriskulupleri\" \/>\n<meta property=\"article:published_time\" content=\"2011-01-20T21:31:10+00:00\" \/>\n<meta property=\"article:modified_time\" content=\"2011-06-13T10:17:37+00:00\" \/>\n<meta property=\"og:image\" content=\"https:\/\/www.alisveriskulupleri.com\/blog\/uploads\/2011\/01\/louis-vuitton-2011-pre-fall-koleksiyonu-1.jpg\" \/>\n<meta name=\"author\" content=\"sebnem\" \/>\n<meta name=\"twitter:card\" content=\"summary_large_image\" \/>\n<meta name=\"twitter:creator\" content=\"@akulupleri\" \/>\n<meta name=\"twitter:site\" content=\"@akulupleri\" \/>\n<meta name=\"twitter:label1\" content=\"Yazan:\" \/>\n\t<meta name=\"twitter:data1\" content=\"sebnem\" \/>\n<script type=\"application\/ld+json\" class=\"yoast-schema-graph\">{\"@context\":\"https:\/\/schema.org\",\"@graph\":[{\"@type\":\"WebPage\",\"@id\":\"https:\/\/www.alisveriskulupleri.com\/blog\/louis-vuitton-2011-pre-fall-koleksiyonu.html\",\"url\":\"https:\/\/www.alisveriskulupleri.com\/blog\/louis-vuitton-2011-pre-fall-koleksiyonu.html\",\"name\":\"Louis Vuitton 2011 pre-fall koleksiyonu - Al\u0131\u015fveri\u015f Kul\u00fcpleri\",\"isPartOf\":{\"@id\":\"https:\/\/www.alisveriskulupleri.com\/blog\/#website\"},\"primaryImageOfPage\":{\"@id\":\"https:\/\/www.alisveriskulupleri.com\/blog\/louis-vuitton-2011-pre-fall-koleksiyonu.html#primaryimage\"},\"image\":{\"@id\":\"https:\/\/www.alisveriskulupleri.com\/blog\/louis-vuitton-2011-pre-fall-koleksiyonu.html#primaryimage\"},\"thumbnailUrl\":\"https:\/\/www.alisveriskulupleri.com\/blog\/uploads\/2011\/01\/louis-vuitton-2011-pre-fall-koleksiyonu-1.jpg\",\"datePublished\":\"2011-01-20T21:31:10+00:00\",\"dateModified\":\"2011-06-13T10:17:37+00:00\",\"author\":{\"@id\":\"https:\/\/www.alisveriskulupleri.com\/blog\/#\/schema\/person\/6b57338271c18ef7bc37f43ad141c681\"},\"breadcrumb\":{\"@id\":\"https:\/\/www.alisveriskulupleri.com\/blog\/louis-vuitton-2011-pre-fall-koleksiyonu.html#breadcrumb\"},\"inLanguage\":\"tr\",\"potentialAction\":[{\"@type\":\"ReadAction\",\"target\":[\"https:\/\/www.alisveriskulupleri.com\/blog\/louis-vuitton-2011-pre-fall-koleksiyonu.html\"]}]},{\"@type\":\"ImageObject\",\"inLanguage\":\"tr\",\"@id\":\"https:\/\/www.alisveriskulupleri.com\/blog\/louis-vuitton-2011-pre-fall-koleksiyonu.html#primaryimage\",\"url\":\"https:\/\/www.alisveriskulupleri.com\/blog\/uploads\/2011\/01\/louis-vuitton-2011-pre-fall-koleksiyonu-1.jpg\",\"contentUrl\":\"https:\/\/www.alisveriskulupleri.com\/blog\/uploads\/2011\/01\/louis-vuitton-2011-pre-fall-koleksiyonu-1.jpg\"},{\"@type\":\"BreadcrumbList\",\"@id\":\"https:\/\/www.alisveriskulupleri.com\/blog\/louis-vuitton-2011-pre-fall-koleksiyonu.html#breadcrumb\",\"itemListElement\":[{\"@type\":\"ListItem\",\"position\":1,\"name\":\"Ana sayfa\",\"item\":\"https:\/\/www.alisveriskulupleri.com\/blog\/\"},{\"@type\":\"ListItem\",\"position\":2,\"name\":\"Louis Vuitton 2011 pre-fall koleksiyonu\"}]},{\"@type\":\"WebSite\",\"@id\":\"https:\/\/www.alisveriskulupleri.com\/blog\/#website\",\"url\":\"https:\/\/www.alisveriskulupleri.com\/blog\/\",\"name\":\"Al\u0131\u015fveri\u015f Kul\u00fcpleri\",\"description\":\"\",\"potentialAction\":[{\"@type\":\"SearchAction\",\"target\":{\"@type\":\"EntryPoint\",\"urlTemplate\":\"https:\/\/www.alisveriskulupleri.com\/blog\/?s={search_term_string}\"},\"query-input\":{\"@type\":\"PropertyValueSpecification\",\"valueRequired\":true,\"valueName\":\"search_term_string\"}}],\"inLanguage\":\"tr\"},{\"@type\":\"Person\",\"@id\":\"https:\/\/www.alisveriskulupleri.com\/blog\/#\/schema\/person\/6b57338271c18ef7bc37f43ad141c681\",\"name\":\"sebnem\",\"image\":{\"@type\":\"ImageObject\",\"inLanguage\":\"tr\",\"@id\":\"https:\/\/www.alisveriskulupleri.com\/blog\/#\/schema\/person\/image\/\",\"url\":\"https:\/\/secure.gravatar.com\/avatar\/e74205ddbbd5d1c7e5b92f9fa564626f?s=96&d=mm&r=g\",\"contentUrl\":\"https:\/\/secure.gravatar.com\/avatar\/e74205ddbbd5d1c7e5b92f9fa564626f?s=96&d=mm&r=g\",\"caption\":\"sebnem\"},\"url\":\"https:\/\/www.alisveriskulupleri.com\/blog\/author\/sebnem\"}]}<\/script>\n<!-- \/ Yoast SEO plugin. -->","yoast_head_json":{"title":"Louis Vuitton 2011 pre-fall koleksiyonu - Al\u0131\u015fveri\u015f Kul\u00fcpleri","robots":{"index":"index","follow":"follow","max-snippet":"max-snippet:-1","max-image-preview":"max-image-preview:large","max-video-preview":"max-video-preview:-1"},"canonical":"https:\/\/www.alisveriskulupleri.com\/blog\/louis-vuitton-2011-pre-fall-koleksiyonu.html","og_locale":"tr_TR","og_type":"article","og_title":"Louis Vuitton 2011 pre-fall koleksiyonu - Al\u0131\u015fveri\u015f Kul\u00fcpleri","og_description":"Julie de Libran&#8217;\u0131n tasarlad\u0131\u011f\u0131 Louis Vuitton 2011 Pre-Fall koleksiyonu 1920&#8217;li 30&#8217;lu y\u0131llar\u0131n asi k\u0131zlar\u0131n\u0131 g\u00fcn\u00fcm\u00fcze ta\u015f\u0131yor. Libran, Venedik&#8217;e yapt\u0131\u011f\u0131 bir seyahatten yola \u00e7\u0131karak haz\u0131rlad\u0131\u011f\u0131 koleksiyon i\u00e7in &#8220;D\u00fcnyay\u0131 fethetmek i\u00e7in yola \u00e7\u0131kan bir kad\u0131n i\u00e7in, \u00f6zg\u00fcrl\u00fc\u011f\u00fc [...] Read More","og_url":"https:\/\/www.alisveriskulupleri.com\/blog\/louis-vuitton-2011-pre-fall-koleksiyonu.html","og_site_name":"Al\u0131\u015fveri\u015f Kul\u00fcpleri","article_publisher":"https:\/\/www.facebook.com\/alisveriskulupleri","article_published_time":"2011-01-20T21:31:10+00:00","article_modified_time":"2011-06-13T10:17:37+00:00","og_image":[{"url":"https:\/\/www.alisveriskulupleri.com\/blog\/uploads\/2011\/01\/louis-vuitton-2011-pre-fall-koleksiyonu-1.jpg","type":"","width":"","height":""}],"author":"sebnem","twitter_card":"summary_large_image","twitter_creator":"@akulupleri","twitter_site":"@akulupleri","twitter_misc":{"Yazan:":"sebnem"},"schema":{"@context":"https:\/\/schema.org","@graph":[{"@type":"WebPage","@id":"https:\/\/www.alisveriskulupleri.com\/blog\/louis-vuitton-2011-pre-fall-koleksiyonu.html","url":"https:\/\/www.alisveriskulupleri.com\/blog\/louis-vuitton-2011-pre-fall-koleksiyonu.html","name":"Louis Vuitton 2011 pre-fall koleksiyonu - Al\u0131\u015fveri\u015f Kul\u00fcpleri","isPartOf":{"@id":"https:\/\/www.alisveriskulupleri.com\/blog\/#website"},"primaryImageOfPage":{"@id":"https:\/\/www.alisveriskulupleri.com\/blog\/louis-vuitton-2011-pre-fall-koleksiyonu.html#primaryimage"},"image":{"@id":"https:\/\/www.alisveriskulupleri.com\/blog\/louis-vuitton-2011-pre-fall-koleksiyonu.html#primaryimage"},"thumbnailUrl":"https:\/\/www.alisveriskulupleri.com\/blog\/uploads\/2011\/01\/louis-vuitton-2011-pre-fall-koleksiyonu-1.jpg","datePublished":"2011-01-20T21:31:10+00:00","dateModified":"2011-06-13T10:17:37+00:00","author":{"@id":"https:\/\/www.alisveriskulupleri.com\/blog\/#\/schema\/person\/6b57338271c18ef7bc37f43ad141c681"},"breadcrumb":{"@id":"https:\/\/www.alisveriskulupleri.com\/blog\/louis-vuitton-2011-pre-fall-koleksiyonu.html#breadcrumb"},"inLanguage":"tr","potentialAction":[{"@type":"ReadAction","target":["https:\/\/www.alisveriskulupleri.com\/blog\/louis-vuitton-2011-pre-fall-koleksiyonu.html"]}]},{"@type":"ImageObject","inLanguage":"tr","@id":"https:\/\/www.alisveriskulupleri.com\/blog\/louis-vuitton-2011-pre-fall-koleksiyonu.html#primaryimage","url":"https:\/\/www.alisveriskulupleri.com\/blog\/uploads\/2011\/01\/louis-vuitton-2011-pre-fall-koleksiyonu-1.jpg","contentUrl":"https:\/\/www.alisveriskulupleri.com\/blog\/uploads\/2011\/01\/louis-vuitton-2011-pre-fall-koleksiyonu-1.jpg"},{"@type":"BreadcrumbList","@id":"https:\/\/www.alisveriskulupleri.com\/blog\/louis-vuitton-2011-pre-fall-koleksiyonu.html#breadcrumb","itemListElement":[{"@type":"ListItem","position":1,"name":"Ana sayfa","item":"https:\/\/www.alisveriskulupleri.com\/blog\/"},{"@type":"ListItem","position":2,"name":"Louis Vuitton 2011 pre-fall koleksiyonu"}]},{"@type":"WebSite","@id":"https:\/\/www.alisveriskulupleri.com\/blog\/#website","url":"https:\/\/www.alisveriskulupleri.com\/blog\/","name":"Al\u0131\u015fveri\u015f Kul\u00fcpleri","description":"","potentialAction":[{"@type":"SearchAction","target":{"@type":"EntryPoint","urlTemplate":"https:\/\/www.alisveriskulupleri.com\/blog\/?s={search_term_string}"},"query-input":{"@type":"PropertyValueSpecification","valueRequired":true,"valueName":"search_term_string"}}],"inLanguage":"tr"},{"@type":"Person","@id":"https:\/\/www.alisveriskulupleri.com\/blog\/#\/schema\/person\/6b57338271c18ef7bc37f43ad141c681","name":"sebnem","image":{"@type":"ImageObject","inLanguage":"tr","@id":"https:\/\/www.alisveriskulupleri.com\/blog\/#\/schema\/person\/image\/","url":"https:\/\/secure.gravatar.com\/avatar\/e74205ddbbd5d1c7e5b92f9fa564626f?s=96&d=mm&r=g","contentUrl":"https:\/\/secure.gravatar.com\/avatar\/e74205ddbbd5d1c7e5b92f9fa564626f?s=96&d=mm&r=g","caption":"sebnem"},"url":"https:\/\/www.alisveriskulupleri.com\/blog\/author\/sebnem"}]}},"_links":{"self":[{"href":"https:\/\/www.alisveriskulupleri.com\/blog\/wp-json\/wp\/v2\/posts\/2613","targetHints":{"allow":["GET"]}}],"collection":[{"href":"https:\/\/www.alisveriskulupleri.com\/blog\/wp-json\/wp\/v2\/posts"}],"about":[{"href":"https:\/\/www.alisveriskulupleri.com\/blog\/wp-json\/wp\/v2\/types\/post"}],"author":[{"embeddable":true,"href":"https:\/\/www.alisveriskulupleri.com\/blog\/wp-json\/wp\/v2\/users\/4"}],"replies":[{"embeddable":true,"href":"https:\/\/www.alisveriskulupleri.com\/blog\/wp-json\/wp\/v2\/comments?post=2613"}],"version-history":[{"count":11,"href":"https:\/\/www.alisveriskulupleri.com\/blog\/wp-json\/wp\/v2\/posts\/2613\/revisions"}],"predecessor-version":[{"id":2711,"href":"https:\/\/www.alisveriskulupleri.com\/blog\/wp-json\/wp\/v2\/posts\/2613\/revisions\/2711"}],"wp:attachment":[{"href":"https:\/\/www.alisveriskulupleri.com\/blog\/wp-json\/wp\/v2\/media?parent=2613"}],"wp:term":[{"taxonomy":"category","embeddable":true,"href":"https:\/\/www.alisveriskulupleri.com\/blog\/wp-json\/wp\/v2\/categories?post=2613"},{"taxonomy":"post_tag","embeddable":true,"href":"https:\/\/www.alisveriskulupleri.com\/blog\/wp-json\/wp\/v2\/tags?post=2613"}],"curies":[{"name":"wp","href":"https:\/\/api.w.org\/{rel}","templated":true}]}}