{"id":16482,"date":"2013-12-22T22:36:26","date_gmt":"2013-12-22T20:36:26","guid":{"rendered":"https:\/\/www.alisveriskulupleri.com\/blog\/?p=16482"},"modified":"2013-12-22T22:36:26","modified_gmt":"2013-12-22T20:36:26","slug":"burak-uyan-2014-ilkbahar-yaz-ayakkabi-koleksiyonu","status":"publish","type":"post","link":"https:\/\/www.alisveriskulupleri.com\/blog\/burak-uyan-2014-ilkbahar-yaz-ayakkabi-koleksiyonu.html","title":{"rendered":"Burak Uyan 2014 ilkbahar \/ yaz ayakkab\u0131 koleksiyonu"},"content":{"rendered":"<p><a href=\"https:\/\/www.alisveriskulupleri.com\/blog\/uploads\/2013\/11\/burak-uyan-2014-ilkbahar-yaz-ayakkabi-koleksiyonu1.jpg\"><img loading=\"lazy\" decoding=\"async\" class=\"aligncenter size-medium wp-image-16483\" src=\"https:\/\/www.alisveriskulupleri.com\/blog\/uploads\/2013\/11\/burak-uyan-2014-ilkbahar-yaz-ayakkabi-koleksiyonu1-570x357.jpg\" alt=\"Burak Uyan 2014 ilkbahar \/ yaz ayakkab\u0131 koleksiyonu\" width=\"570\" height=\"357\" srcset=\"https:\/\/www.alisveriskulupleri.com\/blog\/uploads\/2013\/11\/burak-uyan-2014-ilkbahar-yaz-ayakkabi-koleksiyonu1-570x357.jpg 570w, https:\/\/www.alisveriskulupleri.com\/blog\/uploads\/2013\/11\/burak-uyan-2014-ilkbahar-yaz-ayakkabi-koleksiyonu1.jpg 750w\" sizes=\"auto, (max-width: 570px) 100vw, 570px\" \/><\/a><\/p>\n<h3>Mutlaka ke\u015ffedilmesi gereken dahi bir tasar\u0131mc\u0131; Burak Uyan!<\/h3>\n<p><a href=\"https:\/\/www.alisveriskulupleri.com\/blog\/uploads\/2013\/11\/burak-uyan-2014-ilkbahar-yaz-ayakkabi-koleksiyonu2.jpg\"><img loading=\"lazy\" decoding=\"async\" class=\"size-medium wp-image-15245 alignright\" src=\"https:\/\/www.alisveriskulupleri.com\/blog\/uploads\/2013\/11\/burak-uyan-2014-ilkbahar-yaz-ayakkabi-koleksiyonu2.jpg\" alt=\"Burak Uyan 2014 ilkbahar \/ yaz ayakkab\u0131 koleksiyonu\" width=\"228\" height=\"342\" \/><\/a>Yak\u0131n gelecekte <strong>Burak Uyan<\/strong> ismini olduk\u00e7a s\u0131k bir bi\u00e7imde duymaya ba\u015flayacaks\u0131n\u0131z, zira kendisi \u00fcn\u00fc d\u00fcnyaya yay\u0131lmakta olan gen\u00e7 ve \u00e7ok yetenekli T\u00fcrk as\u0131ll\u0131 Alman bir ayakkab\u0131 tasar\u0131mc\u0131s\u0131.<\/p>\n<p>1978 y\u0131l\u0131nda Almanya\u2019da do\u011fan Burak Uyan, <strong>Hatzendorf Moda Okulu<\/strong>\u2019ndan mezun olmu\u015f. <strong>Alberto Marani<\/strong> markas\u0131nda i\u015fe girerek ad\u0131m att\u0131\u011f\u0131 kariyerine <strong>Givenchy<\/strong> ve <strong>Giambattista Valli<\/strong> gibi prestijli d\u00fcnya markalar\u0131 ile devam etmi\u015f.<\/p>\n<p>2010 y\u0131l\u0131ndan bu yana kendi ad\u0131 ile kendi markas\u0131n\u0131 yaratan tasar\u0131mc\u0131n\u0131n 2012 k\u0131\u015f koleksiyonuna ait ayakkab\u0131lar, d\u00fcnya \u00e7ap\u0131nda l\u00fcks ve prestijli 40\u2019dan fazla butikte sat\u0131\u015fa sunulmu\u015f.<\/p>\n<p>Paris\u2019te ya\u015fayan Burak Uyan\u2019\u0131n \u00fcn\u00fc her sezon giderek artaca\u011fa benziyor.<\/p>\n<p>O y\u00fczden \u015fimdiden bu yetenekli ve gen\u00e7 tasar\u0131mc\u0131n\u0131n <strong>sanat eseri vari bir hava ta\u015f\u0131yan g\u00f6z al\u0131c\u0131 ayakkab\u0131lar\u0131na<\/strong> bir g\u00f6z at\u0131n hakk\u0131nda bir kulak dolgunlu\u011funuz olsun istedim ve bu yaz\u0131y\u0131 yazmaya karar verdim.<\/p>\n<p><a href=\"https:\/\/www.alisveriskulupleri.com\/blog\/uploads\/2013\/11\/burak-uyan-2014-ilkbahar-yaz-ayakkabi-koleksiyonu3.jpg\"><img loading=\"lazy\" decoding=\"async\" class=\"size-medium wp-image-15245 alignleft\" src=\"https:\/\/www.alisveriskulupleri.com\/blog\/uploads\/2013\/11\/burak-uyan-2014-ilkbahar-yaz-ayakkabi-koleksiyonu3-570x697.jpg\" alt=\"Burak Uyan 2014 ilkbahar \/ yaz ayakkab\u0131 koleksiyonu\" width=\"220\" height=\"268\" \/><\/a>\u015eimdi gelelim \u00f6ve \u00f6ve bitiremedi\u011fimiz tasar\u0131mc\u0131n\u0131n \u00f6n\u00fcm\u00fczdeki 2014 ilkbahar\/yaz koleksiyonu i\u00e7in tasarlad\u0131\u011f\u0131 birbirinden g\u00fczel ayakkab\u0131lara!<\/p>\n<p>Burak Uyan\u2019\u0131n 2014 ilkbahar \/ yaz koleksiyonunu \u00fc\u00e7 kelime ile \u00f6zetlemek gerekirse seksi, renkli ve ba\u015f d\u00f6nd\u00fcren ayakkab\u0131lardan olu\u015ftu\u011funu s\u00f6yleyebiliriz.<\/p>\n<p>\u00c7arp\u0131c\u0131 renk kombinasyonlar\u0131, haval\u0131 tasar\u0131m detaylar\u0131, kontrast yaratan dokular; bu dikkat \u00e7ekici koleksiyonun \u00f6ne \u00e7\u0131kmas\u0131n\u0131 sa\u011flayan \u00f6gelerden yaln\u0131zca birka\u00e7\u0131n\u0131 olu\u015fturuyor.<\/p>\n<p>2014 y\u0131l\u0131nda <strong>metalik trendi<\/strong> olduk\u00e7a pop\u00fcler olacak, Burak Uyan\u2019da bu trendi hemen yakalam\u0131\u015f ve koleksiyonunda \u00e7arp\u0131c\u0131 metalik dokulara ve renklere bolca yer vermi\u015f.<\/p>\n<p><a href=\"https:\/\/www.alisveriskulupleri.com\/blog\/uploads\/2013\/11\/burak-uyan-2014-ilkbahar-yaz-ayakkabi-koleksiyonu4.jpg\"><img loading=\"lazy\" decoding=\"async\" class=\"size-medium wp-image-15245 alignright\" src=\"https:\/\/www.alisveriskulupleri.com\/blog\/uploads\/2013\/11\/burak-uyan-2014-ilkbahar-yaz-ayakkabi-koleksiyonu4-570x697.jpg\" alt=\"Burak Uyan 2014 ilkbahar \/ yaz ayakkab\u0131 koleksiyonu\" width=\"220\" height=\"268\" \/><\/a>Metalik trendini, cesur ve \u00e7arp\u0131c\u0131 bir ayakkab\u0131 tasar\u0131m\u0131 ile yakalamak isteyenler Burak Uyan\u2019\u0131n koleksiyonuna bay\u0131lacaklar eminim.<\/p>\n<p>2014 bahar\u0131nda h\u00e2l\u00e2 pop\u00fclerli\u011fini s\u00fcrd\u00fcrecek trendler aras\u0131nda <strong>animal prints<\/strong> (hayvan derisi bask\u0131lar\u0131) ve <strong>z\u0131mbalar<\/strong> yer al\u0131yor. Koleksiyonda her iki trendi yans\u0131tan tasar\u0131mlara rastlamak m\u00fcmk\u00fcn.<\/p>\n<p>Bilhassa saks mavisi rengindeki y\u0131lan derisi bask\u0131l\u0131 stilettolara i\u00e7im gitti desem ne dersiniz?<\/p>\n<p>Koleksiyon genelinde<strong> ince ve y\u00fcksek topuklar<\/strong> g\u00f6zleniyor ancak bu y\u00fcksek ince topuklu modellerin son derece <strong>rahat kal\u0131plara<\/strong> sahip oldu\u011fu s\u00f6yleniyor.<\/p>\n<p>Koleksiyondaki bu cesur ve birbirinden g\u00fczel ayakkab\u0131lar\u0131n <strong>g\u00fcnl\u00fck hayat i\u00e7erisinde modadan ve stilinden \u00f6d\u00fcn vermek istemeyen cesur \u015fehirli kad\u0131nlara<\/strong>y\u00f6nelik olarak tasarlanm\u0131\u015f oldu\u011fu bu nedenle de <strong>konforun<\/strong> da en az g\u00f6z al\u0131c\u0131 tasar\u0131mlar kadar \u00f6ne \u00e7\u0131kan bir \u00f6ge oldu\u011fu belirtiliyor!<\/p>\n<p><a href=\"https:\/\/www.alisveriskulupleri.com\/blog\/uploads\/2013\/11\/burak-uyan-2014-ilkbahar-yaz-ayakkabi-koleksiyonu5.jpg\"><img loading=\"lazy\" decoding=\"async\" class=\"size-medium wp-image-15245 alignleft\" src=\"https:\/\/www.alisveriskulupleri.com\/blog\/uploads\/2013\/11\/burak-uyan-2014-ilkbahar-yaz-ayakkabi-koleksiyonu5-570x697.jpg\" alt=\"Burak Uyan 2014 ilkbahar \/ yaz ayakkab\u0131 koleksiyonu\" width=\"220\" height=\"268\" \/><\/a>Burak Uyan\u2019\u0131n ilkbahar ve yaz d\u00f6nemi i\u00e7in tasar\u0131mlar\u0131nda \u00f6ne \u00e7\u0131kan renkler aras\u0131nda mor, nar\u00e7i\u00e7e\u011fi rengi, nane ye\u015fili, saks mavisi, turkuaz, fu\u015fya, siyah, lila, sar\u0131, pudra ve a\u00e7\u0131k yavru a\u011fz\u0131 rengi bulunuyor.<\/p>\n<p>Topuklu giymeyi sevmiyorsan\u0131z sak\u0131n \u00fcz\u00fclmeyin tasar\u0131mlar\u0131n i\u00e7erisinde en az stilettolar kadar \u015f\u0131k ve g\u00f6z al\u0131c\u0131 <strong>topuksuz modeller<\/strong> de bulunuyor.<\/p>\n<p>Tanesi ortalama olarak 400 Amerikan Dolar\u0131\u2019ndan ba\u015flayan fiyatlarla sat\u0131\u015fa sunulan bu tasar\u0131m harikas\u0131 ayakkab\u0131lar i\u00e7in biraz para biriktirmeye ve hatta b\u00fct\u00e7emizi zorlamaya bence de\u011fer! ;)<\/p>\n<p>Modeller \u00f6yle zamans\u0131z bir g\u00fczelli\u011fe sahip ki d\u00fczg\u00fcn muhafaza ederseniz torununuza bile miras b\u0131rakabilece\u011finiz t\u00fcrden <strong>vintage bir etkiye<\/strong> de sahipler!<\/p>\n<p><a href=\"https:\/\/www.alisveriskulupleri.com\/blog\/uploads\/2013\/11\/burak-uyan-2014-ilkbahar-yaz-ayakkabi-koleksiyonu6.jpg\"><img loading=\"lazy\" decoding=\"async\" class=\"size-medium wp-image-15245 alignright\" src=\"https:\/\/www.alisveriskulupleri.com\/blog\/uploads\/2013\/11\/burak-uyan-2014-ilkbahar-yaz-ayakkabi-koleksiyonu6-570x697.jpg\" alt=\"Burak Uyan 2014 ilkbahar \/ yaz ayakkab\u0131 koleksiyonu\" width=\"220\" height=\"268\" \/><\/a>\u015euan yaln\u0131zca yurt d\u0131\u015f\u0131ndaki butiklerden veya yabanc\u0131 online ma\u011fazalardan sat\u0131n alabilece\u011fimiz Burak Uyar tasar\u0131m\u0131 ayakkab\u0131lar\u0131 umar\u0131m ki yak\u0131n gelecekte \u00fclkemizdeki ma\u011fazalarda da g\u00f6rmek m\u00fcmk\u00fcn olur.<\/p>\n<p>T\u00fcrk as\u0131ll\u0131 Alman tasar\u0131mc\u0131, en son verdi\u011fi r\u00f6portajlarda kendi ad\u0131 ve soy ad\u0131ndan olu\u015fan <strong>\u201cburakuyan\u201d<\/strong> markas\u0131n\u0131n tamamlanmas\u0131 ad\u0131na ayakkab\u0131 tasar\u0131mlar\u0131na karde\u015f olarak \u00e7anta, erkek ayakkab\u0131s\u0131 ve bayan giyim koleksiyonlar\u0131 da tasarlayaca\u011f\u0131n\u0131n sinyallerini veriyor.<\/p>\n<p>Do\u011frusu ayakkab\u0131 konusunda bu derece ho\u015f tasar\u0131mlar yapan birinin kad\u0131n giyim koleksiyonu nas\u0131l olur merak etmeden duram\u0131yorum!<\/p>\n<p>Son olarak; biz bu yetenekli tasar\u0131mc\u0131y\u0131 hen\u00fcz yeni yeni ke\u015ffediyoruz ama, d\u00fcnyada \u00fcn\u00fc epey yay\u0131lm\u0131\u015f olmal\u0131 ki Burak Uyan tasar\u0131mlar\u0131 giyen bir\u00e7ok \u00fcnl\u00fc isim var.<\/p>\n<p>Bunlar\u0131n aras\u0131nda <strong>Cameron Diaz<\/strong>, <strong>Drew Barrymore<\/strong>, <strong>Olivia Wilde<\/strong>, <strong>Margherita Missoni<\/strong>, <strong>Lucy Liu<\/strong> ve <strong>Giovanna Battaglia<\/strong> da bulunuyor.<\/p>\n","protected":false},"excerpt":{"rendered":"<p>Mutlaka ke\u015ffedilmesi gereken dahi bir tasar\u0131mc\u0131; Burak Uyan! Yak\u0131n gelecekte Burak Uyan ismini olduk\u00e7a s\u0131k bir bi\u00e7imde duymaya ba\u015flayacaks\u0131n\u0131z, zira kendisi \u00fcn\u00fc d\u00fcnyaya yay\u0131lmakta olan gen\u00e7 ve \u00e7ok yetenekli T\u00fcrk as\u0131ll\u0131 Alman bir ayakkab\u0131 tasar\u0131mc\u0131s\u0131.<span class=\"theme-excerpt-more\"> [&#8230;] <a href=\"https:\/\/www.alisveriskulupleri.com\/blog\/burak-uyan-2014-ilkbahar-yaz-ayakkabi-koleksiyonu.html\" title=\"Burak Uyan 2014 ilkbahar \/ yaz ayakkab\u0131 koleksiyonu\">Read More<\/a><\/span><\/p>\n","protected":false},"author":9,"featured_media":0,"comment_status":"open","ping_status":"closed","sticky":false,"template":"","format":"standard","meta":{"footnotes":""},"categories":[44,26],"tags":[5078,5077,5079,5213,5076,2843,5080,5082,5081],"class_list":["post-16482","post","type-post","status-publish","format-standard","hentry","category-guncel","category-trend-iz","tag-2014-ayakkabi-modasi","tag-2014-ilkbahar-yaz-ayakkabi-koleksiyonu","tag-2014-ilkbahar-yaz-modasii-2014-ayakkabi-trendleri","tag-ayakkabi","tag-ayakkabi-tasarimcisi","tag-burak-uyan","tag-burakuyan","tag-renkli-ayakkabilar","tag-stiletto-tasarimlari"],"yoast_head":"<!-- This site is optimized with the Yoast SEO plugin v24.1 - https:\/\/yoast.com\/wordpress\/plugins\/seo\/ -->\n<title>Burak Uyan 2014 ilkbahar \/ yaz ayakkab\u0131 koleksiyonu - Al\u0131\u015fveri\u015f Kul\u00fcpleri<\/title>\n<meta name=\"robots\" content=\"index, follow, max-snippet:-1, max-image-preview:large, max-video-preview:-1\" \/>\n<link rel=\"canonical\" href=\"https:\/\/www.alisveriskulupleri.com\/blog\/burak-uyan-2014-ilkbahar-yaz-ayakkabi-koleksiyonu.html\" \/>\n<meta property=\"og:locale\" content=\"tr_TR\" \/>\n<meta property=\"og:type\" content=\"article\" \/>\n<meta property=\"og:title\" content=\"Burak Uyan 2014 ilkbahar \/ yaz ayakkab\u0131 koleksiyonu - Al\u0131\u015fveri\u015f Kul\u00fcpleri\" \/>\n<meta property=\"og:description\" content=\"Mutlaka ke\u015ffedilmesi gereken dahi bir tasar\u0131mc\u0131; Burak Uyan! Yak\u0131n gelecekte Burak Uyan ismini olduk\u00e7a s\u0131k bir bi\u00e7imde duymaya ba\u015flayacaks\u0131n\u0131z, zira kendisi \u00fcn\u00fc d\u00fcnyaya yay\u0131lmakta olan gen\u00e7 ve \u00e7ok yetenekli T\u00fcrk as\u0131ll\u0131 Alman bir ayakkab\u0131 tasar\u0131mc\u0131s\u0131. [...] Read More\" \/>\n<meta property=\"og:url\" content=\"https:\/\/www.alisveriskulupleri.com\/blog\/burak-uyan-2014-ilkbahar-yaz-ayakkabi-koleksiyonu.html\" \/>\n<meta property=\"og:site_name\" content=\"Al\u0131\u015fveri\u015f Kul\u00fcpleri\" \/>\n<meta property=\"article:publisher\" content=\"https:\/\/www.facebook.com\/alisveriskulupleri\" \/>\n<meta property=\"article:published_time\" content=\"2013-12-22T20:36:26+00:00\" \/>\n<meta property=\"og:image\" content=\"https:\/\/www.alisveriskulupleri.com\/blog\/uploads\/2013\/11\/burak-uyan-2014-ilkbahar-yaz-ayakkabi-koleksiyonu1-570x357.jpg\" \/>\n<meta name=\"author\" content=\"Meltem \u015eafak\" \/>\n<meta name=\"twitter:card\" content=\"summary_large_image\" \/>\n<meta name=\"twitter:creator\" content=\"@http:\/\/twitter.com\/#!\/pisijane\" \/>\n<meta name=\"twitter:site\" content=\"@akulupleri\" \/>\n<meta name=\"twitter:label1\" content=\"Yazan:\" \/>\n\t<meta name=\"twitter:data1\" content=\"Meltem \u015eafak\" \/>\n\t<meta name=\"twitter:label2\" content=\"Tahmini okuma s\u00fcresi\" \/>\n\t<meta name=\"twitter:data2\" content=\"4 dakika\" \/>\n<script type=\"application\/ld+json\" class=\"yoast-schema-graph\">{\"@context\":\"https:\/\/schema.org\",\"@graph\":[{\"@type\":\"WebPage\",\"@id\":\"https:\/\/www.alisveriskulupleri.com\/blog\/burak-uyan-2014-ilkbahar-yaz-ayakkabi-koleksiyonu.html\",\"url\":\"https:\/\/www.alisveriskulupleri.com\/blog\/burak-uyan-2014-ilkbahar-yaz-ayakkabi-koleksiyonu.html\",\"name\":\"Burak Uyan 2014 ilkbahar \/ yaz ayakkab\u0131 koleksiyonu - Al\u0131\u015fveri\u015f Kul\u00fcpleri\",\"isPartOf\":{\"@id\":\"https:\/\/www.alisveriskulupleri.com\/blog\/#website\"},\"primaryImageOfPage\":{\"@id\":\"https:\/\/www.alisveriskulupleri.com\/blog\/burak-uyan-2014-ilkbahar-yaz-ayakkabi-koleksiyonu.html#primaryimage\"},\"image\":{\"@id\":\"https:\/\/www.alisveriskulupleri.com\/blog\/burak-uyan-2014-ilkbahar-yaz-ayakkabi-koleksiyonu.html#primaryimage\"},\"thumbnailUrl\":\"https:\/\/www.alisveriskulupleri.com\/blog\/uploads\/2013\/11\/burak-uyan-2014-ilkbahar-yaz-ayakkabi-koleksiyonu1-570x357.jpg\",\"datePublished\":\"2013-12-22T20:36:26+00:00\",\"dateModified\":\"2013-12-22T20:36:26+00:00\",\"author\":{\"@id\":\"https:\/\/www.alisveriskulupleri.com\/blog\/#\/schema\/person\/1e720746ccc4457a55d6c121a8e60ad5\"},\"breadcrumb\":{\"@id\":\"https:\/\/www.alisveriskulupleri.com\/blog\/burak-uyan-2014-ilkbahar-yaz-ayakkabi-koleksiyonu.html#breadcrumb\"},\"inLanguage\":\"tr\",\"potentialAction\":[{\"@type\":\"ReadAction\",\"target\":[\"https:\/\/www.alisveriskulupleri.com\/blog\/burak-uyan-2014-ilkbahar-yaz-ayakkabi-koleksiyonu.html\"]}]},{\"@type\":\"ImageObject\",\"inLanguage\":\"tr\",\"@id\":\"https:\/\/www.alisveriskulupleri.com\/blog\/burak-uyan-2014-ilkbahar-yaz-ayakkabi-koleksiyonu.html#primaryimage\",\"url\":\"https:\/\/www.alisveriskulupleri.com\/blog\/uploads\/2013\/11\/burak-uyan-2014-ilkbahar-yaz-ayakkabi-koleksiyonu1.jpg\",\"contentUrl\":\"https:\/\/www.alisveriskulupleri.com\/blog\/uploads\/2013\/11\/burak-uyan-2014-ilkbahar-yaz-ayakkabi-koleksiyonu1.jpg\",\"width\":\"750\",\"height\":\"470\",\"caption\":\"Burak Uyan 2014 ilkbahar \/ yaz ayakkab\u0131 koleksiyonu\"},{\"@type\":\"BreadcrumbList\",\"@id\":\"https:\/\/www.alisveriskulupleri.com\/blog\/burak-uyan-2014-ilkbahar-yaz-ayakkabi-koleksiyonu.html#breadcrumb\",\"itemListElement\":[{\"@type\":\"ListItem\",\"position\":1,\"name\":\"Ana sayfa\",\"item\":\"https:\/\/www.alisveriskulupleri.com\/blog\/\"},{\"@type\":\"ListItem\",\"position\":2,\"name\":\"Burak Uyan 2014 ilkbahar \/ yaz ayakkab\u0131 koleksiyonu\"}]},{\"@type\":\"WebSite\",\"@id\":\"https:\/\/www.alisveriskulupleri.com\/blog\/#website\",\"url\":\"https:\/\/www.alisveriskulupleri.com\/blog\/\",\"name\":\"Al\u0131\u015fveri\u015f Kul\u00fcpleri\",\"description\":\"\",\"potentialAction\":[{\"@type\":\"SearchAction\",\"target\":{\"@type\":\"EntryPoint\",\"urlTemplate\":\"https:\/\/www.alisveriskulupleri.com\/blog\/?s={search_term_string}\"},\"query-input\":{\"@type\":\"PropertyValueSpecification\",\"valueRequired\":true,\"valueName\":\"search_term_string\"}}],\"inLanguage\":\"tr\"},{\"@type\":\"Person\",\"@id\":\"https:\/\/www.alisveriskulupleri.com\/blog\/#\/schema\/person\/1e720746ccc4457a55d6c121a8e60ad5\",\"name\":\"Meltem \u015eafak\",\"image\":{\"@type\":\"ImageObject\",\"inLanguage\":\"tr\",\"@id\":\"https:\/\/www.alisveriskulupleri.com\/blog\/#\/schema\/person\/image\/\",\"url\":\"https:\/\/secure.gravatar.com\/avatar\/61ceafb22dfb2a2257ff39bbf99edb74?s=96&d=mm&r=g\",\"contentUrl\":\"https:\/\/secure.gravatar.com\/avatar\/61ceafb22dfb2a2257ff39bbf99edb74?s=96&d=mm&r=g\",\"caption\":\"Meltem \u015eafak\"},\"description\":\"Anadolu \u00dcniversitesi Reklamc\u0131l\u0131k &amp; Halkla \u0130li\u015fkiler mezunu, evli ve 2 kedi annesi bir edit\u00f6r\u00fcm:) Kozmetik, moda ve al\u0131\u015fveri\u015f tutkunuyum! Merakl\u0131 bir Ko\u00e7 burcu olarak g\u00fcndemi takip etmek ve en ilgin\u00e7 ipu\u00e7lar\u0131n\u0131 bulup payla\u015fmak benim i\u00e7in bir hobi. E\u011flenceli ve aa aa! dedirten \u015feyler okumak i\u00e7in beni takip edin!\",\"sameAs\":[\"https:\/\/x.com\/http:\/\/twitter.com\/#!\/pisijane\"],\"url\":\"https:\/\/www.alisveriskulupleri.com\/blog\/author\/meltem\"}]}<\/script>\n<!-- \/ Yoast SEO plugin. -->","yoast_head_json":{"title":"Burak Uyan 2014 ilkbahar \/ yaz ayakkab\u0131 koleksiyonu - Al\u0131\u015fveri\u015f Kul\u00fcpleri","robots":{"index":"index","follow":"follow","max-snippet":"max-snippet:-1","max-image-preview":"max-image-preview:large","max-video-preview":"max-video-preview:-1"},"canonical":"https:\/\/www.alisveriskulupleri.com\/blog\/burak-uyan-2014-ilkbahar-yaz-ayakkabi-koleksiyonu.html","og_locale":"tr_TR","og_type":"article","og_title":"Burak Uyan 2014 ilkbahar \/ yaz ayakkab\u0131 koleksiyonu - Al\u0131\u015fveri\u015f Kul\u00fcpleri","og_description":"Mutlaka ke\u015ffedilmesi gereken dahi bir tasar\u0131mc\u0131; Burak Uyan! Yak\u0131n gelecekte Burak Uyan ismini olduk\u00e7a s\u0131k bir bi\u00e7imde duymaya ba\u015flayacaks\u0131n\u0131z, zira kendisi \u00fcn\u00fc d\u00fcnyaya yay\u0131lmakta olan gen\u00e7 ve \u00e7ok yetenekli T\u00fcrk as\u0131ll\u0131 Alman bir ayakkab\u0131 tasar\u0131mc\u0131s\u0131. [...] Read More","og_url":"https:\/\/www.alisveriskulupleri.com\/blog\/burak-uyan-2014-ilkbahar-yaz-ayakkabi-koleksiyonu.html","og_site_name":"Al\u0131\u015fveri\u015f Kul\u00fcpleri","article_publisher":"https:\/\/www.facebook.com\/alisveriskulupleri","article_published_time":"2013-12-22T20:36:26+00:00","og_image":[{"url":"https:\/\/www.alisveriskulupleri.com\/blog\/uploads\/2013\/11\/burak-uyan-2014-ilkbahar-yaz-ayakkabi-koleksiyonu1-570x357.jpg","type":"","width":"","height":""}],"author":"Meltem \u015eafak","twitter_card":"summary_large_image","twitter_creator":"@http:\/\/twitter.com\/#!\/pisijane","twitter_site":"@akulupleri","twitter_misc":{"Yazan:":"Meltem \u015eafak","Tahmini okuma s\u00fcresi":"4 dakika"},"schema":{"@context":"https:\/\/schema.org","@graph":[{"@type":"WebPage","@id":"https:\/\/www.alisveriskulupleri.com\/blog\/burak-uyan-2014-ilkbahar-yaz-ayakkabi-koleksiyonu.html","url":"https:\/\/www.alisveriskulupleri.com\/blog\/burak-uyan-2014-ilkbahar-yaz-ayakkabi-koleksiyonu.html","name":"Burak Uyan 2014 ilkbahar \/ yaz ayakkab\u0131 koleksiyonu - Al\u0131\u015fveri\u015f Kul\u00fcpleri","isPartOf":{"@id":"https:\/\/www.alisveriskulupleri.com\/blog\/#website"},"primaryImageOfPage":{"@id":"https:\/\/www.alisveriskulupleri.com\/blog\/burak-uyan-2014-ilkbahar-yaz-ayakkabi-koleksiyonu.html#primaryimage"},"image":{"@id":"https:\/\/www.alisveriskulupleri.com\/blog\/burak-uyan-2014-ilkbahar-yaz-ayakkabi-koleksiyonu.html#primaryimage"},"thumbnailUrl":"https:\/\/www.alisveriskulupleri.com\/blog\/uploads\/2013\/11\/burak-uyan-2014-ilkbahar-yaz-ayakkabi-koleksiyonu1-570x357.jpg","datePublished":"2013-12-22T20:36:26+00:00","dateModified":"2013-12-22T20:36:26+00:00","author":{"@id":"https:\/\/www.alisveriskulupleri.com\/blog\/#\/schema\/person\/1e720746ccc4457a55d6c121a8e60ad5"},"breadcrumb":{"@id":"https:\/\/www.alisveriskulupleri.com\/blog\/burak-uyan-2014-ilkbahar-yaz-ayakkabi-koleksiyonu.html#breadcrumb"},"inLanguage":"tr","potentialAction":[{"@type":"ReadAction","target":["https:\/\/www.alisveriskulupleri.com\/blog\/burak-uyan-2014-ilkbahar-yaz-ayakkabi-koleksiyonu.html"]}]},{"@type":"ImageObject","inLanguage":"tr","@id":"https:\/\/www.alisveriskulupleri.com\/blog\/burak-uyan-2014-ilkbahar-yaz-ayakkabi-koleksiyonu.html#primaryimage","url":"https:\/\/www.alisveriskulupleri.com\/blog\/uploads\/2013\/11\/burak-uyan-2014-ilkbahar-yaz-ayakkabi-koleksiyonu1.jpg","contentUrl":"https:\/\/www.alisveriskulupleri.com\/blog\/uploads\/2013\/11\/burak-uyan-2014-ilkbahar-yaz-ayakkabi-koleksiyonu1.jpg","width":"750","height":"470","caption":"Burak Uyan 2014 ilkbahar \/ yaz ayakkab\u0131 koleksiyonu"},{"@type":"BreadcrumbList","@id":"https:\/\/www.alisveriskulupleri.com\/blog\/burak-uyan-2014-ilkbahar-yaz-ayakkabi-koleksiyonu.html#breadcrumb","itemListElement":[{"@type":"ListItem","position":1,"name":"Ana sayfa","item":"https:\/\/www.alisveriskulupleri.com\/blog\/"},{"@type":"ListItem","position":2,"name":"Burak Uyan 2014 ilkbahar \/ yaz ayakkab\u0131 koleksiyonu"}]},{"@type":"WebSite","@id":"https:\/\/www.alisveriskulupleri.com\/blog\/#website","url":"https:\/\/www.alisveriskulupleri.com\/blog\/","name":"Al\u0131\u015fveri\u015f Kul\u00fcpleri","description":"","potentialAction":[{"@type":"SearchAction","target":{"@type":"EntryPoint","urlTemplate":"https:\/\/www.alisveriskulupleri.com\/blog\/?s={search_term_string}"},"query-input":{"@type":"PropertyValueSpecification","valueRequired":true,"valueName":"search_term_string"}}],"inLanguage":"tr"},{"@type":"Person","@id":"https:\/\/www.alisveriskulupleri.com\/blog\/#\/schema\/person\/1e720746ccc4457a55d6c121a8e60ad5","name":"Meltem \u015eafak","image":{"@type":"ImageObject","inLanguage":"tr","@id":"https:\/\/www.alisveriskulupleri.com\/blog\/#\/schema\/person\/image\/","url":"https:\/\/secure.gravatar.com\/avatar\/61ceafb22dfb2a2257ff39bbf99edb74?s=96&d=mm&r=g","contentUrl":"https:\/\/secure.gravatar.com\/avatar\/61ceafb22dfb2a2257ff39bbf99edb74?s=96&d=mm&r=g","caption":"Meltem \u015eafak"},"description":"Anadolu \u00dcniversitesi Reklamc\u0131l\u0131k &amp; Halkla \u0130li\u015fkiler mezunu, evli ve 2 kedi annesi bir edit\u00f6r\u00fcm:) Kozmetik, moda ve al\u0131\u015fveri\u015f tutkunuyum! Merakl\u0131 bir Ko\u00e7 burcu olarak g\u00fcndemi takip etmek ve en ilgin\u00e7 ipu\u00e7lar\u0131n\u0131 bulup payla\u015fmak benim i\u00e7in bir hobi. E\u011flenceli ve aa aa! dedirten \u015feyler okumak i\u00e7in beni takip edin!","sameAs":["https:\/\/x.com\/http:\/\/twitter.com\/#!\/pisijane"],"url":"https:\/\/www.alisveriskulupleri.com\/blog\/author\/meltem"}]}},"_links":{"self":[{"href":"https:\/\/www.alisveriskulupleri.com\/blog\/wp-json\/wp\/v2\/posts\/16482","targetHints":{"allow":["GET"]}}],"collection":[{"href":"https:\/\/www.alisveriskulupleri.com\/blog\/wp-json\/wp\/v2\/posts"}],"about":[{"href":"https:\/\/www.alisveriskulupleri.com\/blog\/wp-json\/wp\/v2\/types\/post"}],"author":[{"embeddable":true,"href":"https:\/\/www.alisveriskulupleri.com\/blog\/wp-json\/wp\/v2\/users\/9"}],"replies":[{"embeddable":true,"href":"https:\/\/www.alisveriskulupleri.com\/blog\/wp-json\/wp\/v2\/comments?post=16482"}],"version-history":[{"count":19,"href":"https:\/\/www.alisveriskulupleri.com\/blog\/wp-json\/wp\/v2\/posts\/16482\/revisions"}],"predecessor-version":[{"id":16574,"href":"https:\/\/www.alisveriskulupleri.com\/blog\/wp-json\/wp\/v2\/posts\/16482\/revisions\/16574"}],"wp:attachment":[{"href":"https:\/\/www.alisveriskulupleri.com\/blog\/wp-json\/wp\/v2\/media?parent=16482"}],"wp:term":[{"taxonomy":"category","embeddable":true,"href":"https:\/\/www.alisveriskulupleri.com\/blog\/wp-json\/wp\/v2\/categories?post=16482"},{"taxonomy":"post_tag","embeddable":true,"href":"https:\/\/www.alisveriskulupleri.com\/blog\/wp-json\/wp\/v2\/tags?post=16482"}],"curies":[{"name":"wp","href":"https:\/\/api.w.org\/{rel}","templated":true}]}}