{"id":16162,"date":"2013-09-10T12:26:16","date_gmt":"2013-09-10T10:26:16","guid":{"rendered":"https:\/\/www.alisveriskulupleri.com\/blog\/?p=16162"},"modified":"2013-09-10T12:26:16","modified_gmt":"2013-09-10T10:26:16","slug":"2013-sonbahar-makyaj-trendleri","status":"publish","type":"post","link":"https:\/\/www.alisveriskulupleri.com\/blog\/2013-sonbahar-makyaj-trendleri.html","title":{"rendered":"2013 sonbahar makyaj trendleri"},"content":{"rendered":"<p><a href=\"https:\/\/www.alisveriskulupleri.com\/blog\/uploads\/2013\/08\/2013-sonbahar-makyaj-trendleri1.jpg\"><img loading=\"lazy\" decoding=\"async\" class=\"aligncenter size-medium wp-image-16163\" src=\"https:\/\/www.alisveriskulupleri.com\/blog\/uploads\/2013\/08\/2013-sonbahar-makyaj-trendleri1-570x357.jpg\" alt=\"2013 sonbahar makyaj trendleri\" width=\"570\" height=\"357\" srcset=\"https:\/\/www.alisveriskulupleri.com\/blog\/uploads\/2013\/08\/2013-sonbahar-makyaj-trendleri1-570x357.jpg 570w, https:\/\/www.alisveriskulupleri.com\/blog\/uploads\/2013\/08\/2013-sonbahar-makyaj-trendleri1.jpg 750w\" sizes=\"auto, (max-width: 570px) 100vw, 570px\" \/><\/a><\/p>\n<h3>Yaz\u0131n son g\u00fcnlerini ya\u015farken, yakla\u015fan sonbahar ve k\u0131\u015f modas\u0131na dair makyaj trendlerine g\u00f6z atmakta yarar var!<\/h3>\n<p><a href=\"https:\/\/www.alisveriskulupleri.com\/blog\/uploads\/2013\/08\/2013-sonbahar-makyaj-trendleri2.jpg\"><img loading=\"lazy\" decoding=\"async\" class=\"size-medium wp-image-15245 alignright\" src=\"https:\/\/www.alisveriskulupleri.com\/blog\/uploads\/2013\/08\/2013-sonbahar-makyaj-trendleri2.jpg\" alt=\"2013 sonbahar makyaj trendleri\" width=\"228\" height=\"256\" \/><\/a>2013 sonbahar makyaj trendleri belli oldu ve imajlar\u0131n yan\u0131 s\u0131ra yepyeni c\u0131v\u0131l c\u0131v\u0131l \u00fcr\u00fcnler de ma\u011fazalar\u0131n raflar\u0131nda yerini almaya ba\u015flad\u0131!<\/p>\n<p>Bu demektir ki; biran \u00f6nce yakla\u015fan <strong>yeni mevsimin makyaj trendlerini<\/strong> \u00f6\u011frenmeli ve kozmetik koleksiyonumuzda eksik olanlar\u0131 tamamlamal\u0131 veya <strong>yeni \u00e7\u0131kan \u00fcr\u00fcnler<\/strong> t\u00fckenmeden favori par\u00e7alar\u0131m\u0131z\u0131 aralar\u0131ndan se\u00e7meliyiz!<\/p>\n<p>\u0130\u015fte kar\u015f\u0131n\u0131zda yeni sezona ait birbirinden etkileyici makyaj trendleri:<\/p>\n<p><strong>\u015earap rengi dudaklar<\/strong><\/p>\n<p>\u015eayet dudaklar\u0131n\u0131z y\u00fcz\u00fcn\u00fczde vurgulamay\u0131 sevdi\u011finiz bir b\u00f6lge ise, makyaj\u0131n\u0131z\u0131 sezonun yeni trendlerine uygun g\u00f6stermek i\u00e7in kaliteli bir <strong>\u015farap rengi ruja <\/strong>yat\u0131r\u0131m yapman\u0131z yeter de artar!<\/p>\n<p>2013 sonbahar \/ k\u0131\u015f defilelerinde <em>Louis Vuitton<\/em>, <em>Fendi<\/em>, <em>Anthony Vaccarello<\/em>, <em>Vivienne Tam<\/em>, <em>Vera Wang<\/em>, <em>Derek Lam<\/em> ve <em>Miu Miu<\/em> \u015farap rengi tonlar\u0131nda rujlar kulland\u0131!<\/p>\n<p>Cil tonunuzla uyumlu olacak bir \u015farap rengi yakalay\u0131n ister mor alt tonlu isterse k\u0131z\u0131l alt tonlu bir bordo olsun; bu k\u0131\u015f, <strong>koyu renk dudaklarla<\/strong> \u00e7ok g\u00f6z alacaks\u0131n\u0131z!<\/p>\n<p><a href=\"https:\/\/www.alisveriskulupleri.com\/blog\/uploads\/2013\/08\/2013-sonbahar-makyaj-trendleri3.jpg\"><img loading=\"lazy\" decoding=\"async\" class=\"size-medium wp-image-15245 alignleft\" src=\"https:\/\/www.alisveriskulupleri.com\/blog\/uploads\/2013\/08\/2013-sonbahar-makyaj-trendleri3.jpg\" alt=\"2013 sonbahar makyaj trendleri\" width=\"182\" height=\"205\" \/><\/a><strong>Kedi g\u00f6zleri yeniden moda!<\/strong><\/p>\n<p>Eyelinerlar\u0131n\u0131z\u0131 saklad\u0131\u011f\u0131n\u0131z yerden \u00e7\u0131kar\u0131n, \u00e7\u00fcnk\u00fc \u00f6n\u00fcm\u00fczdeki sezon <strong>kedi g\u00f6z\u00fc eyeliner modeli <\/strong>\u00e7ok moda!<\/p>\n<p>Hatta modac\u0131lar bu durumu u\u00e7lara kadar g\u00f6t\u00fcrd\u00fcler ve <strong>\u00e7ok kal\u0131n \u00e7ekilen eyeliner<\/strong> imajlar\u0131n\u0131 defilelerinde kulland\u0131lar bile!<\/p>\n<p>\u0130ster ince ister kal\u0131n yahut klasik siyah veya renkli nas\u0131l tercih ederseniz edin, ama mutlaka bu sonbahar ve k\u0131\u015f mottonuz<strong> &#8220;eyeliners\u0131z \u00e7\u0131kmam&#8221;<\/strong> olsun! :)<\/p>\n<p><a href=\"https:\/\/www.alisveriskulupleri.com\/blog\/uploads\/2013\/08\/2013-sonbahar-makyaj-trendleri4.jpg\"><img loading=\"lazy\" decoding=\"async\" class=\"size-medium wp-image-15245 alignright\" src=\"https:\/\/www.alisveriskulupleri.com\/blog\/uploads\/2013\/08\/2013-sonbahar-makyaj-trendleri4.jpg\" alt=\"2013 sonbahar makyaj trendleri\" width=\"182\" height=\"205\" \/><\/a><strong>90\u2019lar\u0131n grunge g\u00f6r\u00fcn\u00fcm\u00fc<\/strong><\/p>\n<p>Havalar so\u011fumaya ba\u015flad\u0131\u011f\u0131nda <strong>90\u2019l\u0131 y\u0131llar\u0131n grunge g\u00f6r\u00fcn\u00fcm\u00fcn\u00fc<\/strong> an\u0131msatan <strong>koyu dumanl\u0131 da\u011f\u0131lm\u0131\u015f g\u00f6z makyajlar\u0131<\/strong> ve <strong>nude veya koyu renk dudaklar <\/strong>\u00e7ok moda olacak!<\/p>\n<p>Dumanl\u0131 g\u00f6z makyaj\u0131n\u0131z\u0131 yap\u0131p sonra f\u0131r\u00e7a ile g\u00f6z\u00fcn\u00fcz\u00fcn \u00e7evresine akm\u0131\u015f gibi bula\u015ft\u0131rmaya \u00f6zen g\u00f6sterdi\u011finizde an\u0131nda stiliniz de\u011fi\u015fecek ve <strong>vah\u015fi ve gotik<\/strong> bir havaya b\u00fcr\u00fcneceksiniz!<\/p>\n<p><strong>Metalik ve p\u0131r\u0131lt\u0131l\u0131 tonlar<\/strong><\/p>\n<p><a href=\"https:\/\/www.alisveriskulupleri.com\/blog\/uploads\/2013\/08\/2013-sonbahar-makyaj-trendleri5.jpg\"><img loading=\"lazy\" decoding=\"async\" class=\"size-medium wp-image-15245 alignleft\" src=\"https:\/\/www.alisveriskulupleri.com\/blog\/uploads\/2013\/08\/2013-sonbahar-makyaj-trendleri5.jpg\" alt=\"2013 sonbahar makyaj trendleri\" width=\"182\" height=\"205\" \/><\/a>Bu sezon <strong>simli ve metalik renkli eyelinerlar\u0131<\/strong> art\u0131k sadece gen\u00e7 k\u0131zlar kullanmayacak! <\/p>\n<p><em>Chanel<\/em>, <em>Donna Karan<\/em>, <em>J. Mendel<\/em> ve <em>Thakoon<\/em> defilelerinde g\u00f6z kama\u015ft\u0131r\u0131c\u0131 metalik tonlu makyajlara yer verdi.<\/p>\n<p>Mutlaka kozmetik e\u015fyalar\u0131n\u0131z aras\u0131na, bir simli ve bir de metalik tonlarda eyeliner veya g\u00f6z kalemi dahil edin!<\/p>\n<p><strong>Minimal ve nat\u00fcrel<\/strong><\/p>\n<p>Bunca simli, metalik, koyu renkli ve dumanl\u0131 trendin aras\u0131nda; az makyaj yapmay\u0131 ve do\u011fall\u0131\u011f\u0131 sevenleri de unutmam\u0131\u015flar elbette ki!<\/p>\n<p><a href=\"https:\/\/www.alisveriskulupleri.com\/blog\/uploads\/2013\/08\/2013-sonbahar-makyaj-trendleri6.jpg\"><img loading=\"lazy\" decoding=\"async\" class=\"size-medium wp-image-15245 alignright\" src=\"https:\/\/www.alisveriskulupleri.com\/blog\/uploads\/2013\/08\/2013-sonbahar-makyaj-trendleri6.jpg\" alt=\"2013 sonbahar makyaj trendleri\" width=\"182\" height=\"205\" \/><\/a>Bu sezon \u00fcstteki trendlerin yan\u0131 s\u0131ra <strong>mat, do\u011fal ve nat\u00fcrel g\u00f6r\u00fcn\u00fcmler<\/strong> de \u00e7ok moda ama bir \u015fartla <strong>ka\u015flar kal\u0131n ve belirgin olacak<\/strong>!<\/p>\n<p><em>Ralph Lauren<\/em> ve <em>DKNY<\/em> yeni sezon defilelerinde g\u00fcnl\u00fck, \u00e7abas\u0131z g\u00fczelli\u011fi yans\u0131tan nat\u00fcrel makyajlara yer vermi\u015fler.<\/p>\n<p>Bu konuda da mat ve kal\u0131c\u0131 bir fond\u00f6tene, ayd\u0131nlat\u0131c\u0131 bir pudraya ve <strong>nat\u00fcrel tonlarda bir makyaj paletine<\/strong> yat\u0131r\u0131m yapmak en iyisi gibi g\u00f6r\u00fcn\u00fcyor.<\/p>\n<p><strong>Dikkat \u00e7ekici renkler<\/strong><\/p>\n<p><a href=\"https:\/\/www.alisveriskulupleri.com\/blog\/uploads\/2013\/08\/2013-sonbahar-makyaj-trendleri7.jpg\"><img loading=\"lazy\" decoding=\"async\" class=\"size-medium wp-image-15245 alignleft\" src=\"https:\/\/www.alisveriskulupleri.com\/blog\/uploads\/2013\/08\/2013-sonbahar-makyaj-trendleri7.jpg\" alt=\"2013 sonbahar makyaj trendleri\" width=\"182\" height=\"205\" \/><\/a>Sezonun pop\u00fcler trendi koyu tonlar bende depresyon yarat\u0131yor ve ne\u015feli modumu ka\u00e7\u0131r\u0131yor diyorsan\u0131z bir di\u011fer alternatif trendin m\u00fcjdesini vereyim sizlere <strong>dikkat \u00e7ekici parlak ve yo\u011fun renkler<\/strong>!<\/p>\n<p>Koyu tonlar yerine <strong>k\u0131pk\u0131rm\u0131z\u0131 bir rujla<\/strong> veya \u00f6zg\u00fcveninizi test edebilecek derecede <strong>pigmentasyonu y\u00fcksek dikkat \u00e7ekici mosmor bir far<\/strong> ile yeni sezon trendleri ile uyumlu bir makyaj yaratabilirsiniz.<\/p>\n<p>Bu trendi bilhassa <em>Dolce &amp; Gabbana<\/em>&#8216;n\u0131n yeni sezon defilelerinde g\u00f6zlemleyebilirsiniz!<\/p>\n","protected":false},"excerpt":{"rendered":"<p>Yaz\u0131n son g\u00fcnlerini ya\u015farken, yakla\u015fan sonbahar ve k\u0131\u015f modas\u0131na dair makyaj trendlerine g\u00f6z atmakta yarar var! 2013 sonbahar makyaj trendleri belli oldu ve imajlar\u0131n yan\u0131 s\u0131ra yepyeni c\u0131v\u0131l c\u0131v\u0131l \u00fcr\u00fcnler de ma\u011fazalar\u0131n raflar\u0131nda yerini almaya<span class=\"theme-excerpt-more\"> [&#8230;] <a href=\"https:\/\/www.alisveriskulupleri.com\/blog\/2013-sonbahar-makyaj-trendleri.html\" title=\"2013 sonbahar makyaj trendleri\">Read More<\/a><\/span><\/p>\n","protected":false},"author":9,"featured_media":0,"comment_status":"open","ping_status":"closed","sticky":false,"template":"","format":"standard","meta":{"footnotes":""},"categories":[44,32,26],"tags":[4749,5006,5005,4391,5008,5007,5009,1709,382,383,5012,5013,5010,5011,2285],"class_list":["post-16162","post","type-post","status-publish","format-standard","hentry","category-guncel","category-guzel-iz","category-trend-iz","tag-2013-makyaj-trendleri","tag-2013-sonbahar-makyaj-modasi","tag-2013-sonbahar-makyaj-trendleri","tag-dumanli-goz-makyaji","tag-gotik-makyaj","tag-grunge-makyaj","tag-kedi-gozu-eyeliner","tag-kozmetik","tag-makyaj","tag-makyaj-trendleri","tag-metalik-makyaj","tag-renkli-eyeliner","tag-sarap-rengi-dudaklar","tag-sarap-rengi-ruj","tag-simli-makyaj"],"yoast_head":"<!-- This site is optimized with the Yoast SEO plugin v24.1 - https:\/\/yoast.com\/wordpress\/plugins\/seo\/ -->\n<title>2013 sonbahar makyaj trendleri - Al\u0131\u015fveri\u015f Kul\u00fcpleri<\/title>\n<meta name=\"robots\" content=\"index, follow, max-snippet:-1, max-image-preview:large, max-video-preview:-1\" \/>\n<link rel=\"canonical\" href=\"https:\/\/www.alisveriskulupleri.com\/blog\/2013-sonbahar-makyaj-trendleri.html\" \/>\n<meta property=\"og:locale\" content=\"tr_TR\" \/>\n<meta property=\"og:type\" content=\"article\" \/>\n<meta property=\"og:title\" content=\"2013 sonbahar makyaj trendleri - Al\u0131\u015fveri\u015f Kul\u00fcpleri\" \/>\n<meta property=\"og:description\" content=\"Yaz\u0131n son g\u00fcnlerini ya\u015farken, yakla\u015fan sonbahar ve k\u0131\u015f modas\u0131na dair makyaj trendlerine g\u00f6z atmakta yarar var! 2013 sonbahar makyaj trendleri belli oldu ve imajlar\u0131n yan\u0131 s\u0131ra yepyeni c\u0131v\u0131l c\u0131v\u0131l \u00fcr\u00fcnler de ma\u011fazalar\u0131n raflar\u0131nda yerini almaya [...] Read More\" \/>\n<meta property=\"og:url\" content=\"https:\/\/www.alisveriskulupleri.com\/blog\/2013-sonbahar-makyaj-trendleri.html\" \/>\n<meta property=\"og:site_name\" content=\"Al\u0131\u015fveri\u015f Kul\u00fcpleri\" \/>\n<meta property=\"article:publisher\" content=\"https:\/\/www.facebook.com\/alisveriskulupleri\" \/>\n<meta property=\"article:published_time\" content=\"2013-09-10T10:26:16+00:00\" \/>\n<meta property=\"og:image\" content=\"https:\/\/www.alisveriskulupleri.com\/blog\/uploads\/2013\/08\/2013-sonbahar-makyaj-trendleri1-570x357.jpg\" \/>\n<meta name=\"author\" content=\"Meltem \u015eafak\" \/>\n<meta name=\"twitter:card\" content=\"summary_large_image\" \/>\n<meta name=\"twitter:creator\" content=\"@http:\/\/twitter.com\/#!\/pisijane\" \/>\n<meta name=\"twitter:site\" content=\"@akulupleri\" \/>\n<meta name=\"twitter:label1\" content=\"Yazan:\" \/>\n\t<meta name=\"twitter:data1\" content=\"Meltem \u015eafak\" \/>\n\t<meta name=\"twitter:label2\" content=\"Tahmini okuma s\u00fcresi\" \/>\n\t<meta name=\"twitter:data2\" content=\"3 dakika\" \/>\n<script type=\"application\/ld+json\" class=\"yoast-schema-graph\">{\"@context\":\"https:\/\/schema.org\",\"@graph\":[{\"@type\":\"WebPage\",\"@id\":\"https:\/\/www.alisveriskulupleri.com\/blog\/2013-sonbahar-makyaj-trendleri.html\",\"url\":\"https:\/\/www.alisveriskulupleri.com\/blog\/2013-sonbahar-makyaj-trendleri.html\",\"name\":\"2013 sonbahar makyaj trendleri - Al\u0131\u015fveri\u015f Kul\u00fcpleri\",\"isPartOf\":{\"@id\":\"https:\/\/www.alisveriskulupleri.com\/blog\/#website\"},\"primaryImageOfPage\":{\"@id\":\"https:\/\/www.alisveriskulupleri.com\/blog\/2013-sonbahar-makyaj-trendleri.html#primaryimage\"},\"image\":{\"@id\":\"https:\/\/www.alisveriskulupleri.com\/blog\/2013-sonbahar-makyaj-trendleri.html#primaryimage\"},\"thumbnailUrl\":\"https:\/\/www.alisveriskulupleri.com\/blog\/uploads\/2013\/08\/2013-sonbahar-makyaj-trendleri1-570x357.jpg\",\"datePublished\":\"2013-09-10T10:26:16+00:00\",\"dateModified\":\"2013-09-10T10:26:16+00:00\",\"author\":{\"@id\":\"https:\/\/www.alisveriskulupleri.com\/blog\/#\/schema\/person\/1e720746ccc4457a55d6c121a8e60ad5\"},\"breadcrumb\":{\"@id\":\"https:\/\/www.alisveriskulupleri.com\/blog\/2013-sonbahar-makyaj-trendleri.html#breadcrumb\"},\"inLanguage\":\"tr\",\"potentialAction\":[{\"@type\":\"ReadAction\",\"target\":[\"https:\/\/www.alisveriskulupleri.com\/blog\/2013-sonbahar-makyaj-trendleri.html\"]}]},{\"@type\":\"ImageObject\",\"inLanguage\":\"tr\",\"@id\":\"https:\/\/www.alisveriskulupleri.com\/blog\/2013-sonbahar-makyaj-trendleri.html#primaryimage\",\"url\":\"https:\/\/www.alisveriskulupleri.com\/blog\/uploads\/2013\/08\/2013-sonbahar-makyaj-trendleri1.jpg\",\"contentUrl\":\"https:\/\/www.alisveriskulupleri.com\/blog\/uploads\/2013\/08\/2013-sonbahar-makyaj-trendleri1.jpg\",\"width\":\"750\",\"height\":\"470\",\"caption\":\"2013 sonbahar makyaj trendleri\"},{\"@type\":\"BreadcrumbList\",\"@id\":\"https:\/\/www.alisveriskulupleri.com\/blog\/2013-sonbahar-makyaj-trendleri.html#breadcrumb\",\"itemListElement\":[{\"@type\":\"ListItem\",\"position\":1,\"name\":\"Ana sayfa\",\"item\":\"https:\/\/www.alisveriskulupleri.com\/blog\/\"},{\"@type\":\"ListItem\",\"position\":2,\"name\":\"2013 sonbahar makyaj trendleri\"}]},{\"@type\":\"WebSite\",\"@id\":\"https:\/\/www.alisveriskulupleri.com\/blog\/#website\",\"url\":\"https:\/\/www.alisveriskulupleri.com\/blog\/\",\"name\":\"Al\u0131\u015fveri\u015f Kul\u00fcpleri\",\"description\":\"\",\"potentialAction\":[{\"@type\":\"SearchAction\",\"target\":{\"@type\":\"EntryPoint\",\"urlTemplate\":\"https:\/\/www.alisveriskulupleri.com\/blog\/?s={search_term_string}\"},\"query-input\":{\"@type\":\"PropertyValueSpecification\",\"valueRequired\":true,\"valueName\":\"search_term_string\"}}],\"inLanguage\":\"tr\"},{\"@type\":\"Person\",\"@id\":\"https:\/\/www.alisveriskulupleri.com\/blog\/#\/schema\/person\/1e720746ccc4457a55d6c121a8e60ad5\",\"name\":\"Meltem \u015eafak\",\"image\":{\"@type\":\"ImageObject\",\"inLanguage\":\"tr\",\"@id\":\"https:\/\/www.alisveriskulupleri.com\/blog\/#\/schema\/person\/image\/\",\"url\":\"https:\/\/secure.gravatar.com\/avatar\/61ceafb22dfb2a2257ff39bbf99edb74?s=96&d=mm&r=g\",\"contentUrl\":\"https:\/\/secure.gravatar.com\/avatar\/61ceafb22dfb2a2257ff39bbf99edb74?s=96&d=mm&r=g\",\"caption\":\"Meltem \u015eafak\"},\"description\":\"Anadolu \u00dcniversitesi Reklamc\u0131l\u0131k &amp; Halkla \u0130li\u015fkiler mezunu, evli ve 2 kedi annesi bir edit\u00f6r\u00fcm:) Kozmetik, moda ve al\u0131\u015fveri\u015f tutkunuyum! Merakl\u0131 bir Ko\u00e7 burcu olarak g\u00fcndemi takip etmek ve en ilgin\u00e7 ipu\u00e7lar\u0131n\u0131 bulup payla\u015fmak benim i\u00e7in bir hobi. E\u011flenceli ve aa aa! dedirten \u015feyler okumak i\u00e7in beni takip edin!\",\"sameAs\":[\"https:\/\/x.com\/http:\/\/twitter.com\/#!\/pisijane\"],\"url\":\"https:\/\/www.alisveriskulupleri.com\/blog\/author\/meltem\"}]}<\/script>\n<!-- \/ Yoast SEO plugin. -->","yoast_head_json":{"title":"2013 sonbahar makyaj trendleri - Al\u0131\u015fveri\u015f Kul\u00fcpleri","robots":{"index":"index","follow":"follow","max-snippet":"max-snippet:-1","max-image-preview":"max-image-preview:large","max-video-preview":"max-video-preview:-1"},"canonical":"https:\/\/www.alisveriskulupleri.com\/blog\/2013-sonbahar-makyaj-trendleri.html","og_locale":"tr_TR","og_type":"article","og_title":"2013 sonbahar makyaj trendleri - Al\u0131\u015fveri\u015f Kul\u00fcpleri","og_description":"Yaz\u0131n son g\u00fcnlerini ya\u015farken, yakla\u015fan sonbahar ve k\u0131\u015f modas\u0131na dair makyaj trendlerine g\u00f6z atmakta yarar var! 2013 sonbahar makyaj trendleri belli oldu ve imajlar\u0131n yan\u0131 s\u0131ra yepyeni c\u0131v\u0131l c\u0131v\u0131l \u00fcr\u00fcnler de ma\u011fazalar\u0131n raflar\u0131nda yerini almaya [...] Read More","og_url":"https:\/\/www.alisveriskulupleri.com\/blog\/2013-sonbahar-makyaj-trendleri.html","og_site_name":"Al\u0131\u015fveri\u015f Kul\u00fcpleri","article_publisher":"https:\/\/www.facebook.com\/alisveriskulupleri","article_published_time":"2013-09-10T10:26:16+00:00","og_image":[{"url":"https:\/\/www.alisveriskulupleri.com\/blog\/uploads\/2013\/08\/2013-sonbahar-makyaj-trendleri1-570x357.jpg","type":"","width":"","height":""}],"author":"Meltem \u015eafak","twitter_card":"summary_large_image","twitter_creator":"@http:\/\/twitter.com\/#!\/pisijane","twitter_site":"@akulupleri","twitter_misc":{"Yazan:":"Meltem \u015eafak","Tahmini okuma s\u00fcresi":"3 dakika"},"schema":{"@context":"https:\/\/schema.org","@graph":[{"@type":"WebPage","@id":"https:\/\/www.alisveriskulupleri.com\/blog\/2013-sonbahar-makyaj-trendleri.html","url":"https:\/\/www.alisveriskulupleri.com\/blog\/2013-sonbahar-makyaj-trendleri.html","name":"2013 sonbahar makyaj trendleri - Al\u0131\u015fveri\u015f Kul\u00fcpleri","isPartOf":{"@id":"https:\/\/www.alisveriskulupleri.com\/blog\/#website"},"primaryImageOfPage":{"@id":"https:\/\/www.alisveriskulupleri.com\/blog\/2013-sonbahar-makyaj-trendleri.html#primaryimage"},"image":{"@id":"https:\/\/www.alisveriskulupleri.com\/blog\/2013-sonbahar-makyaj-trendleri.html#primaryimage"},"thumbnailUrl":"https:\/\/www.alisveriskulupleri.com\/blog\/uploads\/2013\/08\/2013-sonbahar-makyaj-trendleri1-570x357.jpg","datePublished":"2013-09-10T10:26:16+00:00","dateModified":"2013-09-10T10:26:16+00:00","author":{"@id":"https:\/\/www.alisveriskulupleri.com\/blog\/#\/schema\/person\/1e720746ccc4457a55d6c121a8e60ad5"},"breadcrumb":{"@id":"https:\/\/www.alisveriskulupleri.com\/blog\/2013-sonbahar-makyaj-trendleri.html#breadcrumb"},"inLanguage":"tr","potentialAction":[{"@type":"ReadAction","target":["https:\/\/www.alisveriskulupleri.com\/blog\/2013-sonbahar-makyaj-trendleri.html"]}]},{"@type":"ImageObject","inLanguage":"tr","@id":"https:\/\/www.alisveriskulupleri.com\/blog\/2013-sonbahar-makyaj-trendleri.html#primaryimage","url":"https:\/\/www.alisveriskulupleri.com\/blog\/uploads\/2013\/08\/2013-sonbahar-makyaj-trendleri1.jpg","contentUrl":"https:\/\/www.alisveriskulupleri.com\/blog\/uploads\/2013\/08\/2013-sonbahar-makyaj-trendleri1.jpg","width":"750","height":"470","caption":"2013 sonbahar makyaj trendleri"},{"@type":"BreadcrumbList","@id":"https:\/\/www.alisveriskulupleri.com\/blog\/2013-sonbahar-makyaj-trendleri.html#breadcrumb","itemListElement":[{"@type":"ListItem","position":1,"name":"Ana sayfa","item":"https:\/\/www.alisveriskulupleri.com\/blog\/"},{"@type":"ListItem","position":2,"name":"2013 sonbahar makyaj trendleri"}]},{"@type":"WebSite","@id":"https:\/\/www.alisveriskulupleri.com\/blog\/#website","url":"https:\/\/www.alisveriskulupleri.com\/blog\/","name":"Al\u0131\u015fveri\u015f Kul\u00fcpleri","description":"","potentialAction":[{"@type":"SearchAction","target":{"@type":"EntryPoint","urlTemplate":"https:\/\/www.alisveriskulupleri.com\/blog\/?s={search_term_string}"},"query-input":{"@type":"PropertyValueSpecification","valueRequired":true,"valueName":"search_term_string"}}],"inLanguage":"tr"},{"@type":"Person","@id":"https:\/\/www.alisveriskulupleri.com\/blog\/#\/schema\/person\/1e720746ccc4457a55d6c121a8e60ad5","name":"Meltem \u015eafak","image":{"@type":"ImageObject","inLanguage":"tr","@id":"https:\/\/www.alisveriskulupleri.com\/blog\/#\/schema\/person\/image\/","url":"https:\/\/secure.gravatar.com\/avatar\/61ceafb22dfb2a2257ff39bbf99edb74?s=96&d=mm&r=g","contentUrl":"https:\/\/secure.gravatar.com\/avatar\/61ceafb22dfb2a2257ff39bbf99edb74?s=96&d=mm&r=g","caption":"Meltem \u015eafak"},"description":"Anadolu \u00dcniversitesi Reklamc\u0131l\u0131k &amp; Halkla \u0130li\u015fkiler mezunu, evli ve 2 kedi annesi bir edit\u00f6r\u00fcm:) Kozmetik, moda ve al\u0131\u015fveri\u015f tutkunuyum! Merakl\u0131 bir Ko\u00e7 burcu olarak g\u00fcndemi takip etmek ve en ilgin\u00e7 ipu\u00e7lar\u0131n\u0131 bulup payla\u015fmak benim i\u00e7in bir hobi. E\u011flenceli ve aa aa! dedirten \u015feyler okumak i\u00e7in beni takip edin!","sameAs":["https:\/\/x.com\/http:\/\/twitter.com\/#!\/pisijane"],"url":"https:\/\/www.alisveriskulupleri.com\/blog\/author\/meltem"}]}},"_links":{"self":[{"href":"https:\/\/www.alisveriskulupleri.com\/blog\/wp-json\/wp\/v2\/posts\/16162","targetHints":{"allow":["GET"]}}],"collection":[{"href":"https:\/\/www.alisveriskulupleri.com\/blog\/wp-json\/wp\/v2\/posts"}],"about":[{"href":"https:\/\/www.alisveriskulupleri.com\/blog\/wp-json\/wp\/v2\/types\/post"}],"author":[{"embeddable":true,"href":"https:\/\/www.alisveriskulupleri.com\/blog\/wp-json\/wp\/v2\/users\/9"}],"replies":[{"embeddable":true,"href":"https:\/\/www.alisveriskulupleri.com\/blog\/wp-json\/wp\/v2\/comments?post=16162"}],"version-history":[{"count":24,"href":"https:\/\/www.alisveriskulupleri.com\/blog\/wp-json\/wp\/v2\/posts\/16162\/revisions"}],"predecessor-version":[{"id":16282,"href":"https:\/\/www.alisveriskulupleri.com\/blog\/wp-json\/wp\/v2\/posts\/16162\/revisions\/16282"}],"wp:attachment":[{"href":"https:\/\/www.alisveriskulupleri.com\/blog\/wp-json\/wp\/v2\/media?parent=16162"}],"wp:term":[{"taxonomy":"category","embeddable":true,"href":"https:\/\/www.alisveriskulupleri.com\/blog\/wp-json\/wp\/v2\/categories?post=16162"},{"taxonomy":"post_tag","embeddable":true,"href":"https:\/\/www.alisveriskulupleri.com\/blog\/wp-json\/wp\/v2\/tags?post=16162"}],"curies":[{"name":"wp","href":"https:\/\/api.w.org\/{rel}","templated":true}]}}