{"id":15670,"date":"2013-04-16T09:14:07","date_gmt":"2013-04-16T07:14:07","guid":{"rendered":"https:\/\/www.alisveriskulupleri.com\/blog\/?p=15670"},"modified":"2013-04-16T09:14:07","modified_gmt":"2013-04-16T07:14:07","slug":"2013-ilkbahar-modasi-ana-trendleri-ogrenmeden-gecmeyin","status":"publish","type":"post","link":"https:\/\/www.alisveriskulupleri.com\/blog\/2013-ilkbahar-modasi-ana-trendleri-ogrenmeden-gecmeyin.html","title":{"rendered":"2013 ilkbahar modas\u0131: Ana trendleri \u00f6\u011frenmeden ge\u00e7meyin!"},"content":{"rendered":"<p><a href=\"https:\/\/www.alisveriskulupleri.com\/blog\/uploads\/2013\/04\/2013-ilkbahar-modasi1.jpg\"><img loading=\"lazy\" decoding=\"async\" class=\"aligncenter size-medium wp-image-15671\" src=\"https:\/\/www.alisveriskulupleri.com\/blog\/uploads\/2013\/04\/2013-ilkbahar-modasi1-570x357.jpg\" alt=\"2013 ilkbahar modas\u0131: Ana trendleri \u00f6\u011frenmeden ge\u00e7meyin!\" width=\"570\" height=\"357\" srcset=\"https:\/\/www.alisveriskulupleri.com\/blog\/uploads\/2013\/04\/2013-ilkbahar-modasi1-570x357.jpg 570w, https:\/\/www.alisveriskulupleri.com\/blog\/uploads\/2013\/04\/2013-ilkbahar-modasi1.jpg 750w\" sizes=\"auto, (max-width: 570px) 100vw, 570px\" \/><\/a><\/p>\n<h3>Bakal\u0131m bu bahar hangi renkler, ne gibi modeller ve nas\u0131l kuma\u015flar modaym\u0131\u015f?<\/h3>\n<p><a href=\"https:\/\/www.alisveriskulupleri.com\/blog\/uploads\/2013\/04\/2013-ilkbahar-modasi2.jpg\"><img loading=\"lazy\" decoding=\"async\" class=\"size-medium wp-image-15245 alignright\" src=\"https:\/\/www.alisveriskulupleri.com\/blog\/uploads\/2013\/04\/2013-ilkbahar-modasi2-570x570.jpg\" alt=\"2013 ilkbahar modas\u0131: Ana trendleri \u00f6\u011frenmeden ge\u00e7meyin!\" width=\"285\" height=\"285\" \/><\/a>G\u00fcne\u015fli s\u0131cak havalar e\u015fli\u011finde sonunda nisan ay\u0131na geldik sevgili okuyucular, art\u0131k kendimizi bahar\u0131n co\u015fkusuna kapt\u0131rman\u0131n ve d\u0131\u015far\u0131da gezmelere \u00e7\u0131kman\u0131n tam s\u0131ras\u0131!<\/p>\n<p>D\u0131\u015far\u0131s\u0131 dedik, gezmeler dedik tabii ki bu kavramlar; s\u00fcslenmeyi, giyinmeyi ve daha da \u00f6tesi bahar modas\u0131na g\u00f6z k\u0131pmay\u0131 da beraberinde getiriyor!<\/p>\n<p><strong>2013 ilkbahar modas\u0131<\/strong> \u00e7ok stil sahibi, uygulanabilir, \u015f\u0131k ve c\u0131v\u0131l c\u0131v\u0131l trendlerden olu\u015fuyor; ben bay\u0131ld\u0131m, sizin de severek g\u00fcnl\u00fck ya\u015fam\u0131n\u0131zda bu trendlere yer verece\u011finizi d\u00fc\u015f\u00fcn\u00fcyorum.<\/p>\n<p>Gelin hep beraber; bu bahar modaya uygun, \u015f\u0131k ve stil sahibi giyinmek i\u00e7in dikkate almam\u0131z gereken <strong>trendlere<\/strong> bir g\u00f6z atal\u0131m!<\/p>\n<p><strong>1. G\u00fcmb\u00fcr g\u00fcmb\u00fcr gelen bermuda \u015fortlar!<\/strong><\/p>\n<p>Bu bahar, diz hizas\u0131nda veya dizimizin birazc\u0131k \u00fczerinde bermuda \u015fortlar \u00e7ok moda!<\/p>\n<p>G\u00fcnl\u00fck giyiminizde kullan\u0131m\u0131 olduk\u00e7a rahat bir giysi olan <strong>bermuda \u015fortlara<\/strong> s\u0131k s\u0131k yer verebilirsiniz, zira \u00e7ok ge\u00e7meden t\u00fcm vitrinleri reng\u00e2renk bin bir \u00e7e\u015fit \u015fort s\u00fcsleyecek!<\/p>\n<p><a href=\"https:\/\/www.alisveriskulupleri.com\/blog\/uploads\/2013\/04\/2013-ilkbahar-modasi3.jpg\"><img loading=\"lazy\" decoding=\"async\" class=\"size-medium wp-image-15245 alignleft\" src=\"https:\/\/www.alisveriskulupleri.com\/blog\/uploads\/2013\/04\/2013-ilkbahar-modasi3-570x379.jpg\" alt=\"2013 ilkbahar modas\u0131: Ana trendleri \u00f6\u011frenmeden ge\u00e7meyin!\" width=\"285\" height=\"189\" \/><\/a>Ayr\u0131ca <strong>bermuda \u015fort ve ceketlerden olu\u015fan tak\u0131m elbiseler<\/strong> de, bu bahar olduk\u00e7a pop\u00fcler!<\/p>\n<p>Mutlaka v\u00fccuduna \u00f6zellikle de bacaklar\u0131na g\u00fcvenenler, bu <strong>\u015fortlu d\u00f6piyes tak\u0131mlardan<\/strong> bir adet edinmeli!<\/p>\n<p><strong>2. Mono-krom kal\u0131n \u00e7izgiler ve dama desenler!<\/strong><\/p>\n<p>Mono-krom, <strong>siyah ve beyaz<\/strong> demek sevgili okuyucular\u0131m bilmeyenler i\u00e7in hemen belirteyim!<\/p>\n<p><strong>Siyah ve beyaz renklerde kal\u0131n \u00e7izgili, dar kesim pantolonlar<\/strong> bu bahar\u0131n g\u00f6zdelerinden! Zaten h\u00e2lihaz\u0131rda bu modan\u0131n g\u00fczel \u00f6rneklerini, televizyonlar\u0131m\u0131z\u0131n reklam ku\u015fa\u011f\u0131nda \u015fu ara s\u0131k s\u0131k d\u00f6nen Mango reklamlar\u0131nda izlemekteyiz.<\/p>\n<p>Mutlaka bahar al\u0131\u015fveri\u015finde kendinize, dikey \u00e7izgilerden olu\u015fan bir pantolon al\u0131n! <strong>Dikey \u00e7izgiler<\/strong>, zay\u0131f g\u00f6sterir akl\u0131n\u0131zda olsun!<\/p>\n<p><a href=\"https:\/\/www.alisveriskulupleri.com\/blog\/uploads\/2013\/04\/2013-ilkbahar-modasi4.jpg\"><img loading=\"lazy\" decoding=\"async\" class=\"size-medium wp-image-15245 alignright\" src=\"https:\/\/www.alisveriskulupleri.com\/blog\/uploads\/2013\/04\/2013-ilkbahar-modasi4-570x520.jpg\" alt=\"2013 ilkbahar modas\u0131: Ana trendleri \u00f6\u011frenmeden ge\u00e7meyin!\" width=\"285\" height=\"260\" \/><\/a>\u00c7izgilerin yan\u0131 s\u0131ra, <strong>checkers ad\u0131 verilen dama desenli kuma\u015flar<\/strong> da \u00e7ok moda olacak bu bahar ve fakat yine <strong>en makbul\u00fc siyah ve beyaz tonlar\u0131nda<\/strong> olanlar\u0131!<\/p>\n<p>Dama desenli ceketler, pantolon ve elbiseler yine gard\u0131robunuza katabilece\u011finiz stil sahibi par\u00e7alar aras\u0131nda yer al\u0131yor!<\/p>\n<p><strong>3. Bu bahar herkes \u00e7i\u00e7ek a\u00e7acak!<\/strong><\/p>\n<p><strong>\u00c7i\u00e7ek desenleri<\/strong>, bu bahar\u0131n vazge\u00e7ilmez trendlerinden bir di\u011feri! Bilhassa tiril tiril kuma\u015flardan <strong>u\u00e7u\u015fan, f\u0131rf\u0131rl\u0131, reng\u00e2renk \u00e7i\u00e7ek desenli elbiseler<\/strong>; bahar\u0131n etkisi ile birle\u015ferek, i\u00e7imizin daha da k\u0131p\u0131r k\u0131p\u0131r olmas\u0131n\u0131 sa\u011flayacak!<\/p>\n<p>Son derece <strong>feminen ve zarif bir trend<\/strong>, kendinize sezonun moda tonlar\u0131nda bir\u00e7ok \u00e7i\u00e7ekli etek ve elbise alabilirsiniz!<\/p>\n<p><strong>4. Bakan\u0131n g\u00f6z\u00fcn\u00fc alamayaca\u011f\u0131 dekolteler!<\/strong><\/p>\n<p><a href=\"https:\/\/www.alisveriskulupleri.com\/blog\/uploads\/2013\/04\/2013-ilkbahar-modasi5.jpg\"><img loading=\"lazy\" decoding=\"async\" class=\"size-medium wp-image-15245 alignleft\" src=\"https:\/\/www.alisveriskulupleri.com\/blog\/uploads\/2013\/04\/2013-ilkbahar-modasi5-570x379.jpg\" alt=\"2013 ilkbahar modas\u0131: Ana trendleri \u00f6\u011frenmeden ge\u00e7meyin!\" width=\"285\" height=\"189\" \/><\/a>Bu bahar dekolteler, s\u0131radanl\u0131ktan uzakla\u015f\u0131yor ve radikal bir forma b\u00fcr\u00fcn\u00fcyor!<\/p>\n<p>En pop\u00fcler dekolte trendi, <strong>g\u00f6bek ve kar\u0131n b\u00f6lgesinde<\/strong> yarat\u0131lanlar! Kar\u0131n kaslar\u0131na ve inceli\u011fine g\u00fcvenenler, bu dekolte trendinin co\u015fkusunu doya doya ya\u015fayabilirler!<\/p>\n<p>Ama fazla kilonuz hele ki g\u00f6bek ve mide b\u00f6lgenizde fazlal\u0131klar\u0131n\u0131z varsa, bu dekolte trendinden uzak durman\u0131z\u0131 tavsiye ederim!<\/p>\n<p><strong>Derin v yakalar ve bel b\u00f6lgesindeki pencereler<\/strong> dekolte trendi bak\u0131m\u0131ndan uygulanabilecek di\u011fer alternatifler aras\u0131nda yer al\u0131yor.<\/p>\n<p><strong>5. Kollar\u0131n\u0131zdan memnun de\u011filseniz hemen spora ba\u015flay\u0131n!<\/strong><\/p>\n<p>Bahar modas\u0131n\u0131n y\u00fckselen trendlerinden biri de, <strong>kolsuz spor elbiseler<\/strong>! Dolay\u0131s\u0131 ile kollar\u0131n\u0131z\u0131n \u015feklinden memnun de\u011filseniz, ya hemen i\u015fe koyulup egzersizlere ba\u015flamal\u0131s\u0131n\u0131z ya da bu bahar kolsuz elbise modas\u0131n\u0131 es ge\u00e7melisiniz!<\/p>\n<p>G\u00fcnl\u00fck ya\u015fam\u0131n\u0131zda rahatl\u0131kla yer verebilece\u011finiz yal\u0131n tasar\u0131ml\u0131 bu elbiseler, pratiklikleri ile adeta birer hayat kurtar\u0131c\u0131 olacak!<\/p>\n<p><strong>6. G\u00fcne\u015f g\u00f6zl\u00fc\u011f\u00fc se\u00e7erken biraz risk al\u0131n!<\/strong><\/p>\n<p><a href=\"https:\/\/www.alisveriskulupleri.com\/blog\/uploads\/2013\/04\/2013-ilkbahar-modasi6.jpg\"><img loading=\"lazy\" decoding=\"async\" class=\"size-medium wp-image-15245 alignright\" src=\"https:\/\/www.alisveriskulupleri.com\/blog\/uploads\/2013\/04\/2013-ilkbahar-modasi6-570x570.jpg\" alt=\"2013 ilkbahar modas\u0131: Ana trendleri \u00f6\u011frenmeden ge\u00e7meyin!\" width=\"285\" height=\"285\" \/><\/a>Bahar ve yaz sezonlar\u0131nda, <strong>radikal stillerdeki renkli ve dikkat \u00e7ekici g\u00fcne\u015f g\u00f6zl\u00fckleri<\/strong> olduk\u00e7a pop\u00fcler olacak! Bu sezon se\u00e7iminizi yaparken biraz risk almaktan korkmay\u0131n, g\u00fcvenli alan\u0131n\u0131zdan \u00e7\u0131k\u0131n ve kampanyalarda g\u00f6r\u00fcp de i\u00e7inizin gitti\u011fi o neon pembe g\u00fcne\u015f g\u00f6zl\u00fc\u011f\u00fcn\u00fc al\u0131n!<\/p>\n<p><strong>7. Ayaklar\u0131m\u0131z bayram edecek!<\/strong><\/p>\n<p>Bu bahar ayaklar\u0131m\u0131z bayram edecek, \u00e7\u00fcnk\u00fc ayakkab\u0131 modas\u0131n\u0131n y\u00fckselen trendi <strong>topuksuz ve az topuklu ayakkab\u0131lar<\/strong>!<\/p>\n<p>Babetler, spor ayakkab\u0131lar, d\u00fcz modeller ve ince veya kal\u0131n fark etmiyor al\u00e7ak topuklu ayakkab\u0131lar hem modaya uygun ve \u015f\u0131k g\u00f6r\u00fcnmemizi hem de rahat hareket etmemizi sa\u011flayacak!<\/p>\n<p>Topuklu ayakkab\u0131lar\u0131 her ne kadar sevsem de, bir t\u00fcrl\u00fc onlarla rahat edemeyen benim gibiler ad\u0131na \u201cya\u015fas\u0131\u0131\u0131n\u201d demek istiyorum!:)<\/p>\n<p><strong>8. Bohem \u00f6rg\u00fcler<\/strong><\/p>\n<p><a href=\"https:\/\/www.alisveriskulupleri.com\/blog\/uploads\/2013\/04\/2013-ilkbahar-modasi7.jpg\"><img loading=\"lazy\" decoding=\"async\" class=\"size-medium wp-image-15245 alignleft\" src=\"https:\/\/www.alisveriskulupleri.com\/blog\/uploads\/2013\/04\/2013-ilkbahar-modasi7-570x570.jpg\" alt=\"2013 ilkbahar modas\u0131: Ana trendleri \u00f6\u011frenmeden ge\u00e7meyin!\" width=\"228\" height=\"228\" \/><\/a>C\u0131v\u0131l c\u0131v\u0131l bahar modas\u0131na uygun k\u0131yafetlerimizle uygulayabilece\u011fimiz, en sevimli sa\u00e7 trendi <strong>\u00f6rg\u00fcl\u00fc modeller<\/strong>!<\/p>\n<p>\u0130ster sa\u00e7\u0131n\u0131z\u0131 \u00f6r\u00fcp sonra topuz yap\u0131n, isterseniz de \u00f6r\u00fcp ucuna bir toka takarak serbest b\u0131rak\u0131n; bu bahar \u00e7ok stil sahibi g\u00f6r\u00fcneceksiniz!<\/p>\n<p>\u00dcnl\u00fc y\u0131ld\u0131zlar da \u015fimdiden film galalar\u0131nda ve partilerde, <strong>\u00f6rg\u00fc trendini <\/strong>yakalayan kah son derece \u015f\u0131k kah ise bohem ve hafif da\u011f\u0131n\u0131k sa\u00e7 modellerini tercih etmeye ba\u015flad\u0131lar!<\/p>\n<p><strong>9. Moda renk tonlar\u0131<\/strong><\/p>\n<p><strong>Gelincik k\u0131rm\u0131z\u0131s\u0131, z\u00fcmr\u00fct ye\u015fili, su ye\u015fili, Monako mavisi, nektarin turuncusu, keten rengi<\/strong>ve<strong> alacakaranl\u0131k mavisi <\/strong>bu bahar moda olan renklerden sadece birka\u00e7\u0131!<\/p>\n<p><a href=\"https:\/\/www.alisveriskulupleri.com\/blog\/uploads\/2013\/04\/2013-ilkbahar-modasi8.jpg\"><img loading=\"lazy\" decoding=\"async\" class=\"size-medium wp-image-15245 alignright\" src=\"https:\/\/www.alisveriskulupleri.com\/blog\/uploads\/2013\/04\/2013-ilkbahar-modasi8-570x420.jpg\" alt=\"2013 ilkbahar modas\u0131: Ana trendleri \u00f6\u011frenmeden ge\u00e7meyin!\" width=\"285\" height=\"210\" \/><\/a>Tam renk kartel\u00e2s\u0131n\u0131n bulundu\u011fu pantone g\u00f6rselini yaz\u0131m\u0131za ekliyorum \u00fczerine t\u0131klay\u0131p b\u00fcy\u00fcterek moda olan \u00e7arp\u0131c\u0131 renklere g\u00f6z atabilirsiniz.<\/p>\n<p>\u015eahsen favorim z\u00fcmr\u00fct ye\u015fili, grimsi ye\u015fim ta\u015f\u0131 rengi, gelincik k\u0131rm\u0131z\u0131s\u0131 (eh ne de olsa ko\u00e7 burcuyum, k\u0131rm\u0131z\u0131lar beni \u00e7ekiyor) ve nektarin turuncusu!<\/p>\n<p>Eveet, art\u0131k bahar modas\u0131na ili\u015fkin en pop\u00fcler trendleri biliyorsunuz sevgili okuyucular\u0131m; ne dersiniz, sizi bahar al\u0131\u015fveri\u015fine haz\u0131rlayabildim mi?:)<\/p>\n","protected":false},"excerpt":{"rendered":"<p>Bakal\u0131m bu bahar hangi renkler, ne gibi modeller ve nas\u0131l kuma\u015flar modaym\u0131\u015f? G\u00fcne\u015fli s\u0131cak havalar e\u015fli\u011finde sonunda nisan ay\u0131na geldik sevgili okuyucular, art\u0131k kendimizi bahar\u0131n co\u015fkusuna kapt\u0131rman\u0131n ve d\u0131\u015far\u0131da gezmelere \u00e7\u0131kman\u0131n tam s\u0131ras\u0131! D\u0131\u015far\u0131s\u0131 dedik,<span class=\"theme-excerpt-more\"> [&#8230;] <a href=\"https:\/\/www.alisveriskulupleri.com\/blog\/2013-ilkbahar-modasi-ana-trendleri-ogrenmeden-gecmeyin.html\" title=\"2013 ilkbahar modas\u0131: Ana trendleri \u00f6\u011frenmeden ge\u00e7meyin!\">Read More<\/a><\/span><\/p>\n","protected":false},"author":9,"featured_media":0,"comment_status":"open","ping_status":"closed","sticky":false,"template":"","format":"standard","meta":{"footnotes":""},"categories":[44,26],"tags":[4779,4631,4774,4785,4775,4633,4773,4778,4777,4787,2693,4776,4789,4792,4780,4781,4790,4783,431,458,1298,4788,4791,4675,4784,4172,4782,4793,4786,97],"class_list":["post-15670","post","type-post","status-publish","format-standard","hentry","category-guncel","category-trend-iz","tag-2013-bahar-alisverisi","tag-2013-bahar-modasi","tag-2013-bahar-sac-modasi","tag-2013-ilkbahar-ayakkabi-modasi","tag-2013-ilkbahar-moda-renkler","tag-2013-ilkbahar-modasi","tag-2013-moda-trendleri","tag-2013-trendleri","tag-2013un-moda-renkleri","tag-alcak-topuklu-ayakkabi-modasi","tag-babet","tag-baharda-moda-olan-renkler-neler","tag-bel-dekoltesi","tag-bermuda-sort","tag-cicekli-elbiseler","tag-cizgili-pantolonlar","tag-cilgin-gunes-gozlukleri","tag-farkli-tasarimlara-sahip-gunes-gozlukleri","tag-gunes-gozlugu","tag-ilkbahar","tag-ilkbahar-yaz","tag-karin-dekoltesi","tag-kolsuz-spor-elbiseler","tag-moda-ipuclari","tag-moda-renk-tonlari","tag-moda-trendleri","tag-orgulu-sac-modelleri","tag-sortlu-takim-elbise","tag-topuksuz-ayakkabilar","tag-trend"],"yoast_head":"<!-- This site is optimized with the Yoast SEO plugin v24.1 - https:\/\/yoast.com\/wordpress\/plugins\/seo\/ -->\n<title>2013 ilkbahar modas\u0131: Ana trendleri \u00f6\u011frenmeden ge\u00e7meyin! - Al\u0131\u015fveri\u015f Kul\u00fcpleri<\/title>\n<meta name=\"robots\" content=\"index, follow, max-snippet:-1, max-image-preview:large, max-video-preview:-1\" \/>\n<link rel=\"canonical\" href=\"https:\/\/www.alisveriskulupleri.com\/blog\/2013-ilkbahar-modasi-ana-trendleri-ogrenmeden-gecmeyin.html\" \/>\n<meta property=\"og:locale\" content=\"tr_TR\" \/>\n<meta property=\"og:type\" content=\"article\" \/>\n<meta property=\"og:title\" content=\"2013 ilkbahar modas\u0131: Ana trendleri \u00f6\u011frenmeden ge\u00e7meyin! - Al\u0131\u015fveri\u015f Kul\u00fcpleri\" \/>\n<meta property=\"og:description\" content=\"Bakal\u0131m bu bahar hangi renkler, ne gibi modeller ve nas\u0131l kuma\u015flar modaym\u0131\u015f? G\u00fcne\u015fli s\u0131cak havalar e\u015fli\u011finde sonunda nisan ay\u0131na geldik sevgili okuyucular, art\u0131k kendimizi bahar\u0131n co\u015fkusuna kapt\u0131rman\u0131n ve d\u0131\u015far\u0131da gezmelere \u00e7\u0131kman\u0131n tam s\u0131ras\u0131! D\u0131\u015far\u0131s\u0131 dedik, [...] Read More\" \/>\n<meta property=\"og:url\" content=\"https:\/\/www.alisveriskulupleri.com\/blog\/2013-ilkbahar-modasi-ana-trendleri-ogrenmeden-gecmeyin.html\" \/>\n<meta property=\"og:site_name\" content=\"Al\u0131\u015fveri\u015f Kul\u00fcpleri\" \/>\n<meta property=\"article:publisher\" content=\"https:\/\/www.facebook.com\/alisveriskulupleri\" \/>\n<meta property=\"article:published_time\" content=\"2013-04-16T07:14:07+00:00\" \/>\n<meta property=\"og:image\" content=\"https:\/\/www.alisveriskulupleri.com\/blog\/uploads\/2013\/04\/2013-ilkbahar-modasi1-570x357.jpg\" \/>\n<meta name=\"author\" content=\"Meltem \u015eafak\" \/>\n<meta name=\"twitter:card\" content=\"summary_large_image\" \/>\n<meta name=\"twitter:creator\" content=\"@http:\/\/twitter.com\/#!\/pisijane\" \/>\n<meta name=\"twitter:site\" content=\"@akulupleri\" \/>\n<meta name=\"twitter:label1\" content=\"Yazan:\" \/>\n\t<meta name=\"twitter:data1\" content=\"Meltem \u015eafak\" \/>\n\t<meta name=\"twitter:label2\" content=\"Tahmini okuma s\u00fcresi\" \/>\n\t<meta name=\"twitter:data2\" content=\"5 dakika\" \/>\n<script type=\"application\/ld+json\" class=\"yoast-schema-graph\">{\"@context\":\"https:\/\/schema.org\",\"@graph\":[{\"@type\":\"WebPage\",\"@id\":\"https:\/\/www.alisveriskulupleri.com\/blog\/2013-ilkbahar-modasi-ana-trendleri-ogrenmeden-gecmeyin.html\",\"url\":\"https:\/\/www.alisveriskulupleri.com\/blog\/2013-ilkbahar-modasi-ana-trendleri-ogrenmeden-gecmeyin.html\",\"name\":\"2013 ilkbahar modas\u0131: Ana trendleri \u00f6\u011frenmeden ge\u00e7meyin! - Al\u0131\u015fveri\u015f Kul\u00fcpleri\",\"isPartOf\":{\"@id\":\"https:\/\/www.alisveriskulupleri.com\/blog\/#website\"},\"primaryImageOfPage\":{\"@id\":\"https:\/\/www.alisveriskulupleri.com\/blog\/2013-ilkbahar-modasi-ana-trendleri-ogrenmeden-gecmeyin.html#primaryimage\"},\"image\":{\"@id\":\"https:\/\/www.alisveriskulupleri.com\/blog\/2013-ilkbahar-modasi-ana-trendleri-ogrenmeden-gecmeyin.html#primaryimage\"},\"thumbnailUrl\":\"https:\/\/www.alisveriskulupleri.com\/blog\/uploads\/2013\/04\/2013-ilkbahar-modasi1-570x357.jpg\",\"datePublished\":\"2013-04-16T07:14:07+00:00\",\"dateModified\":\"2013-04-16T07:14:07+00:00\",\"author\":{\"@id\":\"https:\/\/www.alisveriskulupleri.com\/blog\/#\/schema\/person\/1e720746ccc4457a55d6c121a8e60ad5\"},\"breadcrumb\":{\"@id\":\"https:\/\/www.alisveriskulupleri.com\/blog\/2013-ilkbahar-modasi-ana-trendleri-ogrenmeden-gecmeyin.html#breadcrumb\"},\"inLanguage\":\"tr\",\"potentialAction\":[{\"@type\":\"ReadAction\",\"target\":[\"https:\/\/www.alisveriskulupleri.com\/blog\/2013-ilkbahar-modasi-ana-trendleri-ogrenmeden-gecmeyin.html\"]}]},{\"@type\":\"ImageObject\",\"inLanguage\":\"tr\",\"@id\":\"https:\/\/www.alisveriskulupleri.com\/blog\/2013-ilkbahar-modasi-ana-trendleri-ogrenmeden-gecmeyin.html#primaryimage\",\"url\":\"https:\/\/www.alisveriskulupleri.com\/blog\/uploads\/2013\/04\/2013-ilkbahar-modasi1.jpg\",\"contentUrl\":\"https:\/\/www.alisveriskulupleri.com\/blog\/uploads\/2013\/04\/2013-ilkbahar-modasi1.jpg\",\"width\":\"750\",\"height\":\"470\",\"caption\":\"2013 ilkbahar modas\u0131: Ana trendleri \u00f6\u011frenmeden ge\u00e7meyin!\"},{\"@type\":\"BreadcrumbList\",\"@id\":\"https:\/\/www.alisveriskulupleri.com\/blog\/2013-ilkbahar-modasi-ana-trendleri-ogrenmeden-gecmeyin.html#breadcrumb\",\"itemListElement\":[{\"@type\":\"ListItem\",\"position\":1,\"name\":\"Ana sayfa\",\"item\":\"https:\/\/www.alisveriskulupleri.com\/blog\/\"},{\"@type\":\"ListItem\",\"position\":2,\"name\":\"2013 ilkbahar modas\u0131: Ana trendleri \u00f6\u011frenmeden ge\u00e7meyin!\"}]},{\"@type\":\"WebSite\",\"@id\":\"https:\/\/www.alisveriskulupleri.com\/blog\/#website\",\"url\":\"https:\/\/www.alisveriskulupleri.com\/blog\/\",\"name\":\"Al\u0131\u015fveri\u015f Kul\u00fcpleri\",\"description\":\"\",\"potentialAction\":[{\"@type\":\"SearchAction\",\"target\":{\"@type\":\"EntryPoint\",\"urlTemplate\":\"https:\/\/www.alisveriskulupleri.com\/blog\/?s={search_term_string}\"},\"query-input\":{\"@type\":\"PropertyValueSpecification\",\"valueRequired\":true,\"valueName\":\"search_term_string\"}}],\"inLanguage\":\"tr\"},{\"@type\":\"Person\",\"@id\":\"https:\/\/www.alisveriskulupleri.com\/blog\/#\/schema\/person\/1e720746ccc4457a55d6c121a8e60ad5\",\"name\":\"Meltem \u015eafak\",\"image\":{\"@type\":\"ImageObject\",\"inLanguage\":\"tr\",\"@id\":\"https:\/\/www.alisveriskulupleri.com\/blog\/#\/schema\/person\/image\/\",\"url\":\"https:\/\/secure.gravatar.com\/avatar\/61ceafb22dfb2a2257ff39bbf99edb74?s=96&d=mm&r=g\",\"contentUrl\":\"https:\/\/secure.gravatar.com\/avatar\/61ceafb22dfb2a2257ff39bbf99edb74?s=96&d=mm&r=g\",\"caption\":\"Meltem \u015eafak\"},\"description\":\"Anadolu \u00dcniversitesi Reklamc\u0131l\u0131k &amp; Halkla \u0130li\u015fkiler mezunu, evli ve 2 kedi annesi bir edit\u00f6r\u00fcm:) Kozmetik, moda ve al\u0131\u015fveri\u015f tutkunuyum! Merakl\u0131 bir Ko\u00e7 burcu olarak g\u00fcndemi takip etmek ve en ilgin\u00e7 ipu\u00e7lar\u0131n\u0131 bulup payla\u015fmak benim i\u00e7in bir hobi. E\u011flenceli ve aa aa! dedirten \u015feyler okumak i\u00e7in beni takip edin!\",\"sameAs\":[\"https:\/\/x.com\/http:\/\/twitter.com\/#!\/pisijane\"],\"url\":\"https:\/\/www.alisveriskulupleri.com\/blog\/author\/meltem\"}]}<\/script>\n<!-- \/ Yoast SEO plugin. -->","yoast_head_json":{"title":"2013 ilkbahar modas\u0131: Ana trendleri \u00f6\u011frenmeden ge\u00e7meyin! - Al\u0131\u015fveri\u015f Kul\u00fcpleri","robots":{"index":"index","follow":"follow","max-snippet":"max-snippet:-1","max-image-preview":"max-image-preview:large","max-video-preview":"max-video-preview:-1"},"canonical":"https:\/\/www.alisveriskulupleri.com\/blog\/2013-ilkbahar-modasi-ana-trendleri-ogrenmeden-gecmeyin.html","og_locale":"tr_TR","og_type":"article","og_title":"2013 ilkbahar modas\u0131: Ana trendleri \u00f6\u011frenmeden ge\u00e7meyin! - Al\u0131\u015fveri\u015f Kul\u00fcpleri","og_description":"Bakal\u0131m bu bahar hangi renkler, ne gibi modeller ve nas\u0131l kuma\u015flar modaym\u0131\u015f? G\u00fcne\u015fli s\u0131cak havalar e\u015fli\u011finde sonunda nisan ay\u0131na geldik sevgili okuyucular, art\u0131k kendimizi bahar\u0131n co\u015fkusuna kapt\u0131rman\u0131n ve d\u0131\u015far\u0131da gezmelere \u00e7\u0131kman\u0131n tam s\u0131ras\u0131! D\u0131\u015far\u0131s\u0131 dedik, [...] Read More","og_url":"https:\/\/www.alisveriskulupleri.com\/blog\/2013-ilkbahar-modasi-ana-trendleri-ogrenmeden-gecmeyin.html","og_site_name":"Al\u0131\u015fveri\u015f Kul\u00fcpleri","article_publisher":"https:\/\/www.facebook.com\/alisveriskulupleri","article_published_time":"2013-04-16T07:14:07+00:00","og_image":[{"url":"https:\/\/www.alisveriskulupleri.com\/blog\/uploads\/2013\/04\/2013-ilkbahar-modasi1-570x357.jpg","type":"","width":"","height":""}],"author":"Meltem \u015eafak","twitter_card":"summary_large_image","twitter_creator":"@http:\/\/twitter.com\/#!\/pisijane","twitter_site":"@akulupleri","twitter_misc":{"Yazan:":"Meltem \u015eafak","Tahmini okuma s\u00fcresi":"5 dakika"},"schema":{"@context":"https:\/\/schema.org","@graph":[{"@type":"WebPage","@id":"https:\/\/www.alisveriskulupleri.com\/blog\/2013-ilkbahar-modasi-ana-trendleri-ogrenmeden-gecmeyin.html","url":"https:\/\/www.alisveriskulupleri.com\/blog\/2013-ilkbahar-modasi-ana-trendleri-ogrenmeden-gecmeyin.html","name":"2013 ilkbahar modas\u0131: Ana trendleri \u00f6\u011frenmeden ge\u00e7meyin! - Al\u0131\u015fveri\u015f Kul\u00fcpleri","isPartOf":{"@id":"https:\/\/www.alisveriskulupleri.com\/blog\/#website"},"primaryImageOfPage":{"@id":"https:\/\/www.alisveriskulupleri.com\/blog\/2013-ilkbahar-modasi-ana-trendleri-ogrenmeden-gecmeyin.html#primaryimage"},"image":{"@id":"https:\/\/www.alisveriskulupleri.com\/blog\/2013-ilkbahar-modasi-ana-trendleri-ogrenmeden-gecmeyin.html#primaryimage"},"thumbnailUrl":"https:\/\/www.alisveriskulupleri.com\/blog\/uploads\/2013\/04\/2013-ilkbahar-modasi1-570x357.jpg","datePublished":"2013-04-16T07:14:07+00:00","dateModified":"2013-04-16T07:14:07+00:00","author":{"@id":"https:\/\/www.alisveriskulupleri.com\/blog\/#\/schema\/person\/1e720746ccc4457a55d6c121a8e60ad5"},"breadcrumb":{"@id":"https:\/\/www.alisveriskulupleri.com\/blog\/2013-ilkbahar-modasi-ana-trendleri-ogrenmeden-gecmeyin.html#breadcrumb"},"inLanguage":"tr","potentialAction":[{"@type":"ReadAction","target":["https:\/\/www.alisveriskulupleri.com\/blog\/2013-ilkbahar-modasi-ana-trendleri-ogrenmeden-gecmeyin.html"]}]},{"@type":"ImageObject","inLanguage":"tr","@id":"https:\/\/www.alisveriskulupleri.com\/blog\/2013-ilkbahar-modasi-ana-trendleri-ogrenmeden-gecmeyin.html#primaryimage","url":"https:\/\/www.alisveriskulupleri.com\/blog\/uploads\/2013\/04\/2013-ilkbahar-modasi1.jpg","contentUrl":"https:\/\/www.alisveriskulupleri.com\/blog\/uploads\/2013\/04\/2013-ilkbahar-modasi1.jpg","width":"750","height":"470","caption":"2013 ilkbahar modas\u0131: Ana trendleri \u00f6\u011frenmeden ge\u00e7meyin!"},{"@type":"BreadcrumbList","@id":"https:\/\/www.alisveriskulupleri.com\/blog\/2013-ilkbahar-modasi-ana-trendleri-ogrenmeden-gecmeyin.html#breadcrumb","itemListElement":[{"@type":"ListItem","position":1,"name":"Ana sayfa","item":"https:\/\/www.alisveriskulupleri.com\/blog\/"},{"@type":"ListItem","position":2,"name":"2013 ilkbahar modas\u0131: Ana trendleri \u00f6\u011frenmeden ge\u00e7meyin!"}]},{"@type":"WebSite","@id":"https:\/\/www.alisveriskulupleri.com\/blog\/#website","url":"https:\/\/www.alisveriskulupleri.com\/blog\/","name":"Al\u0131\u015fveri\u015f Kul\u00fcpleri","description":"","potentialAction":[{"@type":"SearchAction","target":{"@type":"EntryPoint","urlTemplate":"https:\/\/www.alisveriskulupleri.com\/blog\/?s={search_term_string}"},"query-input":{"@type":"PropertyValueSpecification","valueRequired":true,"valueName":"search_term_string"}}],"inLanguage":"tr"},{"@type":"Person","@id":"https:\/\/www.alisveriskulupleri.com\/blog\/#\/schema\/person\/1e720746ccc4457a55d6c121a8e60ad5","name":"Meltem \u015eafak","image":{"@type":"ImageObject","inLanguage":"tr","@id":"https:\/\/www.alisveriskulupleri.com\/blog\/#\/schema\/person\/image\/","url":"https:\/\/secure.gravatar.com\/avatar\/61ceafb22dfb2a2257ff39bbf99edb74?s=96&d=mm&r=g","contentUrl":"https:\/\/secure.gravatar.com\/avatar\/61ceafb22dfb2a2257ff39bbf99edb74?s=96&d=mm&r=g","caption":"Meltem \u015eafak"},"description":"Anadolu \u00dcniversitesi Reklamc\u0131l\u0131k &amp; Halkla \u0130li\u015fkiler mezunu, evli ve 2 kedi annesi bir edit\u00f6r\u00fcm:) Kozmetik, moda ve al\u0131\u015fveri\u015f tutkunuyum! Merakl\u0131 bir Ko\u00e7 burcu olarak g\u00fcndemi takip etmek ve en ilgin\u00e7 ipu\u00e7lar\u0131n\u0131 bulup payla\u015fmak benim i\u00e7in bir hobi. E\u011flenceli ve aa aa! dedirten \u015feyler okumak i\u00e7in beni takip edin!","sameAs":["https:\/\/x.com\/http:\/\/twitter.com\/#!\/pisijane"],"url":"https:\/\/www.alisveriskulupleri.com\/blog\/author\/meltem"}]}},"_links":{"self":[{"href":"https:\/\/www.alisveriskulupleri.com\/blog\/wp-json\/wp\/v2\/posts\/15670","targetHints":{"allow":["GET"]}}],"collection":[{"href":"https:\/\/www.alisveriskulupleri.com\/blog\/wp-json\/wp\/v2\/posts"}],"about":[{"href":"https:\/\/www.alisveriskulupleri.com\/blog\/wp-json\/wp\/v2\/types\/post"}],"author":[{"embeddable":true,"href":"https:\/\/www.alisveriskulupleri.com\/blog\/wp-json\/wp\/v2\/users\/9"}],"replies":[{"embeddable":true,"href":"https:\/\/www.alisveriskulupleri.com\/blog\/wp-json\/wp\/v2\/comments?post=15670"}],"version-history":[{"count":14,"href":"https:\/\/www.alisveriskulupleri.com\/blog\/wp-json\/wp\/v2\/posts\/15670\/revisions"}],"predecessor-version":[{"id":15738,"href":"https:\/\/www.alisveriskulupleri.com\/blog\/wp-json\/wp\/v2\/posts\/15670\/revisions\/15738"}],"wp:attachment":[{"href":"https:\/\/www.alisveriskulupleri.com\/blog\/wp-json\/wp\/v2\/media?parent=15670"}],"wp:term":[{"taxonomy":"category","embeddable":true,"href":"https:\/\/www.alisveriskulupleri.com\/blog\/wp-json\/wp\/v2\/categories?post=15670"},{"taxonomy":"post_tag","embeddable":true,"href":"https:\/\/www.alisveriskulupleri.com\/blog\/wp-json\/wp\/v2\/tags?post=15670"}],"curies":[{"name":"wp","href":"https:\/\/api.w.org\/{rel}","templated":true}]}}