{"id":15362,"date":"2012-12-31T14:58:04","date_gmt":"2012-12-31T12:58:04","guid":{"rendered":"https:\/\/www.alisveriskulupleri.com\/blog\/?p=15362"},"modified":"2012-12-31T15:02:10","modified_gmt":"2012-12-31T13:02:10","slug":"2012-yilbasi-makyaji-trendleri","status":"publish","type":"post","link":"https:\/\/www.alisveriskulupleri.com\/blog\/2012-yilbasi-makyaji-trendleri.html","title":{"rendered":"2012 y\u0131lba\u015f\u0131 makyaj\u0131 trendleri!"},"content":{"rendered":"<p><a href=\"https:\/\/www.alisveriskulupleri.com\/blog\/uploads\/2012\/12\/2013-yilbasi-makyaji-trendleri1.jpg\"><img loading=\"lazy\" decoding=\"async\" class=\"aligncenter size-medium wp-image-15363\" src=\"https:\/\/www.alisveriskulupleri.com\/blog\/uploads\/2012\/12\/2013-yilbasi-makyaji-trendleri1-570x357.jpg\" alt=\"2013 y\u0131lba\u015f\u0131 makyaj\u0131 trendleri!\" width=\"570\" height=\"357\" srcset=\"https:\/\/www.alisveriskulupleri.com\/blog\/uploads\/2012\/12\/2013-yilbasi-makyaji-trendleri1-570x357.jpg 570w, https:\/\/www.alisveriskulupleri.com\/blog\/uploads\/2012\/12\/2013-yilbasi-makyaji-trendleri1.jpg 750w\" sizes=\"auto, (max-width: 570px) 100vw, 570px\" \/><\/a><\/p>\n<h3>Givency, Lancome, Yves Saint Laurent , MAC, Dolce &amp; Gabbana, Dior, Clarins, Chanel ve Guerlain\u2019den y\u0131lba\u015f\u0131na \u00f6zel g\u00f6z al\u0131c\u0131 makyaj trendleri!<\/h3>\n<p><a href=\"https:\/\/www.alisveriskulupleri.com\/blog\/uploads\/2012\/12\/2013-yilbasi-makyaji-trendleri2.jpg\"><img loading=\"lazy\" decoding=\"async\" class=\"size-medium wp-image-15245 alignright\" src=\"https:\/\/www.alisveriskulupleri.com\/blog\/uploads\/2012\/12\/2013-yilbasi-makyaji-trendleri2-570x325.jpg\" alt=\"2013 y\u0131lba\u015f\u0131 makyaj\u0131 trendleri!\" width=\"285\" height=\"162\" \/><\/a>Gelin hep birlikte b\u00fcy\u00fck gece kap\u0131m\u0131z\u0131 \u00e7almadan d\u00fcnyan\u0131n en \u00fcnl\u00fc kozmetik markalar\u0131n\u0131n <strong>2012 y\u0131lba\u015f\u0131 gecesi<\/strong> i\u00e7in haz\u0131rlad\u0131klar\u0131 <strong>makyaj g\u00f6r\u00fcn\u00fcmlerine ve \u00f6zel koleksiyonlar\u0131na<\/strong> bir g\u00f6z atal\u0131m!<\/p>\n<p>Herkes kendi y\u00fcz\u00fcne yak\u0131\u015fan <strong>makyaj stilini<\/strong> az \u00e7ok oturtmu\u015ftur ancak \u00f6zel geceler ad\u0131 \u00fczerinde <strong>\u00f6zel makyaj uygulamalar\u0131<\/strong> gerektirir her zamankinden bir t\u0131k daha g\u00f6z al\u0131c\u0131 olmak o geceye g\u00fczelli\u011finizle imzan\u0131z\u0131 atman\u0131z\u0131 sa\u011flayabilir!<\/p>\n<p>Kozmetik markalar\u0131n\u0131n t\u00fcm\u00fc geleneksel olarak<strong> y\u0131lba\u015f\u0131 d\u00f6nemlerine \u00f6zg\u00fc koleksiyonlar<\/strong> \u00e7\u0131kar\u0131r ve bu \u00fcr\u00fcnler ile olu\u015fturduklar\u0131<strong> makyaj trendlerine<\/strong> de \u00fcr\u00fcn reklamlar\u0131nda yer veririler.<\/p>\n<p>Bu y\u0131lba\u015f\u0131 i\u00e7in sizlere <strong>Chanel, Lancome, MAC, Yves Saint Laurent, Dolce &amp; Gabbana, Clarins, Dior, Guerlain<\/strong> ve <strong>Givenchy<\/strong>\u2019nin makyaj trendlerinden bahsedece\u011fim!<\/p>\n<p>Umar\u0131m bu sofistike ve ho\u015f g\u00f6r\u00fcn\u00fcmlerden biri kalbinize dokunur ve b\u00fcy\u00fck gece i\u00e7in makyaj yaparken bir nebze olsun<strong> ilham alman\u0131z\u0131 <\/strong>sa\u011flarlar!<\/p>\n<p><a href=\"https:\/\/www.alisveriskulupleri.com\/blog\/uploads\/2012\/12\/2013-yilbasi-makyaji-trendleri3.jpg\"><img loading=\"lazy\" decoding=\"async\" class=\"size-medium wp-image-15245 alignleft\" src=\"https:\/\/www.alisveriskulupleri.com\/blog\/uploads\/2012\/12\/2013-yilbasi-makyaji-trendleri3-570x355.jpg\" alt=\"2013 y\u0131lba\u015f\u0131 makyaj\u0131 trendleri!\" width=\"285\" height=\"177\" \/><\/a><strong>Chanel<\/strong> y\u0131lba\u015f\u0131 makyaj\u0131 koleksiyonu i\u00e7in 2 ayr\u0131 g\u00f6r\u00fcn\u00fcm ve koleksiyon yaratm\u0131\u015f. \u0130lkinde <strong>nat\u00fcrel tonlarda<\/strong> bir g\u00f6z makyaj\u0131, porselen bir ten rengi ve <strong>vi\u015fne\u00e7\u00fcr\u00fc\u011f\u00fc tonlar\u0131nda mat ve koyu bir dudak<\/strong> makyaj\u0131 kullan\u0131lm\u0131\u015f.<\/p>\n<p><strong>Chanel<\/strong>\u2019in di\u011fer y\u0131lba\u015f\u0131 versiyonunda ise <strong>dumanl\u0131 bir g\u00f6z makyaj\u0131 ve a\u00e7\u0131k \u015feftali tonlar\u0131nda p\u0131r\u0131lt\u0131l\u0131 bir dudak<\/strong> makyaj\u0131 yer al\u0131yor. Se\u00e7im sizin ya g\u00f6zlerini ya da dudaklar\u0131n\u0131z\u0131 vurgulayacaks\u0131n\u0131z!<\/p>\n<p><strong>A\u00e7\u0131k bir ten rengine ve g\u00f6z rengine <\/strong>sahipseniz size \u00f6nerim Chanel\u2019in koyu renk dudakl\u0131 versiyonunu denemeniz; b\u00f6ylece koyu ve mat dudaklar\u0131n\u0131z do\u011fal olarak parlak ve a\u00e7\u0131k tonlarda olan elmas gibi g\u00f6zlerinizle b\u00fcy\u00fck bir z\u0131tl\u0131klar\u0131n uyumu durumu sergileyecek ve dikkat \u00e7ekici olacakt\u0131r!<\/p>\n<p><a href=\"https:\/\/www.alisveriskulupleri.com\/blog\/uploads\/2012\/12\/2013-yilbasi-makyaji-trendleri4.jpg\"><img loading=\"lazy\" decoding=\"async\" class=\"size-medium wp-image-15245 alignright\" src=\"https:\/\/www.alisveriskulupleri.com\/blog\/uploads\/2012\/12\/2013-yilbasi-makyaji-trendleri4-570x417.jpg\" alt=\"2013 y\u0131lba\u015f\u0131 makyaj\u0131 trendleri!\" width=\"285\" height=\"208\" \/><\/a><strong>Clarins<\/strong>\u2019in yeni y\u0131l makyaj\u0131 son derece <strong>sade ve kahverengi tonlar\u0131ndan<\/strong> olu\u015fan modern ve yal\u0131n bir g\u00f6r\u00fcn\u00fcm.<\/p>\n<p>Kahverengi tonlu makyajdan ho\u015flanmayanlara tavsiye edemeyece\u011fim.<\/p>\n<p>Ancak \u015funu da belirteyim <strong>\u0131\u015f\u0131lt\u0131l\u0131 alt\u0131n kahve tonlar\u0131 bilhassa ela ve a\u00e7\u0131k renk g\u00f6zlerde<\/strong> muhte\u015fem bir etki yarat\u0131yor!<\/p>\n<p>Daha \u00f6nce kahverengi g\u00f6z makyaj\u0131n\u0131 denemediyseniz ve a\u00e7\u0131k bir g\u00f6z rengine sahipseniz mutlaka bir minik uygulama yap\u0131n evde!<\/p>\n<p><a href=\"https:\/\/www.alisveriskulupleri.com\/blog\/uploads\/2012\/12\/2013-yilbasi-makyaji-trendleri5.jpg\"><img loading=\"lazy\" decoding=\"async\" class=\"size-medium wp-image-15245 alignleft\" src=\"https:\/\/www.alisveriskulupleri.com\/blog\/uploads\/2012\/12\/2013-yilbasi-makyaji-trendleri5-570x270.jpg\" alt=\"2013 y\u0131lba\u015f\u0131 makyaj\u0131 trendleri!\" width=\"285\" height=\"135\" \/><\/a><strong>Dolce &amp; Gabbana<\/strong>, y\u0131lba\u015f\u0131 makyaj\u0131na noktay\u0131 ate\u015fli dudaklarla olduk\u00e7a seksi bir g\u00f6r\u00fcn\u00fcm yaratarak koymu\u015f!<\/p>\n<p>G\u00f6zlerde <strong>naturel \u0131\u015f\u0131lt\u0131l\u0131 bir g\u00f6z makyaj\u0131 <\/strong>ve dudaklarda ise saat 12\u2019yi vurdu\u011funda kimi \u00f6pseniz akl\u0131n\u0131 ba\u015f\u0131ndan alacak derecede <strong>ate\u015fli bir k\u0131rm\u0131z\u0131 ruj<\/strong>, karar sizin!<\/p>\n<p>Siyah bir elbiseniz varsa o gece giymek i\u00e7in, bu makyaj\u0131 uygulay\u0131n derim!<\/p>\n<p><a href=\"https:\/\/www.alisveriskulupleri.com\/blog\/uploads\/2012\/12\/2013-yilbasi-makyaji-trendleri6.jpg\"><img loading=\"lazy\" decoding=\"async\" class=\"size-medium wp-image-15245 alignright\" src=\"https:\/\/www.alisveriskulupleri.com\/blog\/uploads\/2012\/12\/2013-yilbasi-makyaji-trendleri6-570x361.jpg\" alt=\"2013 y\u0131lba\u015f\u0131 makyaj\u0131 trendleri!\" width=\"285\" height=\"180\" \/><\/a><strong>Yves Saint Laurent<\/strong> ise, 2012 y\u0131lba\u015f\u0131 makyaj\u0131nda <strong>\u00e7arp\u0131c\u0131 tonlarda g\u00f6zler<\/strong> yarat\u0131yor!<\/p>\n<p>Y\u0131lba\u015f\u0131na \u00f6zel olarak piyasaya sundu\u011fu <strong>g\u00f6z makyaj\u0131 paletinde<\/strong> opal mavi bir ton var ki, g\u00f6z renginiz ne olursa olsun bu far sizi kalabal\u0131klar i\u00e7erisinde fark edilir k\u0131lacakt\u0131r!<\/p>\n<p>\u00d6yle<strong> yo\u011fun bir pigmentasyona<\/strong> sahip! Bu makyaj stilinde <strong>g\u00f6zler \u00f6ne \u00e7\u0131kar\u0131l\u0131yor<\/strong> ve y\u00fcz makyaj\u0131 ve dudaklar i\u00e7in nat\u00fcrel ve nude tonlar tercih ediliyor!<\/p>\n<p><a href=\"https:\/\/www.alisveriskulupleri.com\/blog\/uploads\/2012\/12\/2013-yilbasi-makyaji-trendleri7.jpg\"><img loading=\"lazy\" decoding=\"async\" class=\"size-medium wp-image-15245 alignleft\" src=\"https:\/\/www.alisveriskulupleri.com\/blog\/uploads\/2012\/12\/2013-yilbasi-makyaji-trendleri7-570x671.jpg\" alt=\"2013 y\u0131lba\u015f\u0131 makyaj\u0131 trendleri!\" width=\"200\" height=\"234\" \/><\/a><strong>MAC<\/strong>\u2019in y\u0131lba\u015f\u0131 i\u00e7in haz\u0131rlad\u0131\u011f\u0131 taptaze bebeksi <strong>nude makyaja<\/strong> do\u011frusunu isterseniz bay\u0131ld\u0131m!!!<\/p>\n<p>Makyaj koleksiyonu ise hat\u0131r\u0131 say\u0131l\u0131r derecede kalabal\u0131k bir\u00e7ok \u00f6geden olu\u015fuyor, hepsini almak istiyorum derseniz c\u00fczdan\u0131n\u0131z yanacak!:)<\/p>\n<p>Y\u00fcz makyaj\u0131 porselen gibi ama asla a\u011f\u0131r bir dokuda de\u011fil bebeksi bir pembelik ve hafif \u0131\u015f\u0131lt\u0131l\u0131 yans\u0131malar hakim y\u00fcze.<\/p>\n<p><strong>Nude dudaklar ve siyah kalemle belirginle\u015ftirilen g\u00f6zler<\/strong> yal\u0131nl\u0131ktan gelen bir iddiaya sahip!<\/p>\n<p><a href=\"https:\/\/www.alisveriskulupleri.com\/blog\/uploads\/2012\/12\/2013-yilbasi-makyaji-trendleri8.jpg\"><img loading=\"lazy\" decoding=\"async\" class=\"size-medium wp-image-15245 alignright\" src=\"https:\/\/www.alisveriskulupleri.com\/blog\/uploads\/2012\/12\/2013-yilbasi-makyaji-trendleri8-570x743.jpg\" alt=\"2013 y\u0131lba\u015f\u0131 makyaj\u0131 trendleri!\" width=\"200\" height=\"260\" \/><\/a><strong>Dior<\/strong>, 2012 y\u0131lba\u015f\u0131 kad\u0131n\u0131n\u0131 yine \u00e7ok sofistike, klasik ve l\u00fcks bir imaja sahip k\u0131lm\u0131\u015f!<\/p>\n<p><strong>Koyu k\u0131rm\u0131z\u0131 dudaklar<\/strong> son derece iddial\u0131 ama olgun bir imaj\u0131 yans\u0131t\u0131yor, g\u00f6zler ise tam bir klasik; <strong>kuyruklu siyah eyeliner<\/strong> ile belirginle\u015ftirilmi\u015f ve yal\u0131n tutulmu\u015f!<\/p>\n<p><strong>Ten rengi porselen ve mat bir g\u00f6r\u00fcn\u00fcme <\/strong>sahip ve t\u0131rnaklar uzun bak\u0131ml\u0131 ve mat \u00f6zel y\u0131lba\u015f\u0131 koleksiyonu i\u00e7erisinde yer alan <strong>beyaz oje<\/strong> ile \u00f6ne \u00e7\u0131kar\u0131lm\u0131\u015f!<\/p>\n<p><strong>Guerlain<\/strong>\u2019in y\u0131lba\u015f\u0131 makyaj\u0131 koleksiyonunda yer alan \u00fcr\u00fcnlere bay\u0131ld\u0131m, neymi\u015f bakal\u0131m bunlar <strong>simli v\u00fccut pudras\u0131 ve k\u0131rm\u0131z\u0131 tonlu rujlardan ve naturel tonlu farlardan olu\u015fan \u015f\u0131k bir makyaj paleti<\/strong>!<\/p>\n<p><a href=\"https:\/\/www.alisveriskulupleri.com\/blog\/uploads\/2012\/12\/2013-yilbasi-makyaji-trendleri9.jpg\"><img loading=\"lazy\" decoding=\"async\" class=\"size-medium wp-image-15245 alignleft\" src=\"https:\/\/www.alisveriskulupleri.com\/blog\/uploads\/2012\/12\/2013-yilbasi-makyaji-trendleri9-570x416.jpg\" alt=\"2013 y\u0131lba\u015f\u0131 makyaj\u0131 trendleri!\" width=\"285\" height=\"208\" \/><\/a>Gelgelelim bu \u00fcr\u00fcnlerle olu\u015fturdu\u011fu makyaj g\u00f6r\u00fcn\u00fcm\u00fcn\u00fc hi\u00e7 sevmedim, reklamlar\u0131nda sol k\u00f6\u015fede yer alan a\u00e7\u0131k renk g\u00f6zl\u00fc manken k\u0131z\u0131n makyaj\u0131n\u0131 kastediyorum.<\/p>\n<p>Sizce de<strong> makyajda bir uyumsuzluk yok mu<\/strong>, belki de kendi i\u00e7inde dengeli olan bu makyaj tonlar\u0131 mankenin sa\u00e7 ve g\u00f6z rengine yak\u0131\u015fmam\u0131\u015ft\u0131r da ad\u0131n\u0131 koyamad\u0131\u011f\u0131m tuhafl\u0131\u011f\u0131n kayna\u011f\u0131 budur bilemedim!<\/p>\n<p>Bu \u00fcr\u00fcnleri kendi zevkinize g\u00f6re kullan\u0131n harikalar yarat\u0131n derim ben de o zaman!:)<\/p>\n<p><a href=\"https:\/\/www.alisveriskulupleri.com\/blog\/uploads\/2012\/12\/2013-yilbasi-makyaji-trendleri10.jpg\"><img loading=\"lazy\" decoding=\"async\" class=\"size-medium wp-image-15245 alignright\" src=\"https:\/\/www.alisveriskulupleri.com\/blog\/uploads\/2012\/12\/2013-yilbasi-makyaji-trendleri10-570x361.jpg\" alt=\"2013 y\u0131lba\u015f\u0131 makyaj\u0131 trendleri!\" width=\"285\" height=\"180\" \/><\/a><strong>Givenchy<\/strong> y\u0131lba\u015f\u0131 koleksiyonunu tan\u0131tan reklamlarda bir makyaj uygulamas\u0131 g\u00f6r\u00fcn\u00fcm\u00fcne yer vermemi\u015f belki de m\u00fc\u015fterilerinin bu \u00f6zel y\u0131lba\u015f\u0131 \u00fcr\u00fcnlerinin kullan\u0131rlarken <strong>hayal g\u00fc\u00e7lerini s\u0131n\u0131rlamak istememi\u015ftir<\/strong> kim bilir!:)<\/p>\n<p>Pembe tonlar\u0131ndan olu\u015fan bir <strong>all\u0131k paleti, siyah simli oje ve simli v\u00fccut pudras\u0131<\/strong> Givenchy\u2019nin y\u0131lba\u015f\u0131 temal\u0131 \u00fcr\u00fcnleri aras\u0131nda yer al\u0131yor!<\/p>\n<p>Son olarak gelelim <strong>Lancome<\/strong>\u2019a! Bence Lancome\u2019un y\u0131lba\u015f\u0131 \u00fcr\u00fcnleri \u00e7ok ho\u015f \u00f6zellikle <strong>3 farkl\u0131 tonda \u00e7\u0131kartt\u0131\u011f\u0131 ojeleri<\/strong>!<\/p>\n<p><a href=\"https:\/\/www.alisveriskulupleri.com\/blog\/uploads\/2012\/12\/2013-yilbasi-makyaji-trendleri11.jpg\"><img loading=\"lazy\" decoding=\"async\" class=\"size-medium wp-image-15245 alignleft\" src=\"https:\/\/www.alisveriskulupleri.com\/blog\/uploads\/2012\/12\/2013-yilbasi-makyaji-trendleri11-570x366.jpg\" alt=\"2013 y\u0131lba\u015f\u0131 makyaj\u0131 trendleri!\" width=\"285\" height=\"183\" \/><\/a>K\u0131rm\u0131z\u0131 ruj ve nat\u00fcrel \u0131\u015f\u0131lt\u0131l\u0131 tonlarda g\u00f6z far\u0131 paleti de \u00e7ok g\u00f6z al\u0131c\u0131 ama <strong>reklam ne alaka<\/strong> demek istiyorum?<\/p>\n<p>Reklamda yer alan <strong>mankenin ruju pembemsi bir bordo<\/strong> oysa hemen yan\u0131nda yer alan y\u0131lba\u015f\u0131 koleksiyonu d\u00e2hilindeki ruj k\u0131pk\u0131rm\u0131z\u0131!<\/p>\n<p>Belki de bir foto\u011fraf hatas\u0131ndan kaynaklan\u0131yordur bu renk uyumsuzlu\u011fu; ama ben ne y\u0131lba\u015f\u0131 makyajlar\u0131n\u0131 ne de reklam\u0131 pek ba\u015far\u0131l\u0131 bulmad\u0131m do\u011frusu, en g\u00f6z alan \u015fey mankenin <strong>alt\u0131n tonlar\u0131ndaki ceketi<\/strong> onu sat\u0131yor olsalar almay\u0131 d\u00fc\u015f\u00fcnebilirdik bak!:)<\/p>\n<p>\u00dcnl\u00fc markalara ait bu g\u00f6r\u00fcn\u00fcmlerden be\u011fendi\u011finiz olduysa \u00e7\u0131kt\u0131s\u0131n\u0131 al\u0131p makyaj masan\u0131za asabilir ve o gece makyaj\u0131n\u0131z\u0131 bu resme baka baka yapabilirsiniz ger\u00e7ekten yarar\u0131 dokunuyor benden s\u00f6ylemesi!<\/p>\n","protected":false},"excerpt":{"rendered":"<p>Givency, Lancome, Yves Saint Laurent , MAC, Dolce &amp; Gabbana, Dior, Clarins, Chanel ve Guerlain\u2019den y\u0131lba\u015f\u0131na \u00f6zel g\u00f6z al\u0131c\u0131 makyaj trendleri! Gelin hep birlikte b\u00fcy\u00fck gece kap\u0131m\u0131z\u0131 \u00e7almadan d\u00fcnyan\u0131n en \u00fcnl\u00fc kozmetik markalar\u0131n\u0131n 2012 y\u0131lba\u015f\u0131<span class=\"theme-excerpt-more\"> [&#8230;] <a href=\"https:\/\/www.alisveriskulupleri.com\/blog\/2012-yilbasi-makyaji-trendleri.html\" title=\"2012 y\u0131lba\u015f\u0131 makyaj\u0131 trendleri!\">Read More<\/a><\/span><\/p>\n","protected":false},"author":9,"featured_media":0,"comment_status":"open","ping_status":"closed","sticky":false,"template":"","format":"standard","meta":{"footnotes":""},"categories":[44,32,26],"tags":[4552,4551,2900,413,4556,833,645,1569,1606,3177,1709,4553,3207,1923,382,383,3192,280,3505,4554,50,4555,4549,146,4550,4547,303,4546,4548,2330,2834],"class_list":["post-15362","post","type-post","status-publish","format-standard","hentry","category-guncel","category-guzel-iz","category-trend-iz","tag-2012-yilbasi","tag-2012-yilbasi-makyaj-trendleri","tag-abiye-makyaj","tag-chanel","tag-clarins","tag-dior","tag-dolce-gabbana","tag-givenchy","tag-goz-fari","tag-guerlain","tag-kozmetik","tag-kozmetik-koleksiyonlari","tag-lancome","tag-mac","tag-makyaj","tag-makyaj-trendleri","tag-maskara","tag-noel","tag-nude-makyaj","tag-ozel-makyaj-koleksiyonlari","tag-ruj","tag-simli-vucut-pudrasi","tag-unlu-markalarin-yilbasi-makyaj-koleksiyonlari","tag-yeni-yil","tag-yeni-yil-kozmetik-trendleri","tag-yeni-yil-makyaj-trendleri","tag-yilbasi-gecesi","tag-yilbasi-makyaj-stili","tag-yilbasi-makyaj-trendleri","tag-yilbasi-makyaji","tag-yves-saint-laurent"],"yoast_head":"<!-- This site is optimized with the Yoast SEO plugin v24.1 - https:\/\/yoast.com\/wordpress\/plugins\/seo\/ -->\n<title>2012 y\u0131lba\u015f\u0131 makyaj\u0131 trendleri! - Al\u0131\u015fveri\u015f Kul\u00fcpleri<\/title>\n<meta name=\"robots\" content=\"index, follow, max-snippet:-1, max-image-preview:large, max-video-preview:-1\" \/>\n<link rel=\"canonical\" href=\"https:\/\/www.alisveriskulupleri.com\/blog\/2012-yilbasi-makyaji-trendleri.html\" \/>\n<meta property=\"og:locale\" content=\"tr_TR\" \/>\n<meta property=\"og:type\" content=\"article\" \/>\n<meta property=\"og:title\" content=\"2012 y\u0131lba\u015f\u0131 makyaj\u0131 trendleri! - Al\u0131\u015fveri\u015f Kul\u00fcpleri\" \/>\n<meta property=\"og:description\" content=\"Givency, Lancome, Yves Saint Laurent , MAC, Dolce &amp; Gabbana, Dior, Clarins, Chanel ve Guerlain\u2019den y\u0131lba\u015f\u0131na \u00f6zel g\u00f6z al\u0131c\u0131 makyaj trendleri! Gelin hep birlikte b\u00fcy\u00fck gece kap\u0131m\u0131z\u0131 \u00e7almadan d\u00fcnyan\u0131n en \u00fcnl\u00fc kozmetik markalar\u0131n\u0131n 2012 y\u0131lba\u015f\u0131 [...] Read More\" \/>\n<meta property=\"og:url\" content=\"https:\/\/www.alisveriskulupleri.com\/blog\/2012-yilbasi-makyaji-trendleri.html\" \/>\n<meta property=\"og:site_name\" content=\"Al\u0131\u015fveri\u015f Kul\u00fcpleri\" \/>\n<meta property=\"article:publisher\" content=\"https:\/\/www.facebook.com\/alisveriskulupleri\" \/>\n<meta property=\"article:published_time\" content=\"2012-12-31T12:58:04+00:00\" \/>\n<meta property=\"article:modified_time\" content=\"2012-12-31T13:02:10+00:00\" \/>\n<meta property=\"og:image\" content=\"https:\/\/www.alisveriskulupleri.com\/blog\/uploads\/2012\/12\/2013-yilbasi-makyaji-trendleri1-570x357.jpg\" \/>\n<meta name=\"author\" content=\"Meltem \u015eafak\" \/>\n<meta name=\"twitter:card\" content=\"summary_large_image\" \/>\n<meta name=\"twitter:creator\" content=\"@http:\/\/twitter.com\/#!\/pisijane\" \/>\n<meta name=\"twitter:site\" content=\"@akulupleri\" \/>\n<meta name=\"twitter:label1\" content=\"Yazan:\" \/>\n\t<meta name=\"twitter:data1\" content=\"Meltem \u015eafak\" \/>\n\t<meta name=\"twitter:label2\" content=\"Tahmini okuma s\u00fcresi\" \/>\n\t<meta name=\"twitter:data2\" content=\"5 dakika\" \/>\n<script type=\"application\/ld+json\" class=\"yoast-schema-graph\">{\"@context\":\"https:\/\/schema.org\",\"@graph\":[{\"@type\":\"WebPage\",\"@id\":\"https:\/\/www.alisveriskulupleri.com\/blog\/2012-yilbasi-makyaji-trendleri.html\",\"url\":\"https:\/\/www.alisveriskulupleri.com\/blog\/2012-yilbasi-makyaji-trendleri.html\",\"name\":\"2012 y\u0131lba\u015f\u0131 makyaj\u0131 trendleri! - Al\u0131\u015fveri\u015f Kul\u00fcpleri\",\"isPartOf\":{\"@id\":\"https:\/\/www.alisveriskulupleri.com\/blog\/#website\"},\"primaryImageOfPage\":{\"@id\":\"https:\/\/www.alisveriskulupleri.com\/blog\/2012-yilbasi-makyaji-trendleri.html#primaryimage\"},\"image\":{\"@id\":\"https:\/\/www.alisveriskulupleri.com\/blog\/2012-yilbasi-makyaji-trendleri.html#primaryimage\"},\"thumbnailUrl\":\"https:\/\/www.alisveriskulupleri.com\/blog\/uploads\/2012\/12\/2013-yilbasi-makyaji-trendleri1-570x357.jpg\",\"datePublished\":\"2012-12-31T12:58:04+00:00\",\"dateModified\":\"2012-12-31T13:02:10+00:00\",\"author\":{\"@id\":\"https:\/\/www.alisveriskulupleri.com\/blog\/#\/schema\/person\/1e720746ccc4457a55d6c121a8e60ad5\"},\"breadcrumb\":{\"@id\":\"https:\/\/www.alisveriskulupleri.com\/blog\/2012-yilbasi-makyaji-trendleri.html#breadcrumb\"},\"inLanguage\":\"tr\",\"potentialAction\":[{\"@type\":\"ReadAction\",\"target\":[\"https:\/\/www.alisveriskulupleri.com\/blog\/2012-yilbasi-makyaji-trendleri.html\"]}]},{\"@type\":\"ImageObject\",\"inLanguage\":\"tr\",\"@id\":\"https:\/\/www.alisveriskulupleri.com\/blog\/2012-yilbasi-makyaji-trendleri.html#primaryimage\",\"url\":\"https:\/\/www.alisveriskulupleri.com\/blog\/uploads\/2012\/12\/2013-yilbasi-makyaji-trendleri1.jpg\",\"contentUrl\":\"https:\/\/www.alisveriskulupleri.com\/blog\/uploads\/2012\/12\/2013-yilbasi-makyaji-trendleri1.jpg\",\"width\":\"750\",\"height\":\"470\",\"caption\":\"2013 y\u0131lba\u015f\u0131 makyaj\u0131 trendleri!\"},{\"@type\":\"BreadcrumbList\",\"@id\":\"https:\/\/www.alisveriskulupleri.com\/blog\/2012-yilbasi-makyaji-trendleri.html#breadcrumb\",\"itemListElement\":[{\"@type\":\"ListItem\",\"position\":1,\"name\":\"Ana sayfa\",\"item\":\"https:\/\/www.alisveriskulupleri.com\/blog\/\"},{\"@type\":\"ListItem\",\"position\":2,\"name\":\"2012 y\u0131lba\u015f\u0131 makyaj\u0131 trendleri!\"}]},{\"@type\":\"WebSite\",\"@id\":\"https:\/\/www.alisveriskulupleri.com\/blog\/#website\",\"url\":\"https:\/\/www.alisveriskulupleri.com\/blog\/\",\"name\":\"Al\u0131\u015fveri\u015f Kul\u00fcpleri\",\"description\":\"\",\"potentialAction\":[{\"@type\":\"SearchAction\",\"target\":{\"@type\":\"EntryPoint\",\"urlTemplate\":\"https:\/\/www.alisveriskulupleri.com\/blog\/?s={search_term_string}\"},\"query-input\":{\"@type\":\"PropertyValueSpecification\",\"valueRequired\":true,\"valueName\":\"search_term_string\"}}],\"inLanguage\":\"tr\"},{\"@type\":\"Person\",\"@id\":\"https:\/\/www.alisveriskulupleri.com\/blog\/#\/schema\/person\/1e720746ccc4457a55d6c121a8e60ad5\",\"name\":\"Meltem \u015eafak\",\"image\":{\"@type\":\"ImageObject\",\"inLanguage\":\"tr\",\"@id\":\"https:\/\/www.alisveriskulupleri.com\/blog\/#\/schema\/person\/image\/\",\"url\":\"https:\/\/secure.gravatar.com\/avatar\/61ceafb22dfb2a2257ff39bbf99edb74?s=96&d=mm&r=g\",\"contentUrl\":\"https:\/\/secure.gravatar.com\/avatar\/61ceafb22dfb2a2257ff39bbf99edb74?s=96&d=mm&r=g\",\"caption\":\"Meltem \u015eafak\"},\"description\":\"Anadolu \u00dcniversitesi Reklamc\u0131l\u0131k &amp; Halkla \u0130li\u015fkiler mezunu, evli ve 2 kedi annesi bir edit\u00f6r\u00fcm:) Kozmetik, moda ve al\u0131\u015fveri\u015f tutkunuyum! Merakl\u0131 bir Ko\u00e7 burcu olarak g\u00fcndemi takip etmek ve en ilgin\u00e7 ipu\u00e7lar\u0131n\u0131 bulup payla\u015fmak benim i\u00e7in bir hobi. E\u011flenceli ve aa aa! dedirten \u015feyler okumak i\u00e7in beni takip edin!\",\"sameAs\":[\"https:\/\/x.com\/http:\/\/twitter.com\/#!\/pisijane\"],\"url\":\"https:\/\/www.alisveriskulupleri.com\/blog\/author\/meltem\"}]}<\/script>\n<!-- \/ Yoast SEO plugin. -->","yoast_head_json":{"title":"2012 y\u0131lba\u015f\u0131 makyaj\u0131 trendleri! - Al\u0131\u015fveri\u015f Kul\u00fcpleri","robots":{"index":"index","follow":"follow","max-snippet":"max-snippet:-1","max-image-preview":"max-image-preview:large","max-video-preview":"max-video-preview:-1"},"canonical":"https:\/\/www.alisveriskulupleri.com\/blog\/2012-yilbasi-makyaji-trendleri.html","og_locale":"tr_TR","og_type":"article","og_title":"2012 y\u0131lba\u015f\u0131 makyaj\u0131 trendleri! - Al\u0131\u015fveri\u015f Kul\u00fcpleri","og_description":"Givency, Lancome, Yves Saint Laurent , MAC, Dolce &amp; Gabbana, Dior, Clarins, Chanel ve Guerlain\u2019den y\u0131lba\u015f\u0131na \u00f6zel g\u00f6z al\u0131c\u0131 makyaj trendleri! Gelin hep birlikte b\u00fcy\u00fck gece kap\u0131m\u0131z\u0131 \u00e7almadan d\u00fcnyan\u0131n en \u00fcnl\u00fc kozmetik markalar\u0131n\u0131n 2012 y\u0131lba\u015f\u0131 [...] Read More","og_url":"https:\/\/www.alisveriskulupleri.com\/blog\/2012-yilbasi-makyaji-trendleri.html","og_site_name":"Al\u0131\u015fveri\u015f Kul\u00fcpleri","article_publisher":"https:\/\/www.facebook.com\/alisveriskulupleri","article_published_time":"2012-12-31T12:58:04+00:00","article_modified_time":"2012-12-31T13:02:10+00:00","og_image":[{"url":"https:\/\/www.alisveriskulupleri.com\/blog\/uploads\/2012\/12\/2013-yilbasi-makyaji-trendleri1-570x357.jpg","type":"","width":"","height":""}],"author":"Meltem \u015eafak","twitter_card":"summary_large_image","twitter_creator":"@http:\/\/twitter.com\/#!\/pisijane","twitter_site":"@akulupleri","twitter_misc":{"Yazan:":"Meltem \u015eafak","Tahmini okuma s\u00fcresi":"5 dakika"},"schema":{"@context":"https:\/\/schema.org","@graph":[{"@type":"WebPage","@id":"https:\/\/www.alisveriskulupleri.com\/blog\/2012-yilbasi-makyaji-trendleri.html","url":"https:\/\/www.alisveriskulupleri.com\/blog\/2012-yilbasi-makyaji-trendleri.html","name":"2012 y\u0131lba\u015f\u0131 makyaj\u0131 trendleri! - Al\u0131\u015fveri\u015f Kul\u00fcpleri","isPartOf":{"@id":"https:\/\/www.alisveriskulupleri.com\/blog\/#website"},"primaryImageOfPage":{"@id":"https:\/\/www.alisveriskulupleri.com\/blog\/2012-yilbasi-makyaji-trendleri.html#primaryimage"},"image":{"@id":"https:\/\/www.alisveriskulupleri.com\/blog\/2012-yilbasi-makyaji-trendleri.html#primaryimage"},"thumbnailUrl":"https:\/\/www.alisveriskulupleri.com\/blog\/uploads\/2012\/12\/2013-yilbasi-makyaji-trendleri1-570x357.jpg","datePublished":"2012-12-31T12:58:04+00:00","dateModified":"2012-12-31T13:02:10+00:00","author":{"@id":"https:\/\/www.alisveriskulupleri.com\/blog\/#\/schema\/person\/1e720746ccc4457a55d6c121a8e60ad5"},"breadcrumb":{"@id":"https:\/\/www.alisveriskulupleri.com\/blog\/2012-yilbasi-makyaji-trendleri.html#breadcrumb"},"inLanguage":"tr","potentialAction":[{"@type":"ReadAction","target":["https:\/\/www.alisveriskulupleri.com\/blog\/2012-yilbasi-makyaji-trendleri.html"]}]},{"@type":"ImageObject","inLanguage":"tr","@id":"https:\/\/www.alisveriskulupleri.com\/blog\/2012-yilbasi-makyaji-trendleri.html#primaryimage","url":"https:\/\/www.alisveriskulupleri.com\/blog\/uploads\/2012\/12\/2013-yilbasi-makyaji-trendleri1.jpg","contentUrl":"https:\/\/www.alisveriskulupleri.com\/blog\/uploads\/2012\/12\/2013-yilbasi-makyaji-trendleri1.jpg","width":"750","height":"470","caption":"2013 y\u0131lba\u015f\u0131 makyaj\u0131 trendleri!"},{"@type":"BreadcrumbList","@id":"https:\/\/www.alisveriskulupleri.com\/blog\/2012-yilbasi-makyaji-trendleri.html#breadcrumb","itemListElement":[{"@type":"ListItem","position":1,"name":"Ana sayfa","item":"https:\/\/www.alisveriskulupleri.com\/blog\/"},{"@type":"ListItem","position":2,"name":"2012 y\u0131lba\u015f\u0131 makyaj\u0131 trendleri!"}]},{"@type":"WebSite","@id":"https:\/\/www.alisveriskulupleri.com\/blog\/#website","url":"https:\/\/www.alisveriskulupleri.com\/blog\/","name":"Al\u0131\u015fveri\u015f Kul\u00fcpleri","description":"","potentialAction":[{"@type":"SearchAction","target":{"@type":"EntryPoint","urlTemplate":"https:\/\/www.alisveriskulupleri.com\/blog\/?s={search_term_string}"},"query-input":{"@type":"PropertyValueSpecification","valueRequired":true,"valueName":"search_term_string"}}],"inLanguage":"tr"},{"@type":"Person","@id":"https:\/\/www.alisveriskulupleri.com\/blog\/#\/schema\/person\/1e720746ccc4457a55d6c121a8e60ad5","name":"Meltem \u015eafak","image":{"@type":"ImageObject","inLanguage":"tr","@id":"https:\/\/www.alisveriskulupleri.com\/blog\/#\/schema\/person\/image\/","url":"https:\/\/secure.gravatar.com\/avatar\/61ceafb22dfb2a2257ff39bbf99edb74?s=96&d=mm&r=g","contentUrl":"https:\/\/secure.gravatar.com\/avatar\/61ceafb22dfb2a2257ff39bbf99edb74?s=96&d=mm&r=g","caption":"Meltem \u015eafak"},"description":"Anadolu \u00dcniversitesi Reklamc\u0131l\u0131k &amp; Halkla \u0130li\u015fkiler mezunu, evli ve 2 kedi annesi bir edit\u00f6r\u00fcm:) Kozmetik, moda ve al\u0131\u015fveri\u015f tutkunuyum! Merakl\u0131 bir Ko\u00e7 burcu olarak g\u00fcndemi takip etmek ve en ilgin\u00e7 ipu\u00e7lar\u0131n\u0131 bulup payla\u015fmak benim i\u00e7in bir hobi. E\u011flenceli ve aa aa! dedirten \u015feyler okumak i\u00e7in beni takip edin!","sameAs":["https:\/\/x.com\/http:\/\/twitter.com\/#!\/pisijane"],"url":"https:\/\/www.alisveriskulupleri.com\/blog\/author\/meltem"}]}},"_links":{"self":[{"href":"https:\/\/www.alisveriskulupleri.com\/blog\/wp-json\/wp\/v2\/posts\/15362","targetHints":{"allow":["GET"]}}],"collection":[{"href":"https:\/\/www.alisveriskulupleri.com\/blog\/wp-json\/wp\/v2\/posts"}],"about":[{"href":"https:\/\/www.alisveriskulupleri.com\/blog\/wp-json\/wp\/v2\/types\/post"}],"author":[{"embeddable":true,"href":"https:\/\/www.alisveriskulupleri.com\/blog\/wp-json\/wp\/v2\/users\/9"}],"replies":[{"embeddable":true,"href":"https:\/\/www.alisveriskulupleri.com\/blog\/wp-json\/wp\/v2\/comments?post=15362"}],"version-history":[{"count":14,"href":"https:\/\/www.alisveriskulupleri.com\/blog\/wp-json\/wp\/v2\/posts\/15362\/revisions"}],"predecessor-version":[{"id":15413,"href":"https:\/\/www.alisveriskulupleri.com\/blog\/wp-json\/wp\/v2\/posts\/15362\/revisions\/15413"}],"wp:attachment":[{"href":"https:\/\/www.alisveriskulupleri.com\/blog\/wp-json\/wp\/v2\/media?parent=15362"}],"wp:term":[{"taxonomy":"category","embeddable":true,"href":"https:\/\/www.alisveriskulupleri.com\/blog\/wp-json\/wp\/v2\/categories?post=15362"},{"taxonomy":"post_tag","embeddable":true,"href":"https:\/\/www.alisveriskulupleri.com\/blog\/wp-json\/wp\/v2\/tags?post=15362"}],"curies":[{"name":"wp","href":"https:\/\/api.w.org\/{rel}","templated":true}]}}