{"id":14641,"date":"2012-07-27T23:53:37","date_gmt":"2012-07-27T21:53:37","guid":{"rendered":"https:\/\/www.alisveriskulupleri.com\/blog\/?p=14641"},"modified":"2012-07-28T14:37:06","modified_gmt":"2012-07-28T12:37:06","slug":"pembenin-ihtisami-sizi-de-saracak","status":"publish","type":"post","link":"https:\/\/www.alisveriskulupleri.com\/blog\/pembenin-ihtisami-sizi-de-saracak.html","title":{"rendered":"Pembenin ihti\u015fam\u0131 sizi de saracak"},"content":{"rendered":"<p><a href=\"https:\/\/www.alisveriskulupleri.com\/blog\/uploads\/2012\/07\/pembe-3.jpg\"><img loading=\"lazy\" decoding=\"async\" src=\"https:\/\/www.alisveriskulupleri.com\/blog\/uploads\/2012\/07\/pembe-3.jpg\" alt=\"pembenin ihti\u015fam\u0131\" title=\"pembenin ihti\u015fam\u0131\" width=\"548\" height=\"822\" class=\"aligncenter size-full wp-image-14659\" \/><\/a><\/p>\n<h3>\u0130ster \u015feker pembesi olsun ister pudra pembe hangi ton olursa olsun pembe insana ne\u015fe ve enerji verir. Hem inan\u0131lan\u0131n aksine pembe giyerek cici k\u0131z olmak zorunda da de\u011filsiniz. \u00d6nemli olan giydi\u011finiz pembenin tonu\u2026 Tonunu do\u011fru tespit ederek vermek istedi\u011finiz havay\u0131 rahatl\u0131kla verebilirsiniz.<\/h3>\n<p><strong>Renkler:<\/strong> Siyah ve pembeyi birle\u015ftirerek, keskin ve \u00e7arp\u0131c\u0131 bir hava yaratabilirsiniz. Ojelerinizi de siyah tutarsan\u0131z, t\u00fcm k\u00fc\u00e7\u00fck pembe elbiselerinizle bunu uygulayabilirsiniz. Bu trendde dikkat etmeniz gereken \u015fey renk olarak sadece siyah ve pembeyi kullanmak.<\/p>\n<p><strong>Pembe ve k\u0131rm\u0131z\u0131 trendi:<\/strong> \u015eu an t\u00fcm \u00fcnl\u00fcler bunun pe\u015finde. Siz de dolab\u0131n\u0131zdaki k\u0131rm\u0131z\u0131 ve pembe par\u00e7alar\u0131 birle\u015ftirebilirsiniz.<\/p>\n<p><strong>Aksesuar:<\/strong> Bu y\u0131l \u00e7ok moda olan zincir kemerleri kullan\u0131n. \u0130ster bileklik, ister kolye ister kemer olsun bu aksesuarlar\u0131 pembe elbisenizle alt\u0131n sar\u0131s\u0131n\u0131n inan\u0131lmaz uyumunu ke\u015ffedin.<\/p>\n<p><strong>Ayakkab\u0131:<\/strong> Pembe elbisenizin alt\u0131na postal tarz\u0131 botlar giyerek bu rengin fazla \u2018cici\u2019li\u011fini k\u0131rabilirsiniz.<\/p>\n<p><strong>Uyumsuz uyum:<\/strong> Eskiden sar\u0131 ile pembe yan yana gelemez iki renkken \u015fimdi bak\u0131n nas\u0131l da g\u00fczel kullan\u0131l\u0131yor. \u00c7i\u00e7ekli elbise sar\u0131 ayakkab\u0131larla hayat bulmu\u015f. Ama bu herkese ve her tarza uymayabilir, dikkat!<\/p>\n<p><strong>Pembe ile illa cici k\u0131z m\u0131 olunur:<\/strong> Hay\u0131r a\u011f\u0131r bir hava da estirebilirsiniz. Bak\u0131n Eva La Rue ayn\u0131 zamanda nas\u0131l da a\u011f\u0131rl\u0131\u011f\u0131n\u0131 koymu\u015f. Zarif ve se\u00e7kin duruyor.<\/p>\n<p><strong>Mask\u00fclen duru\u015f:<\/strong> Mask\u00fclen bir duru\u015funuz varsa ve bunu seviyorsan\u0131z siz de Jamie Lee Curtis gibi bunu pembe ile yumu\u015fatabilirsiniz. Siyah pantolon ve ayakkab\u0131lar\u0131 ile olduk\u00e7a \u015f\u0131k duruyor.<\/p>\n<p><strong>Pembeyi sevmiyorum ama trendlerden de uzak kalmak istemiyorum diyenlere:<\/strong> Pembenin tonlar\u0131ndan kahveye d\u00f6n\u00fck olanlar\u0131 ya da yavrua\u011fz\u0131na bakanlar\u0131n\u0131 se\u00e7ebilirsiniz.<\/p>\n<p><strong>T\u00fct\u00fc etek:<\/strong> Balerin modas\u0131 geliyor demi\u015ftik ya, bak\u0131n pembenin bebek tonu Megan Fox elbisesinde nas\u0131l da \u015firin durmu\u015f. \u00dcstelik ayakkab\u0131lar\u0131ndaki k\u0131rm\u0131z\u0131 ile olduk\u00e7a \u2018trendy\u2019 g\u00f6z\u00fck\u00fcyor.<\/p>\n<p><strong>Trendlerden uzak olmay\u0131n, unutmadan Peplum gibi trendleri kullan\u0131rken pembe rengin b\u00fcy\u00fcs\u00fcne kapt\u0131r\u0131n.<\/strong><\/p>\n\n\t\t<style type=\"text\/css\">\n\t\t\t#gallery-1 {\n\t\t\t\tmargin: auto;\n\t\t\t}\n\t\t\t#gallery-1 .gallery-item {\n\t\t\t\tfloat: left;\n\t\t\t\tmargin-top: 10px;\n\t\t\t\ttext-align: center;\n\t\t\t\twidth: 33%;\n\t\t\t}\n\t\t\t#gallery-1 img {\n\t\t\t\tborder: 2px solid #cfcfcf;\n\t\t\t}\n\t\t\t#gallery-1 .gallery-caption {\n\t\t\t\tmargin-left: 0;\n\t\t\t}\n\t\t\t\/* see gallery_shortcode() in wp-includes\/media.php *\/\n\t\t<\/style>\n\t\t<div id='gallery-1' class='gallery galleryid-14641 gallery-columns-3 gallery-size-thumbnail'><dl class='gallery-item'>\n\t\t\t<dt class='gallery-icon portrait'>\n\t\t\t\t<a href='https:\/\/www.alisveriskulupleri.com\/blog\/pembenin-ihtisami-sizi-de-saracak.html\/pembe-3'><img loading=\"lazy\" decoding=\"async\" width=\"240\" height=\"180\" src=\"https:\/\/www.alisveriskulupleri.com\/blog\/uploads\/2012\/07\/pembe-3-240x180.jpg\" class=\"attachment-thumbnail size-thumbnail\" alt=\"pembenin ihti\u015fam\u0131\" \/><\/a>\n\t\t\t<\/dt><\/dl>\n\t\t\t<br style='clear: both' \/>\n\t\t<\/div>\n\n","protected":false},"excerpt":{"rendered":"<p>\u0130ster \u015feker pembesi olsun ister pudra pembe hangi ton olursa olsun pembe insana ne\u015fe ve enerji verir. Hem inan\u0131lan\u0131n aksine pembe giyerek cici k\u0131z olmak zorunda da de\u011filsiniz. \u00d6nemli olan giydi\u011finiz pembenin tonu\u2026 Tonunu do\u011fru<span class=\"theme-excerpt-more\"> [&#8230;] <a href=\"https:\/\/www.alisveriskulupleri.com\/blog\/pembenin-ihtisami-sizi-de-saracak.html\" title=\"Pembenin ihti\u015fam\u0131 sizi de saracak\">Read More<\/a><\/span><\/p>\n","protected":false},"author":10,"featured_media":0,"comment_status":"open","ping_status":"closed","sticky":false,"template":"","format":"standard","meta":{"footnotes":""},"categories":[44,26],"tags":[5225,3940,3936,3935,3934,3938,3937,2166],"class_list":["post-14641","post","type-post","status-publish","format-standard","hentry","category-guncel","category-trend-iz","tag-jamie-lee-curtis","tag-pembe-modasi","tag-pembe-ve-kirmizi-trendi","tag-pembenin-ihtisami","tag-pembenin-ihtisami-sizi-de-saracak","tag-pudra-pembe","tag-seker-pembesi","tag-tutu-etek"],"yoast_head":"<!-- This site is optimized with the Yoast SEO plugin v24.1 - https:\/\/yoast.com\/wordpress\/plugins\/seo\/ -->\n<title>Pembenin ihti\u015fam\u0131 sizi de saracak - Al\u0131\u015fveri\u015f Kul\u00fcpleri<\/title>\n<meta name=\"robots\" content=\"index, follow, max-snippet:-1, max-image-preview:large, max-video-preview:-1\" \/>\n<link rel=\"canonical\" href=\"https:\/\/www.alisveriskulupleri.com\/blog\/pembenin-ihtisami-sizi-de-saracak.html\" \/>\n<meta property=\"og:locale\" content=\"tr_TR\" \/>\n<meta property=\"og:type\" content=\"article\" \/>\n<meta property=\"og:title\" content=\"Pembenin ihti\u015fam\u0131 sizi de saracak - Al\u0131\u015fveri\u015f Kul\u00fcpleri\" \/>\n<meta property=\"og:description\" content=\"\u0130ster \u015feker pembesi olsun ister pudra pembe hangi ton olursa olsun pembe insana ne\u015fe ve enerji verir. Hem inan\u0131lan\u0131n aksine pembe giyerek cici k\u0131z olmak zorunda da de\u011filsiniz. \u00d6nemli olan giydi\u011finiz pembenin tonu\u2026 Tonunu do\u011fru [...] Read More\" \/>\n<meta property=\"og:url\" content=\"https:\/\/www.alisveriskulupleri.com\/blog\/pembenin-ihtisami-sizi-de-saracak.html\" \/>\n<meta property=\"og:site_name\" content=\"Al\u0131\u015fveri\u015f Kul\u00fcpleri\" \/>\n<meta property=\"article:publisher\" content=\"https:\/\/www.facebook.com\/alisveriskulupleri\" \/>\n<meta property=\"article:published_time\" content=\"2012-07-27T21:53:37+00:00\" \/>\n<meta property=\"article:modified_time\" content=\"2012-07-28T12:37:06+00:00\" \/>\n<meta property=\"og:image\" content=\"https:\/\/www.alisveriskulupleri.com\/blog\/uploads\/2012\/07\/pembe-3-240x180.jpg\" \/>\n<meta name=\"author\" content=\"Melis Sel\u00e7uk\" \/>\n<meta name=\"twitter:card\" content=\"summary_large_image\" \/>\n<meta name=\"twitter:creator\" content=\"@http:\/\/twitter.com\/#!\/melisselcuk\" \/>\n<meta name=\"twitter:site\" content=\"@akulupleri\" \/>\n<meta name=\"twitter:label1\" content=\"Yazan:\" \/>\n\t<meta name=\"twitter:data1\" content=\"Melis Sel\u00e7uk\" \/>\n\t<meta name=\"twitter:label2\" content=\"Tahmini okuma s\u00fcresi\" \/>\n\t<meta name=\"twitter:data2\" content=\"2 dakika\" \/>\n<script type=\"application\/ld+json\" class=\"yoast-schema-graph\">{\"@context\":\"https:\/\/schema.org\",\"@graph\":[{\"@type\":\"WebPage\",\"@id\":\"https:\/\/www.alisveriskulupleri.com\/blog\/pembenin-ihtisami-sizi-de-saracak.html\",\"url\":\"https:\/\/www.alisveriskulupleri.com\/blog\/pembenin-ihtisami-sizi-de-saracak.html\",\"name\":\"Pembenin ihti\u015fam\u0131 sizi de saracak - Al\u0131\u015fveri\u015f Kul\u00fcpleri\",\"isPartOf\":{\"@id\":\"https:\/\/www.alisveriskulupleri.com\/blog\/#website\"},\"primaryImageOfPage\":{\"@id\":\"https:\/\/www.alisveriskulupleri.com\/blog\/pembenin-ihtisami-sizi-de-saracak.html#primaryimage\"},\"image\":{\"@id\":\"https:\/\/www.alisveriskulupleri.com\/blog\/pembenin-ihtisami-sizi-de-saracak.html#primaryimage\"},\"thumbnailUrl\":\"https:\/\/www.alisveriskulupleri.com\/blog\/uploads\/2012\/07\/pembe-3.jpg\",\"datePublished\":\"2012-07-27T21:53:37+00:00\",\"dateModified\":\"2012-07-28T12:37:06+00:00\",\"author\":{\"@id\":\"https:\/\/www.alisveriskulupleri.com\/blog\/#\/schema\/person\/a1c8a53f1c8d7b7a5a757f748ae86c9d\"},\"breadcrumb\":{\"@id\":\"https:\/\/www.alisveriskulupleri.com\/blog\/pembenin-ihtisami-sizi-de-saracak.html#breadcrumb\"},\"inLanguage\":\"tr\",\"potentialAction\":[{\"@type\":\"ReadAction\",\"target\":[\"https:\/\/www.alisveriskulupleri.com\/blog\/pembenin-ihtisami-sizi-de-saracak.html\"]}]},{\"@type\":\"ImageObject\",\"inLanguage\":\"tr\",\"@id\":\"https:\/\/www.alisveriskulupleri.com\/blog\/pembenin-ihtisami-sizi-de-saracak.html#primaryimage\",\"url\":\"https:\/\/www.alisveriskulupleri.com\/blog\/uploads\/2012\/07\/pembe-3.jpg\",\"contentUrl\":\"https:\/\/www.alisveriskulupleri.com\/blog\/uploads\/2012\/07\/pembe-3.jpg\"},{\"@type\":\"BreadcrumbList\",\"@id\":\"https:\/\/www.alisveriskulupleri.com\/blog\/pembenin-ihtisami-sizi-de-saracak.html#breadcrumb\",\"itemListElement\":[{\"@type\":\"ListItem\",\"position\":1,\"name\":\"Ana sayfa\",\"item\":\"https:\/\/www.alisveriskulupleri.com\/blog\/\"},{\"@type\":\"ListItem\",\"position\":2,\"name\":\"Pembenin ihti\u015fam\u0131 sizi de saracak\"}]},{\"@type\":\"WebSite\",\"@id\":\"https:\/\/www.alisveriskulupleri.com\/blog\/#website\",\"url\":\"https:\/\/www.alisveriskulupleri.com\/blog\/\",\"name\":\"Al\u0131\u015fveri\u015f Kul\u00fcpleri\",\"description\":\"\",\"potentialAction\":[{\"@type\":\"SearchAction\",\"target\":{\"@type\":\"EntryPoint\",\"urlTemplate\":\"https:\/\/www.alisveriskulupleri.com\/blog\/?s={search_term_string}\"},\"query-input\":{\"@type\":\"PropertyValueSpecification\",\"valueRequired\":true,\"valueName\":\"search_term_string\"}}],\"inLanguage\":\"tr\"},{\"@type\":\"Person\",\"@id\":\"https:\/\/www.alisveriskulupleri.com\/blog\/#\/schema\/person\/a1c8a53f1c8d7b7a5a757f748ae86c9d\",\"name\":\"Melis Sel\u00e7uk\",\"image\":{\"@type\":\"ImageObject\",\"inLanguage\":\"tr\",\"@id\":\"https:\/\/www.alisveriskulupleri.com\/blog\/#\/schema\/person\/image\/\",\"url\":\"https:\/\/secure.gravatar.com\/avatar\/93fa88262d28198d5e7f39f9ea941651?s=96&d=mm&r=g\",\"contentUrl\":\"https:\/\/secure.gravatar.com\/avatar\/93fa88262d28198d5e7f39f9ea941651?s=96&d=mm&r=g\",\"caption\":\"Melis Sel\u00e7uk\"},\"description\":\"Detayl\u0131 bilgi i\u00e7in: melisselcuk.com\",\"sameAs\":[\"https:\/\/x.com\/http:\/\/twitter.com\/#!\/melisselcuk\"],\"url\":\"https:\/\/www.alisveriskulupleri.com\/blog\/author\/melis\"}]}<\/script>\n<!-- \/ Yoast SEO plugin. -->","yoast_head_json":{"title":"Pembenin ihti\u015fam\u0131 sizi de saracak - Al\u0131\u015fveri\u015f Kul\u00fcpleri","robots":{"index":"index","follow":"follow","max-snippet":"max-snippet:-1","max-image-preview":"max-image-preview:large","max-video-preview":"max-video-preview:-1"},"canonical":"https:\/\/www.alisveriskulupleri.com\/blog\/pembenin-ihtisami-sizi-de-saracak.html","og_locale":"tr_TR","og_type":"article","og_title":"Pembenin ihti\u015fam\u0131 sizi de saracak - Al\u0131\u015fveri\u015f Kul\u00fcpleri","og_description":"\u0130ster \u015feker pembesi olsun ister pudra pembe hangi ton olursa olsun pembe insana ne\u015fe ve enerji verir. Hem inan\u0131lan\u0131n aksine pembe giyerek cici k\u0131z olmak zorunda da de\u011filsiniz. \u00d6nemli olan giydi\u011finiz pembenin tonu\u2026 Tonunu do\u011fru [...] Read More","og_url":"https:\/\/www.alisveriskulupleri.com\/blog\/pembenin-ihtisami-sizi-de-saracak.html","og_site_name":"Al\u0131\u015fveri\u015f Kul\u00fcpleri","article_publisher":"https:\/\/www.facebook.com\/alisveriskulupleri","article_published_time":"2012-07-27T21:53:37+00:00","article_modified_time":"2012-07-28T12:37:06+00:00","og_image":[{"url":"https:\/\/www.alisveriskulupleri.com\/blog\/uploads\/2012\/07\/pembe-3-240x180.jpg","type":"","width":"","height":""}],"author":"Melis Sel\u00e7uk","twitter_card":"summary_large_image","twitter_creator":"@http:\/\/twitter.com\/#!\/melisselcuk","twitter_site":"@akulupleri","twitter_misc":{"Yazan:":"Melis Sel\u00e7uk","Tahmini okuma s\u00fcresi":"2 dakika"},"schema":{"@context":"https:\/\/schema.org","@graph":[{"@type":"WebPage","@id":"https:\/\/www.alisveriskulupleri.com\/blog\/pembenin-ihtisami-sizi-de-saracak.html","url":"https:\/\/www.alisveriskulupleri.com\/blog\/pembenin-ihtisami-sizi-de-saracak.html","name":"Pembenin ihti\u015fam\u0131 sizi de saracak - Al\u0131\u015fveri\u015f Kul\u00fcpleri","isPartOf":{"@id":"https:\/\/www.alisveriskulupleri.com\/blog\/#website"},"primaryImageOfPage":{"@id":"https:\/\/www.alisveriskulupleri.com\/blog\/pembenin-ihtisami-sizi-de-saracak.html#primaryimage"},"image":{"@id":"https:\/\/www.alisveriskulupleri.com\/blog\/pembenin-ihtisami-sizi-de-saracak.html#primaryimage"},"thumbnailUrl":"https:\/\/www.alisveriskulupleri.com\/blog\/uploads\/2012\/07\/pembe-3.jpg","datePublished":"2012-07-27T21:53:37+00:00","dateModified":"2012-07-28T12:37:06+00:00","author":{"@id":"https:\/\/www.alisveriskulupleri.com\/blog\/#\/schema\/person\/a1c8a53f1c8d7b7a5a757f748ae86c9d"},"breadcrumb":{"@id":"https:\/\/www.alisveriskulupleri.com\/blog\/pembenin-ihtisami-sizi-de-saracak.html#breadcrumb"},"inLanguage":"tr","potentialAction":[{"@type":"ReadAction","target":["https:\/\/www.alisveriskulupleri.com\/blog\/pembenin-ihtisami-sizi-de-saracak.html"]}]},{"@type":"ImageObject","inLanguage":"tr","@id":"https:\/\/www.alisveriskulupleri.com\/blog\/pembenin-ihtisami-sizi-de-saracak.html#primaryimage","url":"https:\/\/www.alisveriskulupleri.com\/blog\/uploads\/2012\/07\/pembe-3.jpg","contentUrl":"https:\/\/www.alisveriskulupleri.com\/blog\/uploads\/2012\/07\/pembe-3.jpg"},{"@type":"BreadcrumbList","@id":"https:\/\/www.alisveriskulupleri.com\/blog\/pembenin-ihtisami-sizi-de-saracak.html#breadcrumb","itemListElement":[{"@type":"ListItem","position":1,"name":"Ana sayfa","item":"https:\/\/www.alisveriskulupleri.com\/blog\/"},{"@type":"ListItem","position":2,"name":"Pembenin ihti\u015fam\u0131 sizi de saracak"}]},{"@type":"WebSite","@id":"https:\/\/www.alisveriskulupleri.com\/blog\/#website","url":"https:\/\/www.alisveriskulupleri.com\/blog\/","name":"Al\u0131\u015fveri\u015f Kul\u00fcpleri","description":"","potentialAction":[{"@type":"SearchAction","target":{"@type":"EntryPoint","urlTemplate":"https:\/\/www.alisveriskulupleri.com\/blog\/?s={search_term_string}"},"query-input":{"@type":"PropertyValueSpecification","valueRequired":true,"valueName":"search_term_string"}}],"inLanguage":"tr"},{"@type":"Person","@id":"https:\/\/www.alisveriskulupleri.com\/blog\/#\/schema\/person\/a1c8a53f1c8d7b7a5a757f748ae86c9d","name":"Melis Sel\u00e7uk","image":{"@type":"ImageObject","inLanguage":"tr","@id":"https:\/\/www.alisveriskulupleri.com\/blog\/#\/schema\/person\/image\/","url":"https:\/\/secure.gravatar.com\/avatar\/93fa88262d28198d5e7f39f9ea941651?s=96&d=mm&r=g","contentUrl":"https:\/\/secure.gravatar.com\/avatar\/93fa88262d28198d5e7f39f9ea941651?s=96&d=mm&r=g","caption":"Melis Sel\u00e7uk"},"description":"Detayl\u0131 bilgi i\u00e7in: melisselcuk.com","sameAs":["https:\/\/x.com\/http:\/\/twitter.com\/#!\/melisselcuk"],"url":"https:\/\/www.alisveriskulupleri.com\/blog\/author\/melis"}]}},"_links":{"self":[{"href":"https:\/\/www.alisveriskulupleri.com\/blog\/wp-json\/wp\/v2\/posts\/14641","targetHints":{"allow":["GET"]}}],"collection":[{"href":"https:\/\/www.alisveriskulupleri.com\/blog\/wp-json\/wp\/v2\/posts"}],"about":[{"href":"https:\/\/www.alisveriskulupleri.com\/blog\/wp-json\/wp\/v2\/types\/post"}],"author":[{"embeddable":true,"href":"https:\/\/www.alisveriskulupleri.com\/blog\/wp-json\/wp\/v2\/users\/10"}],"replies":[{"embeddable":true,"href":"https:\/\/www.alisveriskulupleri.com\/blog\/wp-json\/wp\/v2\/comments?post=14641"}],"version-history":[{"count":8,"href":"https:\/\/www.alisveriskulupleri.com\/blog\/wp-json\/wp\/v2\/posts\/14641\/revisions"}],"predecessor-version":[{"id":14671,"href":"https:\/\/www.alisveriskulupleri.com\/blog\/wp-json\/wp\/v2\/posts\/14641\/revisions\/14671"}],"wp:attachment":[{"href":"https:\/\/www.alisveriskulupleri.com\/blog\/wp-json\/wp\/v2\/media?parent=14641"}],"wp:term":[{"taxonomy":"category","embeddable":true,"href":"https:\/\/www.alisveriskulupleri.com\/blog\/wp-json\/wp\/v2\/categories?post=14641"},{"taxonomy":"post_tag","embeddable":true,"href":"https:\/\/www.alisveriskulupleri.com\/blog\/wp-json\/wp\/v2\/tags?post=14641"}],"curies":[{"name":"wp","href":"https:\/\/api.w.org\/{rel}","templated":true}]}}