{"id":14354,"date":"2012-07-26T11:45:28","date_gmt":"2012-07-26T09:45:28","guid":{"rendered":"https:\/\/www.alisveriskulupleri.com\/blog\/?p=14354"},"modified":"2012-07-26T11:45:28","modified_gmt":"2012-07-26T09:45:28","slug":"yalin-ve-prestijli-bir-yaz-kombini","status":"publish","type":"post","link":"https:\/\/www.alisveriskulupleri.com\/blog\/yalin-ve-prestijli-bir-yaz-kombini.html","title":{"rendered":"Yal\u0131n ve prestijli bir yaz kombini!"},"content":{"rendered":"<p><a href=\"https:\/\/www.alisveriskulupleri.com\/blog\/uploads\/2012\/07\/yalin-ve-prestijli-bir-yaz-kombini1.jpg\"><img loading=\"lazy\" decoding=\"async\" class=\"aligncenter size-medium wp-image-14355\" src=\"https:\/\/www.alisveriskulupleri.com\/blog\/uploads\/2012\/07\/yalin-ve-prestijli-bir-yaz-kombini1-570x357.jpg\" alt=\"Yal\u0131n ve prestijli bir yaz kombini!\" width=\"570\" height=\"357\" srcset=\"https:\/\/www.alisveriskulupleri.com\/blog\/uploads\/2012\/07\/yalin-ve-prestijli-bir-yaz-kombini1-570x357.jpg 570w, https:\/\/www.alisveriskulupleri.com\/blog\/uploads\/2012\/07\/yalin-ve-prestijli-bir-yaz-kombini1.jpg 750w\" sizes=\"auto, (max-width: 570px) 100vw, 570px\" \/><\/a><\/p>\n<h3>Bu hafta sizler i\u00e7in yal\u0131n ve prestijli bir yaz kombini haz\u0131rlad\u0131m, sahil k\u0131y\u0131s\u0131nda arz-\u0131 endam etmek isteyenlere duyurulur!<\/h3>\n<p><a href=\"https:\/\/www.alisveriskulupleri.com\/blog\/uploads\/2012\/07\/yalin-ve-prestijli-bir-yaz-kombini2.jpg\"><img loading=\"lazy\" decoding=\"async\" class=\"size-medium wp-image-10957 alignright\" src=\"https:\/\/www.alisveriskulupleri.com\/blog\/uploads\/2012\/07\/yalin-ve-prestijli-bir-yaz-kombini2-570x855.jpg\" alt=\"Yal\u0131n ve prestijli bir yaz kombini!\" width=\"285\" height=\"427\" \/><\/a><strong>Trendyol<\/strong>\u2019da yay\u0131nlanmakta olan <strong>Sheggy<\/strong> kampanyas\u0131 d\u00e2hilinde sat\u0131\u015fa sunulan beyaz \u00fcstl\u00fc pastel neon ye\u015fili etekli elbiseyi g\u00f6r\u00fcnce, birden akl\u0131mda \u015fim\u015fekler \u00e7akt\u0131!<\/p>\n<p>Bu k\u0131yafet hem \u00e7ok <strong>do\u011fal<\/strong> hem \u00e7ok <strong>sade<\/strong> hem de do\u011fru aksesuarlarla kombinlendi\u011finde \u00e7ok <strong>prestijli <\/strong>g\u00f6r\u00fcnebilecek bir potansiyele sahipti!<\/p>\n<p>Ben de tatile \u00e7\u0131kacaklar\u0131, h\u00e2lihaz\u0131rda tatilde olanlar\u0131 ve tatile \u00e7\u0131kamasalar da haftasonu gezmelerine giderek keyif \u00e7atanlar\u0131 d\u00fc\u015f\u00fcnerek; \u015feytan\u0131n <strong>zarif detaylarda<\/strong> gizli oldu\u011fu, ilk bak\u0131\u015fta <strong>yal\u0131n ve modern bir izlenim<\/strong> yaratacak ho\u015f bir kombin haz\u0131rlamak istedim.<\/p>\n<p>G\u00f6\u011f\u00fcs b\u00f6lgesi beyaz, uzun ete\u011fi pastel neon ye\u015filinden olu\u015fan yazl\u0131k <strong>elbiseyi<\/strong>; beyaz <strong>topuklu bir \u00e7ift terlik<\/strong> ve formunu <strong>istiridye kabu\u011funa<\/strong> benzetti\u011fim beyaz \u015f\u0131k bir <strong>el \u00e7antas\u0131<\/strong> ile kombinledim.<\/p>\n<p>Kombinim i\u00e7in <strong>aksesuar <\/strong>se\u00e7imine her zamankinden daha fazla \u00f6zen g\u00f6sterdim. \u00c7\u00fcnk\u00fc bu elbise <strong>do\u011fru aksesuarlarla kombinlenmedi\u011fi<\/strong> vakit <strong>s\u0131radan <\/strong> bir elbiseye de d\u00f6n\u00fc\u015febilirdi.<\/p>\n<p>Beyaz ta\u015flarla s\u00fcsl\u00fc kal\u0131n bir bilezi\u011fi and\u0131ran prestijli bir <strong>kol saati<\/strong> ve \u00e7i\u00e7ek ile yaprak desenlerini \u00fczerinde bar\u0131nd\u0131ran g\u00fcm\u00fc\u015f tonlar\u0131nda bohem g\u00f6r\u00fcn\u00fcml\u00fc bir <strong>bilezik<\/strong>; elbisenin havas\u0131n\u0131 yukar\u0131 ta\u015f\u0131yan, do\u011fru ve etkileyici aksesuarlar olarak kombinimdeki yerlerini ald\u0131lar.<\/p>\n<p>Her iki kolumuz da ho\u015f detaylardan olu\u015fan birer tak\u0131 ile s\u00fcsl\u00fc olaca\u011f\u0131ndan, bu kombinde <strong>kolye kullanmaktan ka\u00e7\u0131nd\u0131m<\/strong> ki karma\u015f\u0131k ve s\u0131k\u0131\u015f\u0131k bir g\u00f6r\u00fcn\u00fcm olu\u015fmas\u0131n, k\u0131yafet sade havas\u0131n\u0131 koruyabilsin.<\/p>\n<p>Aksesuarlar\u0131m\u0131n i\u00e7erisine bir \u00e7ift de <strong>minik deniz kabu\u011fu<\/strong> formunda g\u00fcm\u00fc\u015f renkli <strong>k\u00fcpe<\/strong> ekledim.<\/p>\n<p><a href=\"https:\/\/www.alisveriskulupleri.com\/blog\/uploads\/2012\/07\/yalin-ve-prestijli-bir-yaz-kombini3.jpg\"><img loading=\"lazy\" decoding=\"async\" class=\"size-medium wp-image-10957 alignleft\" src=\"https:\/\/www.alisveriskulupleri.com\/blog\/uploads\/2012\/07\/yalin-ve-prestijli-bir-yaz-kombini3-570x748.jpg\" alt=\"Yal\u0131n ve prestijli bir yaz kombini!\" width=\"285\" height=\"374\" \/><\/a>Bir yaz kombini olur da <strong>g\u00fcne\u015f g\u00f6zl\u00fc\u011f\u00fc<\/strong> eksik kal\u0131r m\u0131 hi\u00e7? Al\u0131\u015fveri\u015f kul\u00fcplerini teker teker dola\u015f\u0131p sizler i\u00e7in <strong>en prestijli g\u00fcne\u015f g\u00f6zl\u00fcklerinden<\/strong> birini se\u00e7tim.<\/p>\n<p>Bu \u00fcr\u00fcn <strong>tasar\u0131m\u0131n<\/strong> yan\u0131 s\u0131ra size <strong>\u00fcst\u00fcn kalite<\/strong> de vadeden bir yap\u0131ya sahip, ben yazlar\u0131 <strong>g\u00fcne\u015f g\u00f6zl\u00fc\u011f\u00fcne yap\u0131lan yat\u0131r\u0131mlar\u0131 <\/strong>kesinlikle onayl\u0131yorum!:)<\/p>\n<p>Asl\u0131nda kombinlerime pek fazla <strong>makyaj malzemesi <\/strong>eklemiyorum. Ama bu hafta <strong>Pera Butik<\/strong>\u2019teki <strong>Ruby<\/strong> kampanyas\u0131 i\u00e7erisinde inan\u0131lmaz uygun fiyatlara sat\u0131\u015fa sunulan <strong>makyaj setlerini <\/strong>g\u00f6r\u00fcnce a\u00e7\u0131k\u00e7as\u0131 dibim d\u00fc\u015ft\u00fc!<\/p>\n<p>Tam 2012 yaz\u0131na uygun, pastel tonlar\u0131 i\u00e7eren bu makyaj setlerinden mutlaka bir tane edinmenizi \u00f6neriyorum.<\/p>\n<p>Son olarak kombinime yaza uygun <strong>hafif, ferahlat\u0131c\u0131 ama bir o kadar da dikkat \u00e7ekici ve etkili<\/strong> bir parf\u00fcm ekliyorum.<\/p>\n<p><strong>Ye\u015fil elma<\/strong> kokusunu seviyorsan\u0131z bu parf\u00fcm tam size g\u00f6re ben de ge\u00e7mi\u015fte kullanm\u0131\u015f ve \u00e7ok memnun kalm\u0131\u015ft\u0131m!<\/p>\n<p><strong>Elbise :<\/strong> <a rel=\"nofollow\" href=\"http:\/\/www.alisveriskulupleri.com\/marka\/sheggy\" target=\"_blank\">SHEGGY<\/a><br \/>\n<strong>\u00c7anta :<\/strong> <a rel=\"nofollow\" href=\"http:\/\/www.alisveriskulupleri.com\/marka\/asturias\" target=\"_blank\">ASTURIAS<\/a><br \/>\n<strong>Parf\u00fcm :<\/strong> <a rel=\"nofollow\" href=\"http:\/\/www.alisveriskulupleri.com\/marka\/parfum-dunyasi\" target=\"_blank\">DKNY BE DELICIOUS<\/a><br \/>\n<strong>Ayakkab\u0131 :<\/strong> <a rel=\"nofollow\" href=\"http:\/\/www.alisveriskulupleri.com\/marka\/tergan\" target=\"_blank\">TERGAN<\/a><br \/>\n<strong>Makyaj Seti :<\/strong> <a rel=\"nofollow\" href=\"http:\/\/www.alisveriskulupleri.com\/marka\/ruby\" target=\"_blank\">RUBY COSMETICS<\/a><br \/>\n<strong>G\u00fcne\u015f G\u00f6zl\u00fc\u011f\u00fc :<\/strong> <a rel=\"nofollow\" href=\"http:\/\/www.alisveriskulupleri.com\/marka\/emilio-pucci\" target=\"_blank\">EMILIO PUCCI<\/a><br \/>\n<strong>Kol Saati :<\/strong> <a rel=\"nofollow\" href=\"http:\/\/www.alisveriskulupleri.com\/marka\/elizabeth\" target=\"_blank\">ELIZABETH<\/a><br \/>\n<strong>K\u00fcpe :<\/strong> <a rel=\"nofollow\" href=\"http:\/\/www.alisveriskulupleri.com\/marka\/pieces\" target=\"_blank\">PIECES<\/a><br \/>\n<strong>Bilezik :<\/strong> <a rel=\"nofollow\" href=\"http:\/\/www.alisveriskulupleri.com\/marka\/blueberry\" target=\"_blank\">BLUEBERRY<\/a><\/p>\n\n\t\t<style type=\"text\/css\">\n\t\t\t#gallery-1 {\n\t\t\t\tmargin: auto;\n\t\t\t}\n\t\t\t#gallery-1 .gallery-item {\n\t\t\t\tfloat: left;\n\t\t\t\tmargin-top: 10px;\n\t\t\t\ttext-align: center;\n\t\t\t\twidth: 33%;\n\t\t\t}\n\t\t\t#gallery-1 img {\n\t\t\t\tborder: 2px solid #cfcfcf;\n\t\t\t}\n\t\t\t#gallery-1 .gallery-caption {\n\t\t\t\tmargin-left: 0;\n\t\t\t}\n\t\t\t\/* see gallery_shortcode() in wp-includes\/media.php *\/\n\t\t<\/style>\n\t\t<div id='gallery-1' class='gallery galleryid-14354 gallery-columns-3 gallery-size-thumbnail'><dl class='gallery-item'>\n\t\t\t<dt class='gallery-icon landscape'>\n\t\t\t\t<a href='https:\/\/www.alisveriskulupleri.com\/blog\/yalin-ve-prestijli-bir-yaz-kombini.html\/yalin-ve-prestijli-bir-yaz-kombini1'><img loading=\"lazy\" decoding=\"async\" width=\"240\" height=\"180\" src=\"https:\/\/www.alisveriskulupleri.com\/blog\/uploads\/2012\/07\/yalin-ve-prestijli-bir-yaz-kombini1-240x180.jpg\" class=\"attachment-thumbnail size-thumbnail\" alt=\"Yal\u0131n ve prestijli bir yaz kombini!\" \/><\/a>\n\t\t\t<\/dt><\/dl><dl class='gallery-item'>\n\t\t\t<dt class='gallery-icon portrait'>\n\t\t\t\t<a href='https:\/\/www.alisveriskulupleri.com\/blog\/yalin-ve-prestijli-bir-yaz-kombini.html\/yalin-ve-prestijli-bir-yaz-kombini2'><img loading=\"lazy\" decoding=\"async\" width=\"240\" height=\"180\" src=\"https:\/\/www.alisveriskulupleri.com\/blog\/uploads\/2012\/07\/yalin-ve-prestijli-bir-yaz-kombini2-240x180.jpg\" class=\"attachment-thumbnail size-thumbnail\" alt=\"Yal\u0131n ve prestijli bir yaz kombini!\" \/><\/a>\n\t\t\t<\/dt><\/dl><dl class='gallery-item'>\n\t\t\t<dt class='gallery-icon portrait'>\n\t\t\t\t<a href='https:\/\/www.alisveriskulupleri.com\/blog\/yalin-ve-prestijli-bir-yaz-kombini.html\/yalin-ve-prestijli-bir-yaz-kombini3'><img loading=\"lazy\" decoding=\"async\" width=\"240\" height=\"180\" src=\"https:\/\/www.alisveriskulupleri.com\/blog\/uploads\/2012\/07\/yalin-ve-prestijli-bir-yaz-kombini3-240x180.jpg\" class=\"attachment-thumbnail size-thumbnail\" alt=\"Yal\u0131n ve prestijli bir yaz kombini!\" \/><\/a>\n\t\t\t<\/dt><\/dl><br style=\"clear: both\" \/>\n\t\t<\/div>\n\n","protected":false},"excerpt":{"rendered":"<p>Bu hafta sizler i\u00e7in yal\u0131n ve prestijli bir yaz kombini haz\u0131rlad\u0131m, sahil k\u0131y\u0131s\u0131nda arz-\u0131 endam etmek isteyenlere duyurulur! Trendyol\u2019da yay\u0131nlanmakta olan Sheggy kampanyas\u0131 d\u00e2hilinde sat\u0131\u015fa sunulan beyaz \u00fcstl\u00fc pastel neon ye\u015fili etekli elbiseyi g\u00f6r\u00fcnce, birden<span class=\"theme-excerpt-more\"> [&#8230;] <a href=\"https:\/\/www.alisveriskulupleri.com\/blog\/yalin-ve-prestijli-bir-yaz-kombini.html\" title=\"Yal\u0131n ve prestijli bir yaz kombini!\">Read More<\/a><\/span><\/p>\n","protected":false},"author":9,"featured_media":0,"comment_status":"open","ping_status":"closed","sticky":false,"template":"","format":"standard","meta":{"footnotes":""},"categories":[44,764],"tags":[2145,416,761,3820,859,3826,5214,1001,3819,116,3825,2861,1089,3483,431,2853,857,686,16,3822,61,834,3715,3821,3818,877,3824,3142,1221,111,975,3286,3363,3823],"class_list":["post-14354","post","type-post","status-publish","format-standard","hentry","category-guncel","category-blogger-stil","tag-1v1y","tag-aksesuar","tag-alisveriskulupleri","tag-asturias","tag-bilezik","tag-blueberry","tag-canta","tag-daybuyday","tag-dkny-be-delicious","tag-elbise","tag-elizabeth","tag-emilio-pucci","tag-fashion","tag-giysi-kombini","tag-gunes-gozlugu","tag-kol-saati","tag-kombin","tag-kombinasyon","tag-markafoni-2","tag-mayaj-seti","tag-moda","tag-parfum","tag-pera-butik","tag-ruby-cosmetics","tag-sheggy","tag-taki","tag-tasli-kol-saati","tag-tergan","tag-terlik","tag-trendyol","tag-vipdukkan","tag-yaz-kombini","tag-yazlik-kombin","tag-yazlik-topuklu-terlik"],"yoast_head":"<!-- This site is optimized with the Yoast SEO plugin v24.1 - https:\/\/yoast.com\/wordpress\/plugins\/seo\/ -->\n<title>Yal\u0131n ve prestijli bir yaz kombini! - Al\u0131\u015fveri\u015f Kul\u00fcpleri<\/title>\n<meta name=\"robots\" content=\"index, follow, max-snippet:-1, max-image-preview:large, max-video-preview:-1\" \/>\n<link rel=\"canonical\" href=\"https:\/\/www.alisveriskulupleri.com\/blog\/yalin-ve-prestijli-bir-yaz-kombini.html\" \/>\n<meta property=\"og:locale\" content=\"tr_TR\" \/>\n<meta property=\"og:type\" content=\"article\" \/>\n<meta property=\"og:title\" content=\"Yal\u0131n ve prestijli bir yaz kombini! - Al\u0131\u015fveri\u015f Kul\u00fcpleri\" \/>\n<meta property=\"og:description\" content=\"Bu hafta sizler i\u00e7in yal\u0131n ve prestijli bir yaz kombini haz\u0131rlad\u0131m, sahil k\u0131y\u0131s\u0131nda arz-\u0131 endam etmek isteyenlere duyurulur! Trendyol\u2019da yay\u0131nlanmakta olan Sheggy kampanyas\u0131 d\u00e2hilinde sat\u0131\u015fa sunulan beyaz \u00fcstl\u00fc pastel neon ye\u015fili etekli elbiseyi g\u00f6r\u00fcnce, birden [...] Read More\" \/>\n<meta property=\"og:url\" content=\"https:\/\/www.alisveriskulupleri.com\/blog\/yalin-ve-prestijli-bir-yaz-kombini.html\" \/>\n<meta property=\"og:site_name\" content=\"Al\u0131\u015fveri\u015f Kul\u00fcpleri\" \/>\n<meta property=\"article:publisher\" content=\"https:\/\/www.facebook.com\/alisveriskulupleri\" \/>\n<meta property=\"article:published_time\" content=\"2012-07-26T09:45:28+00:00\" \/>\n<meta property=\"og:image\" content=\"https:\/\/www.alisveriskulupleri.com\/blog\/uploads\/2012\/07\/yalin-ve-prestijli-bir-yaz-kombini1-240x180.jpg\" \/>\n<meta name=\"author\" content=\"Meltem \u015eafak\" \/>\n<meta name=\"twitter:card\" content=\"summary_large_image\" \/>\n<meta name=\"twitter:creator\" content=\"@http:\/\/twitter.com\/#!\/pisijane\" \/>\n<meta name=\"twitter:site\" content=\"@akulupleri\" \/>\n<meta name=\"twitter:label1\" content=\"Yazan:\" \/>\n\t<meta name=\"twitter:data1\" content=\"Meltem \u015eafak\" \/>\n\t<meta name=\"twitter:label2\" content=\"Tahmini okuma s\u00fcresi\" \/>\n\t<meta name=\"twitter:data2\" content=\"3 dakika\" \/>\n<script type=\"application\/ld+json\" class=\"yoast-schema-graph\">{\"@context\":\"https:\/\/schema.org\",\"@graph\":[{\"@type\":\"WebPage\",\"@id\":\"https:\/\/www.alisveriskulupleri.com\/blog\/yalin-ve-prestijli-bir-yaz-kombini.html\",\"url\":\"https:\/\/www.alisveriskulupleri.com\/blog\/yalin-ve-prestijli-bir-yaz-kombini.html\",\"name\":\"Yal\u0131n ve prestijli bir yaz kombini! - Al\u0131\u015fveri\u015f Kul\u00fcpleri\",\"isPartOf\":{\"@id\":\"https:\/\/www.alisveriskulupleri.com\/blog\/#website\"},\"primaryImageOfPage\":{\"@id\":\"https:\/\/www.alisveriskulupleri.com\/blog\/yalin-ve-prestijli-bir-yaz-kombini.html#primaryimage\"},\"image\":{\"@id\":\"https:\/\/www.alisveriskulupleri.com\/blog\/yalin-ve-prestijli-bir-yaz-kombini.html#primaryimage\"},\"thumbnailUrl\":\"https:\/\/www.alisveriskulupleri.com\/blog\/uploads\/2012\/07\/yalin-ve-prestijli-bir-yaz-kombini1-570x357.jpg\",\"datePublished\":\"2012-07-26T09:45:28+00:00\",\"dateModified\":\"2012-07-26T09:45:28+00:00\",\"author\":{\"@id\":\"https:\/\/www.alisveriskulupleri.com\/blog\/#\/schema\/person\/1e720746ccc4457a55d6c121a8e60ad5\"},\"breadcrumb\":{\"@id\":\"https:\/\/www.alisveriskulupleri.com\/blog\/yalin-ve-prestijli-bir-yaz-kombini.html#breadcrumb\"},\"inLanguage\":\"tr\",\"potentialAction\":[{\"@type\":\"ReadAction\",\"target\":[\"https:\/\/www.alisveriskulupleri.com\/blog\/yalin-ve-prestijli-bir-yaz-kombini.html\"]}]},{\"@type\":\"ImageObject\",\"inLanguage\":\"tr\",\"@id\":\"https:\/\/www.alisveriskulupleri.com\/blog\/yalin-ve-prestijli-bir-yaz-kombini.html#primaryimage\",\"url\":\"https:\/\/www.alisveriskulupleri.com\/blog\/uploads\/2012\/07\/yalin-ve-prestijli-bir-yaz-kombini1.jpg\",\"contentUrl\":\"https:\/\/www.alisveriskulupleri.com\/blog\/uploads\/2012\/07\/yalin-ve-prestijli-bir-yaz-kombini1.jpg\",\"width\":\"750\",\"height\":\"470\",\"caption\":\"Yal\u0131n ve prestijli bir yaz kombini!\"},{\"@type\":\"BreadcrumbList\",\"@id\":\"https:\/\/www.alisveriskulupleri.com\/blog\/yalin-ve-prestijli-bir-yaz-kombini.html#breadcrumb\",\"itemListElement\":[{\"@type\":\"ListItem\",\"position\":1,\"name\":\"Ana sayfa\",\"item\":\"https:\/\/www.alisveriskulupleri.com\/blog\/\"},{\"@type\":\"ListItem\",\"position\":2,\"name\":\"Yal\u0131n ve prestijli bir yaz kombini!\"}]},{\"@type\":\"WebSite\",\"@id\":\"https:\/\/www.alisveriskulupleri.com\/blog\/#website\",\"url\":\"https:\/\/www.alisveriskulupleri.com\/blog\/\",\"name\":\"Al\u0131\u015fveri\u015f Kul\u00fcpleri\",\"description\":\"\",\"potentialAction\":[{\"@type\":\"SearchAction\",\"target\":{\"@type\":\"EntryPoint\",\"urlTemplate\":\"https:\/\/www.alisveriskulupleri.com\/blog\/?s={search_term_string}\"},\"query-input\":{\"@type\":\"PropertyValueSpecification\",\"valueRequired\":true,\"valueName\":\"search_term_string\"}}],\"inLanguage\":\"tr\"},{\"@type\":\"Person\",\"@id\":\"https:\/\/www.alisveriskulupleri.com\/blog\/#\/schema\/person\/1e720746ccc4457a55d6c121a8e60ad5\",\"name\":\"Meltem \u015eafak\",\"image\":{\"@type\":\"ImageObject\",\"inLanguage\":\"tr\",\"@id\":\"https:\/\/www.alisveriskulupleri.com\/blog\/#\/schema\/person\/image\/\",\"url\":\"https:\/\/secure.gravatar.com\/avatar\/61ceafb22dfb2a2257ff39bbf99edb74?s=96&d=mm&r=g\",\"contentUrl\":\"https:\/\/secure.gravatar.com\/avatar\/61ceafb22dfb2a2257ff39bbf99edb74?s=96&d=mm&r=g\",\"caption\":\"Meltem \u015eafak\"},\"description\":\"Anadolu \u00dcniversitesi Reklamc\u0131l\u0131k &amp; Halkla \u0130li\u015fkiler mezunu, evli ve 2 kedi annesi bir edit\u00f6r\u00fcm:) Kozmetik, moda ve al\u0131\u015fveri\u015f tutkunuyum! Merakl\u0131 bir Ko\u00e7 burcu olarak g\u00fcndemi takip etmek ve en ilgin\u00e7 ipu\u00e7lar\u0131n\u0131 bulup payla\u015fmak benim i\u00e7in bir hobi. E\u011flenceli ve aa aa! dedirten \u015feyler okumak i\u00e7in beni takip edin!\",\"sameAs\":[\"https:\/\/x.com\/http:\/\/twitter.com\/#!\/pisijane\"],\"url\":\"https:\/\/www.alisveriskulupleri.com\/blog\/author\/meltem\"}]}<\/script>\n<!-- \/ Yoast SEO plugin. -->","yoast_head_json":{"title":"Yal\u0131n ve prestijli bir yaz kombini! - Al\u0131\u015fveri\u015f Kul\u00fcpleri","robots":{"index":"index","follow":"follow","max-snippet":"max-snippet:-1","max-image-preview":"max-image-preview:large","max-video-preview":"max-video-preview:-1"},"canonical":"https:\/\/www.alisveriskulupleri.com\/blog\/yalin-ve-prestijli-bir-yaz-kombini.html","og_locale":"tr_TR","og_type":"article","og_title":"Yal\u0131n ve prestijli bir yaz kombini! - Al\u0131\u015fveri\u015f Kul\u00fcpleri","og_description":"Bu hafta sizler i\u00e7in yal\u0131n ve prestijli bir yaz kombini haz\u0131rlad\u0131m, sahil k\u0131y\u0131s\u0131nda arz-\u0131 endam etmek isteyenlere duyurulur! Trendyol\u2019da yay\u0131nlanmakta olan Sheggy kampanyas\u0131 d\u00e2hilinde sat\u0131\u015fa sunulan beyaz \u00fcstl\u00fc pastel neon ye\u015fili etekli elbiseyi g\u00f6r\u00fcnce, birden [...] Read More","og_url":"https:\/\/www.alisveriskulupleri.com\/blog\/yalin-ve-prestijli-bir-yaz-kombini.html","og_site_name":"Al\u0131\u015fveri\u015f Kul\u00fcpleri","article_publisher":"https:\/\/www.facebook.com\/alisveriskulupleri","article_published_time":"2012-07-26T09:45:28+00:00","og_image":[{"url":"https:\/\/www.alisveriskulupleri.com\/blog\/uploads\/2012\/07\/yalin-ve-prestijli-bir-yaz-kombini1-240x180.jpg","type":"","width":"","height":""}],"author":"Meltem \u015eafak","twitter_card":"summary_large_image","twitter_creator":"@http:\/\/twitter.com\/#!\/pisijane","twitter_site":"@akulupleri","twitter_misc":{"Yazan:":"Meltem \u015eafak","Tahmini okuma s\u00fcresi":"3 dakika"},"schema":{"@context":"https:\/\/schema.org","@graph":[{"@type":"WebPage","@id":"https:\/\/www.alisveriskulupleri.com\/blog\/yalin-ve-prestijli-bir-yaz-kombini.html","url":"https:\/\/www.alisveriskulupleri.com\/blog\/yalin-ve-prestijli-bir-yaz-kombini.html","name":"Yal\u0131n ve prestijli bir yaz kombini! - Al\u0131\u015fveri\u015f Kul\u00fcpleri","isPartOf":{"@id":"https:\/\/www.alisveriskulupleri.com\/blog\/#website"},"primaryImageOfPage":{"@id":"https:\/\/www.alisveriskulupleri.com\/blog\/yalin-ve-prestijli-bir-yaz-kombini.html#primaryimage"},"image":{"@id":"https:\/\/www.alisveriskulupleri.com\/blog\/yalin-ve-prestijli-bir-yaz-kombini.html#primaryimage"},"thumbnailUrl":"https:\/\/www.alisveriskulupleri.com\/blog\/uploads\/2012\/07\/yalin-ve-prestijli-bir-yaz-kombini1-570x357.jpg","datePublished":"2012-07-26T09:45:28+00:00","dateModified":"2012-07-26T09:45:28+00:00","author":{"@id":"https:\/\/www.alisveriskulupleri.com\/blog\/#\/schema\/person\/1e720746ccc4457a55d6c121a8e60ad5"},"breadcrumb":{"@id":"https:\/\/www.alisveriskulupleri.com\/blog\/yalin-ve-prestijli-bir-yaz-kombini.html#breadcrumb"},"inLanguage":"tr","potentialAction":[{"@type":"ReadAction","target":["https:\/\/www.alisveriskulupleri.com\/blog\/yalin-ve-prestijli-bir-yaz-kombini.html"]}]},{"@type":"ImageObject","inLanguage":"tr","@id":"https:\/\/www.alisveriskulupleri.com\/blog\/yalin-ve-prestijli-bir-yaz-kombini.html#primaryimage","url":"https:\/\/www.alisveriskulupleri.com\/blog\/uploads\/2012\/07\/yalin-ve-prestijli-bir-yaz-kombini1.jpg","contentUrl":"https:\/\/www.alisveriskulupleri.com\/blog\/uploads\/2012\/07\/yalin-ve-prestijli-bir-yaz-kombini1.jpg","width":"750","height":"470","caption":"Yal\u0131n ve prestijli bir yaz kombini!"},{"@type":"BreadcrumbList","@id":"https:\/\/www.alisveriskulupleri.com\/blog\/yalin-ve-prestijli-bir-yaz-kombini.html#breadcrumb","itemListElement":[{"@type":"ListItem","position":1,"name":"Ana sayfa","item":"https:\/\/www.alisveriskulupleri.com\/blog\/"},{"@type":"ListItem","position":2,"name":"Yal\u0131n ve prestijli bir yaz kombini!"}]},{"@type":"WebSite","@id":"https:\/\/www.alisveriskulupleri.com\/blog\/#website","url":"https:\/\/www.alisveriskulupleri.com\/blog\/","name":"Al\u0131\u015fveri\u015f Kul\u00fcpleri","description":"","potentialAction":[{"@type":"SearchAction","target":{"@type":"EntryPoint","urlTemplate":"https:\/\/www.alisveriskulupleri.com\/blog\/?s={search_term_string}"},"query-input":{"@type":"PropertyValueSpecification","valueRequired":true,"valueName":"search_term_string"}}],"inLanguage":"tr"},{"@type":"Person","@id":"https:\/\/www.alisveriskulupleri.com\/blog\/#\/schema\/person\/1e720746ccc4457a55d6c121a8e60ad5","name":"Meltem \u015eafak","image":{"@type":"ImageObject","inLanguage":"tr","@id":"https:\/\/www.alisveriskulupleri.com\/blog\/#\/schema\/person\/image\/","url":"https:\/\/secure.gravatar.com\/avatar\/61ceafb22dfb2a2257ff39bbf99edb74?s=96&d=mm&r=g","contentUrl":"https:\/\/secure.gravatar.com\/avatar\/61ceafb22dfb2a2257ff39bbf99edb74?s=96&d=mm&r=g","caption":"Meltem \u015eafak"},"description":"Anadolu \u00dcniversitesi Reklamc\u0131l\u0131k &amp; Halkla \u0130li\u015fkiler mezunu, evli ve 2 kedi annesi bir edit\u00f6r\u00fcm:) Kozmetik, moda ve al\u0131\u015fveri\u015f tutkunuyum! Merakl\u0131 bir Ko\u00e7 burcu olarak g\u00fcndemi takip etmek ve en ilgin\u00e7 ipu\u00e7lar\u0131n\u0131 bulup payla\u015fmak benim i\u00e7in bir hobi. E\u011flenceli ve aa aa! dedirten \u015feyler okumak i\u00e7in beni takip edin!","sameAs":["https:\/\/x.com\/http:\/\/twitter.com\/#!\/pisijane"],"url":"https:\/\/www.alisveriskulupleri.com\/blog\/author\/meltem"}]}},"_links":{"self":[{"href":"https:\/\/www.alisveriskulupleri.com\/blog\/wp-json\/wp\/v2\/posts\/14354","targetHints":{"allow":["GET"]}}],"collection":[{"href":"https:\/\/www.alisveriskulupleri.com\/blog\/wp-json\/wp\/v2\/posts"}],"about":[{"href":"https:\/\/www.alisveriskulupleri.com\/blog\/wp-json\/wp\/v2\/types\/post"}],"author":[{"embeddable":true,"href":"https:\/\/www.alisveriskulupleri.com\/blog\/wp-json\/wp\/v2\/users\/9"}],"replies":[{"embeddable":true,"href":"https:\/\/www.alisveriskulupleri.com\/blog\/wp-json\/wp\/v2\/comments?post=14354"}],"version-history":[{"count":7,"href":"https:\/\/www.alisveriskulupleri.com\/blog\/wp-json\/wp\/v2\/posts\/14354\/revisions"}],"predecessor-version":[{"id":14502,"href":"https:\/\/www.alisveriskulupleri.com\/blog\/wp-json\/wp\/v2\/posts\/14354\/revisions\/14502"}],"wp:attachment":[{"href":"https:\/\/www.alisveriskulupleri.com\/blog\/wp-json\/wp\/v2\/media?parent=14354"}],"wp:term":[{"taxonomy":"category","embeddable":true,"href":"https:\/\/www.alisveriskulupleri.com\/blog\/wp-json\/wp\/v2\/categories?post=14354"},{"taxonomy":"post_tag","embeddable":true,"href":"https:\/\/www.alisveriskulupleri.com\/blog\/wp-json\/wp\/v2\/tags?post=14354"}],"curies":[{"name":"wp","href":"https:\/\/api.w.org\/{rel}","templated":true}]}}