{"id":13708,"date":"2012-06-11T14:45:16","date_gmt":"2012-06-11T12:45:16","guid":{"rendered":"https:\/\/www.alisveriskulupleri.com\/blog\/?p=13708"},"modified":"2012-06-11T14:45:16","modified_gmt":"2012-06-11T12:45:16","slug":"zarif-guclu-ve-karizmatik-bir-avustralyali-cate-blanchett","status":"publish","type":"post","link":"https:\/\/www.alisveriskulupleri.com\/blog\/zarif-guclu-ve-karizmatik-bir-avustralyali-cate-blanchett.html","title":{"rendered":"Zarif, g\u00fc\u00e7l\u00fc ve karizmatik bir Avustralyal\u0131; Cate Blanchett!"},"content":{"rendered":"<p><a href=\"https:\/\/www.alisveriskulupleri.com\/blog\/uploads\/2012\/06\/zarif-guclu-ve-karizmatik-bir-avustralyali-cate-blanchett1.jpg\"><img loading=\"lazy\" decoding=\"async\" class=\"aligncenter size-medium wp-image-13709\" src=\"https:\/\/www.alisveriskulupleri.com\/blog\/uploads\/2012\/06\/zarif-guclu-ve-karizmatik-bir-avustralyali-cate-blanchett1-570x357.jpg\" alt=\"Zarif, g\u00fc\u00e7l\u00fc ve karizmatik bir Avustralyal\u0131; Cate Blanchett!\" width=\"570\" height=\"357\" srcset=\"https:\/\/www.alisveriskulupleri.com\/blog\/uploads\/2012\/06\/zarif-guclu-ve-karizmatik-bir-avustralyali-cate-blanchett1-570x357.jpg 570w, https:\/\/www.alisveriskulupleri.com\/blog\/uploads\/2012\/06\/zarif-guclu-ve-karizmatik-bir-avustralyali-cate-blanchett1.jpg 750w\" sizes=\"auto, (max-width: 570px) 100vw, 570px\" \/><\/a><\/p>\n<h3>Sinema d\u00fcnyas\u0131n\u0131n en be\u011fenilen y\u0131ld\u0131zlar\u0131ndan Cate Blanchett\u2019in stilini masaya yat\u0131r\u0131yoruz!<\/h3>\n<p><a href=\"https:\/\/www.alisveriskulupleri.com\/blog\/uploads\/2012\/06\/zarif-guclu-ve-karizmatik-bir-avustralyali-cate-blanchett2.jpg\"><img loading=\"lazy\" decoding=\"async\" class=\"size-medium wp-image-10957 alignright\" src=\"https:\/\/www.alisveriskulupleri.com\/blog\/uploads\/2012\/06\/zarif-guclu-ve-karizmatik-bir-avustralyali-cate-blanchett2-570x689.jpg\" alt=\"Zarif, g\u00fc\u00e7l\u00fc ve karizmatik bir Avustralyal\u0131; Cate Blanchett!\" width=\"274\" height=\"330\" \/><\/a>Bir kad\u0131n\u0131n hem <strong>k\u0131r\u0131lgan, narin ve zarif<\/strong> hem de <strong>g\u00fc\u00e7l\u00fc, sert ve karizmatik<\/strong> g\u00f6r\u00fcnebilmesi nadir bulunan bir \u00f6zelliktir. Her nas\u0131lsa Avustralyal\u0131 \u00fcnl\u00fc aktris <strong>Cate Blanchett<\/strong>, bu sayd\u0131\u011f\u0131m\u0131z \u00f6zelliklerin hepsini g\u00f6r\u00fcn\u00fcm\u00fcnde ba\u015far\u0131 ile bir araya getirebiliyor!<\/p>\n<p>Cate\u2019i sinemada bir Elf krali\u00e7esi, melankolik bir \u00f6\u011fretmen, \u0130ngiltere krali\u00e7esi, bir Rus ajan\u0131 gibi bamba\u015fka rollerde be\u011feniyle izledik ve izlemeye de devam ediyoruz. Nas\u0131l bir sihri var bilemiyorum ama <strong>Cate sanki sineman\u0131n joker eleman\u0131 gibi<\/strong>, hangi rol\u00fc oynasa o role inan\u0131lmaz yak\u0131\u015fan ve rolle b\u00fct\u00fcnle\u015fmesini sa\u011flayan bir enerjisi var.<\/p>\n<p>Gelelim sar\u0131\u015f\u0131n ve boncuk mavisi g\u00f6zl\u00fc, bembeyaz porselen gibi bir tene sahip olan uzun boylu ve ince fizi\u011fiyle kad\u0131nlar\u0131 k\u0131skand\u0131ran Cate\u2019in sinema d\u0131\u015f\u0131ndaki hayat\u0131nda g\u00f6zler \u00f6n\u00fcne serilen stiline!<\/p>\n<p><a href=\"https:\/\/www.alisveriskulupleri.com\/blog\/uploads\/2012\/06\/zarif-guclu-ve-karizmatik-bir-avustralyali-cate-blanchett3.jpg\"><img loading=\"lazy\" decoding=\"async\" class=\"size-medium wp-image-12421 alignleft\" src=\"https:\/\/www.alisveriskulupleri.com\/blog\/uploads\/2012\/06\/zarif-guclu-ve-karizmatik-bir-avustralyali-cate-blanchett3-570x456.jpg\" alt=\"Zarif, g\u00fc\u00e7l\u00fc ve karizmatik bir Avustralyal\u0131; Cate Blanchett!\" width=\"342\" height=\"274\" \/><\/a>Cate, Hollywood\u2019daki sinema kariyerinin yan\u0131 s\u0131ra Avustralya\u2019n\u0131n en prestijli tiyatrolar\u0131ndan birinde sayg\u0131n bir tiyatro y\u00f6netmeni, evli ve \u00e7ocuklu bir han\u0131mefendi.<\/p>\n<p>Cate, g\u00fcnl\u00fck ya\u015fam\u0131nda <strong>m\u00fctevaz\u0131 ve han\u0131m han\u0131mc\u0131k<\/strong> giyinmeyi seviyor. Tabi bu tarz\u0131 \u00fcnl\u00fc markalar\u0131n g\u00f6z al\u0131c\u0131 kreasyonlar\u0131 aras\u0131ndan se\u00e7ti\u011fi k\u0131yafetlerle birle\u015ftiriyor.<\/p>\n<p><strong>Etek- ceket tak\u0131mlar<\/strong>, beli fiyonklu kemerle zenginle\u015ftirilmi\u015f <strong>tayy\u00f6r havas\u0131nda elbiseler<\/strong>, kuma\u015f <strong>pantolon ve ceket tak\u0131mlar<\/strong>; Cate\u2019in sayg\u0131de\u011fer Avustralyal\u0131 bir han\u0131mefendi havas\u0131 ile %100 \u00f6rt\u00fc\u015f\u00fcyor.<\/p>\n<p><a href=\"https:\/\/www.alisveriskulupleri.com\/blog\/uploads\/2012\/06\/zarif-guclu-ve-karizmatik-bir-avustralyali-cate-blanchett4.jpg\"><img loading=\"lazy\" decoding=\"async\" class=\"size-medium wp-image-12421 alignright\" src=\"https:\/\/www.alisveriskulupleri.com\/blog\/uploads\/2012\/06\/zarif-guclu-ve-karizmatik-bir-avustralyali-cate-blanchett4-570x456.jpg\" alt=\"Zarif, g\u00fc\u00e7l\u00fc ve karizmatik bir Avustralyal\u0131; Cate Blanchett!\" width=\"301\" height=\"241\" \/><\/a>Davetlerde ve galalarda ise Cate tercihini kimi zaman <strong>parlak kuma\u015fl\u0131<\/strong> seksi kal\u0131plara sahip mini ve uzun abiye elbiselerden yana kimi zaman ise <strong>d\u00fcz renk mat<\/strong> bir kuma\u015f\u0131n kullan\u0131ld\u0131\u011f\u0131 tasar\u0131m olarak daha \u015fa\u015fal\u0131 modellerden yana kullan\u0131yor.<\/p>\n<p>Sa\u00e7lar\u0131n\u0131 kimi zaman erkek gibi k\u0131sa kimi zaman ise orta boy uzunlukta kullanan Cate genellikle \u00f6zel gecelerde topuz yapmay\u0131 seviyor. Sa\u00e7lar\u0131n\u0131 a\u00e7\u0131k b\u0131rakt\u0131\u011f\u0131nda ise mutlaka <strong>hafif dalgal\u0131 nostaljik modelleri<\/strong> se\u00e7iyor.<\/p>\n<p><a href=\"https:\/\/www.alisveriskulupleri.com\/blog\/uploads\/2012\/06\/zarif-guclu-ve-karizmatik-bir-avustralyali-cate-blanchett5.jpg\"><img loading=\"lazy\" decoding=\"async\" class=\"size-medium wp-image-12421 alignleft\" src=\"https:\/\/www.alisveriskulupleri.com\/blog\/uploads\/2012\/06\/zarif-guclu-ve-karizmatik-bir-avustralyali-cate-blanchett5-570x356.jpg\" alt=\"Zarif, g\u00fc\u00e7l\u00fc ve karizmatik bir Avustralyal\u0131; Cate Blanchett!\" width=\"342\" height=\"214\" \/><\/a>Do\u011fu\u015ftan harika bir cilde sahip olan Cate\u2019in g\u00fcnl\u00fck hayat\u0131nda makyaja pek fazla yer yok. G\u00fcn i\u00e7erisinde Cate makyaj yapacaksa <strong>nat\u00fcrel ve do\u011fal tonlar\u0131<\/strong> tercih ediyor, son d\u00f6nemde \u00e7ok pop\u00fcler olan <strong>nude ak\u0131m\u0131na<\/strong> yak\u0131n oldu\u011funu s\u00f6yleyebiliriz g\u00fczel y\u0131ld\u0131z\u0131n.<\/p>\n<p>Bu noktada hemen sar\u0131\u015f\u0131n okuyucular\u0131ma ufak <strong>bir t\u00fcyo<\/strong> vermek istiyorum. \u015eayet do\u011fu\u015ftan sar\u0131\u015f\u0131nsan\u0131z; ne kadar az makyaj yaparsan\u0131z o kadar duru, do\u011fal ve sade bir g\u00fczelli\u011fe sahip olabilirsiniz.<\/p>\n<p>Do\u011fal sar\u0131\u015f\u0131nlar \u00f6zel geceler haricinde g\u00fcn i\u00e7erisinde ne kadar \u00e7ok makyaj yaparlarsa o kadar <strong>boya k\u00fcp\u00fcne d\u00fc\u015fm\u00fc\u015f<\/strong> gibi bir g\u00f6r\u00fcn\u00fcme sahip oluyorlar. Oysaki do\u011fu\u015ftan a\u00e7\u0131k renk sa\u00e7 ve cilde sahip olanlara <strong>do\u011fall\u0131k ve nude tonlar<\/strong> \u00e7ok yak\u0131\u015f\u0131yor.<\/p>\n<p>Ancak bu kural maalesef sa\u00e7lar\u0131n\u0131 sar\u0131ya boyatan <strong>yapay sar\u0131\u015f\u0131nlar\u0131m\u0131z i\u00e7in ge\u00e7erli de\u011fil<\/strong>! \u00c7\u00fcnk\u00fc ten renkleri her ne kadar sar\u0131 tonlar\u0131na m\u00fcsait gibi g\u00f6z\u00fckse de, \u00e7o\u011fu yapay sar\u0131\u015f\u0131nda sar\u0131 renk sa\u00e7 cilt tonunu oldu\u011fundan daha <strong>solgun g\u00f6steriyor<\/strong> ve mutlaka <strong>makyaj\u0131n sihirli dokunu\u015funa<\/strong> ihtiya\u00e7 duyuyorlar.<\/p>\n<p><a href=\"https:\/\/www.alisveriskulupleri.com\/blog\/uploads\/2012\/06\/zarif-guclu-ve-karizmatik-bir-avustralyali-cate-blanchett6.jpg\"><img loading=\"lazy\" decoding=\"async\" class=\"size-medium wp-image-12421 alignright\" src=\"https:\/\/www.alisveriskulupleri.com\/blog\/uploads\/2012\/06\/zarif-guclu-ve-karizmatik-bir-avustralyali-cate-blanchett6-570x427.jpg\" alt=\"Zarif, g\u00fc\u00e7l\u00fc ve karizmatik bir Avustralyal\u0131; Cate Blanchett!\" width=\"320\" height=\"227\" \/><\/a>Gelelim Cate\u2019in \u00f6zel davet ve gecelerde tercih etti\u011fi makyaj stiline! Cate <strong>gece makyaj\u0131<\/strong> i\u00e7in genellikle ya dudaklar\u0131n\u0131 ya da g\u00f6zlerini \u00f6ne \u00e7\u0131karmay\u0131 se\u00e7iyor asla her ikisini birden vurgulayan a\u011f\u0131r bir makyaj\u0131 tercih etmiyor.<\/p>\n<p>Dudaklar\u0131n\u0131 \u00f6ne \u00e7\u0131karaca\u011f\u0131 zaman k\u0131yafetlerinin tonu ile uyumlu <strong>p\u0131r\u0131lt\u0131l\u0131 bir ruju<\/strong>, g\u00f6zlerini vurgulamak istedi\u011finde ise genellikle kahverengi ve siyah <strong>dumanl\u0131 g\u00f6z makyajlar\u0131n\u0131<\/strong> tercih ediyor.<\/p>\n<p>Cate Blanchett\u2019in stilini kendi gard\u0131robunuza adapte etmek i\u00e7in; han\u0131mefendi \u00e7izgisinde <strong>feminen d\u00f6piyeslere<\/strong>, <strong>etek- ceket veya pantolon \u2013 ceket tak\u0131mlara<\/strong> y\u00f6nelebilirsiniz.<\/p>\n<p><a href=\"https:\/\/www.alisveriskulupleri.com\/blog\/uploads\/2012\/06\/zarif-guclu-ve-karizmatik-bir-avustralyali-cate-blanchett7.jpg\"><img loading=\"lazy\" decoding=\"async\" class=\"size-medium wp-image-10957 alignleft\" src=\"https:\/\/www.alisveriskulupleri.com\/blog\/uploads\/2012\/06\/zarif-guclu-ve-karizmatik-bir-avustralyali-cate-blanchett7-570x788.jpg\" alt=\"Zarif, g\u00fc\u00e7l\u00fc ve karizmatik bir Avustralyal\u0131; Cate Blanchett!\" width=\"219\" height=\"328\" \/><\/a>Ancak bu k\u0131yafetlerin hepsi i\u00e7in ge\u00e7erli olan \u00f6nemli bir kural, <strong>yal\u0131n<\/strong> tasar\u0131mlara sahip olmalar\u0131 ve <strong>v\u00fccuda oturan<\/strong> iyi kesimi bir kal\u0131ba sahip olmalar\u0131!<\/p>\n<p>Ayr\u0131ca <strong>etnik desenli bohem k\u0131yafetler, kuma\u015f \u015fortlar<\/strong> ve <strong>nostaljik stildeki k\u0131yafetler<\/strong> de Cate\u2019in s\u0131kl\u0131kla kullanmay\u0131 tercih etti\u011fi par\u00e7alar aras\u0131nda yer al\u0131yor.<\/p>\n<p>Sa\u00e7lar\u0131n\u0131z\u0131 her daim <strong>bak\u0131ml\u0131 ve do\u011fal<\/strong> bir formda tutman\u0131z ve makyaj s\u00f6z konusu oldu\u011funda <strong>do\u011fall\u0131\u011f\u0131<\/strong> tercih etmeniz de Cate\u2019in stilini yakalaman\u0131z i\u00e7in di\u011fer iki \u00f6nemli ipucu!<\/p>\n<p>Son olarak Cate\u2019in en \u00e7ok tercih etti\u011fi ve stilini be\u011fendi\u011fi markalar aras\u0131nda <a href=\"http:\/\/www.alisveriskulupleri.com\/marka\/armani-jeans\" target=\"_blank\">Armani<\/a> ve <a href=\"http:\/\/www.alisveriskulupleri.com\/marka\/alexander-mcqueen\" target=\"_blank\">Alexander McQueen<\/a> bulunuyor benden s\u00f6ylemesi!<\/p>\n","protected":false},"excerpt":{"rendered":"<p>Sinema d\u00fcnyas\u0131n\u0131n en be\u011fenilen y\u0131ld\u0131zlar\u0131ndan Cate Blanchett\u2019in stilini masaya yat\u0131r\u0131yoruz! Bir kad\u0131n\u0131n hem k\u0131r\u0131lgan, narin ve zarif hem de g\u00fc\u00e7l\u00fc, sert ve karizmatik g\u00f6r\u00fcnebilmesi nadir bulunan bir \u00f6zelliktir. Her nas\u0131lsa Avustralyal\u0131 \u00fcnl\u00fc aktris Cate Blanchett,<span class=\"theme-excerpt-more\"> [&#8230;] <a href=\"https:\/\/www.alisveriskulupleri.com\/blog\/zarif-guclu-ve-karizmatik-bir-avustralyali-cate-blanchett.html\" title=\"Zarif, g\u00fc\u00e7l\u00fc ve karizmatik bir Avustralyal\u0131; Cate Blanchett!\">Read More<\/a><\/span><\/p>\n","protected":false},"author":9,"featured_media":0,"comment_status":"open","ping_status":"closed","sticky":false,"template":"","format":"standard","meta":{"footnotes":""},"categories":[44,34],"tags":[3501,3504,3498,3500,3499,3503,2898,138,785,997,618,2339,61,3505,3261,3347,3502,290,3349,2897],"class_list":["post-13708","post","type-post","status-publish","format-standard","hentry","category-guncel","category-unluler","tag-aktris","tag-avustralya","tag-cate-blanchett","tag-cate-blanchett-stili","tag-cate-blanchett-style","tag-film-yildizlari","tag-gece-makyaji","tag-hollywood","tag-hollywood-unluleri","tag-hollywood-yildizlari","tag-magazin","tag-makyaj-onerileri","tag-moda","tag-nude-makyaj","tag-sarisinlik","tag-stil-onerileri","tag-unlu-yildizlar","tag-unluler-2","tag-unlulerin-kostumleri","tag-unlulerin-makyaj-sirlari"],"yoast_head":"<!-- This site is optimized with the Yoast SEO plugin v24.1 - https:\/\/yoast.com\/wordpress\/plugins\/seo\/ -->\n<title>Zarif, g\u00fc\u00e7l\u00fc ve karizmatik bir Avustralyal\u0131; Cate Blanchett! - Al\u0131\u015fveri\u015f Kul\u00fcpleri<\/title>\n<meta name=\"robots\" content=\"index, follow, max-snippet:-1, max-image-preview:large, max-video-preview:-1\" \/>\n<link rel=\"canonical\" href=\"https:\/\/www.alisveriskulupleri.com\/blog\/zarif-guclu-ve-karizmatik-bir-avustralyali-cate-blanchett.html\" \/>\n<meta property=\"og:locale\" content=\"tr_TR\" \/>\n<meta property=\"og:type\" content=\"article\" \/>\n<meta property=\"og:title\" content=\"Zarif, g\u00fc\u00e7l\u00fc ve karizmatik bir Avustralyal\u0131; Cate Blanchett! - Al\u0131\u015fveri\u015f Kul\u00fcpleri\" \/>\n<meta property=\"og:description\" content=\"Sinema d\u00fcnyas\u0131n\u0131n en be\u011fenilen y\u0131ld\u0131zlar\u0131ndan Cate Blanchett\u2019in stilini masaya yat\u0131r\u0131yoruz! Bir kad\u0131n\u0131n hem k\u0131r\u0131lgan, narin ve zarif hem de g\u00fc\u00e7l\u00fc, sert ve karizmatik g\u00f6r\u00fcnebilmesi nadir bulunan bir \u00f6zelliktir. Her nas\u0131lsa Avustralyal\u0131 \u00fcnl\u00fc aktris Cate Blanchett, [...] Read More\" \/>\n<meta property=\"og:url\" content=\"https:\/\/www.alisveriskulupleri.com\/blog\/zarif-guclu-ve-karizmatik-bir-avustralyali-cate-blanchett.html\" \/>\n<meta property=\"og:site_name\" content=\"Al\u0131\u015fveri\u015f Kul\u00fcpleri\" \/>\n<meta property=\"article:publisher\" content=\"https:\/\/www.facebook.com\/alisveriskulupleri\" \/>\n<meta property=\"article:published_time\" content=\"2012-06-11T12:45:16+00:00\" \/>\n<meta property=\"og:image\" content=\"https:\/\/www.alisveriskulupleri.com\/blog\/uploads\/2012\/06\/zarif-guclu-ve-karizmatik-bir-avustralyali-cate-blanchett1-570x357.jpg\" \/>\n<meta name=\"author\" content=\"Meltem \u015eafak\" \/>\n<meta name=\"twitter:card\" content=\"summary_large_image\" \/>\n<meta name=\"twitter:creator\" content=\"@http:\/\/twitter.com\/#!\/pisijane\" \/>\n<meta name=\"twitter:site\" content=\"@akulupleri\" \/>\n<meta name=\"twitter:label1\" content=\"Yazan:\" \/>\n\t<meta name=\"twitter:data1\" content=\"Meltem \u015eafak\" \/>\n\t<meta name=\"twitter:label2\" content=\"Tahmini okuma s\u00fcresi\" \/>\n\t<meta name=\"twitter:data2\" content=\"4 dakika\" \/>\n<script type=\"application\/ld+json\" class=\"yoast-schema-graph\">{\"@context\":\"https:\/\/schema.org\",\"@graph\":[{\"@type\":\"WebPage\",\"@id\":\"https:\/\/www.alisveriskulupleri.com\/blog\/zarif-guclu-ve-karizmatik-bir-avustralyali-cate-blanchett.html\",\"url\":\"https:\/\/www.alisveriskulupleri.com\/blog\/zarif-guclu-ve-karizmatik-bir-avustralyali-cate-blanchett.html\",\"name\":\"Zarif, g\u00fc\u00e7l\u00fc ve karizmatik bir Avustralyal\u0131; Cate Blanchett! - Al\u0131\u015fveri\u015f Kul\u00fcpleri\",\"isPartOf\":{\"@id\":\"https:\/\/www.alisveriskulupleri.com\/blog\/#website\"},\"primaryImageOfPage\":{\"@id\":\"https:\/\/www.alisveriskulupleri.com\/blog\/zarif-guclu-ve-karizmatik-bir-avustralyali-cate-blanchett.html#primaryimage\"},\"image\":{\"@id\":\"https:\/\/www.alisveriskulupleri.com\/blog\/zarif-guclu-ve-karizmatik-bir-avustralyali-cate-blanchett.html#primaryimage\"},\"thumbnailUrl\":\"https:\/\/www.alisveriskulupleri.com\/blog\/uploads\/2012\/06\/zarif-guclu-ve-karizmatik-bir-avustralyali-cate-blanchett1-570x357.jpg\",\"datePublished\":\"2012-06-11T12:45:16+00:00\",\"dateModified\":\"2012-06-11T12:45:16+00:00\",\"author\":{\"@id\":\"https:\/\/www.alisveriskulupleri.com\/blog\/#\/schema\/person\/1e720746ccc4457a55d6c121a8e60ad5\"},\"breadcrumb\":{\"@id\":\"https:\/\/www.alisveriskulupleri.com\/blog\/zarif-guclu-ve-karizmatik-bir-avustralyali-cate-blanchett.html#breadcrumb\"},\"inLanguage\":\"tr\",\"potentialAction\":[{\"@type\":\"ReadAction\",\"target\":[\"https:\/\/www.alisveriskulupleri.com\/blog\/zarif-guclu-ve-karizmatik-bir-avustralyali-cate-blanchett.html\"]}]},{\"@type\":\"ImageObject\",\"inLanguage\":\"tr\",\"@id\":\"https:\/\/www.alisveriskulupleri.com\/blog\/zarif-guclu-ve-karizmatik-bir-avustralyali-cate-blanchett.html#primaryimage\",\"url\":\"https:\/\/www.alisveriskulupleri.com\/blog\/uploads\/2012\/06\/zarif-guclu-ve-karizmatik-bir-avustralyali-cate-blanchett1.jpg\",\"contentUrl\":\"https:\/\/www.alisveriskulupleri.com\/blog\/uploads\/2012\/06\/zarif-guclu-ve-karizmatik-bir-avustralyali-cate-blanchett1.jpg\",\"width\":\"750\",\"height\":\"470\",\"caption\":\"Zarif, g\u00fc\u00e7l\u00fc ve karizmatik bir Avustralyal\u0131; Cate Blanchett!\"},{\"@type\":\"BreadcrumbList\",\"@id\":\"https:\/\/www.alisveriskulupleri.com\/blog\/zarif-guclu-ve-karizmatik-bir-avustralyali-cate-blanchett.html#breadcrumb\",\"itemListElement\":[{\"@type\":\"ListItem\",\"position\":1,\"name\":\"Ana sayfa\",\"item\":\"https:\/\/www.alisveriskulupleri.com\/blog\/\"},{\"@type\":\"ListItem\",\"position\":2,\"name\":\"Zarif, g\u00fc\u00e7l\u00fc ve karizmatik bir Avustralyal\u0131; Cate Blanchett!\"}]},{\"@type\":\"WebSite\",\"@id\":\"https:\/\/www.alisveriskulupleri.com\/blog\/#website\",\"url\":\"https:\/\/www.alisveriskulupleri.com\/blog\/\",\"name\":\"Al\u0131\u015fveri\u015f Kul\u00fcpleri\",\"description\":\"\",\"potentialAction\":[{\"@type\":\"SearchAction\",\"target\":{\"@type\":\"EntryPoint\",\"urlTemplate\":\"https:\/\/www.alisveriskulupleri.com\/blog\/?s={search_term_string}\"},\"query-input\":{\"@type\":\"PropertyValueSpecification\",\"valueRequired\":true,\"valueName\":\"search_term_string\"}}],\"inLanguage\":\"tr\"},{\"@type\":\"Person\",\"@id\":\"https:\/\/www.alisveriskulupleri.com\/blog\/#\/schema\/person\/1e720746ccc4457a55d6c121a8e60ad5\",\"name\":\"Meltem \u015eafak\",\"image\":{\"@type\":\"ImageObject\",\"inLanguage\":\"tr\",\"@id\":\"https:\/\/www.alisveriskulupleri.com\/blog\/#\/schema\/person\/image\/\",\"url\":\"https:\/\/secure.gravatar.com\/avatar\/61ceafb22dfb2a2257ff39bbf99edb74?s=96&d=mm&r=g\",\"contentUrl\":\"https:\/\/secure.gravatar.com\/avatar\/61ceafb22dfb2a2257ff39bbf99edb74?s=96&d=mm&r=g\",\"caption\":\"Meltem \u015eafak\"},\"description\":\"Anadolu \u00dcniversitesi Reklamc\u0131l\u0131k &amp; Halkla \u0130li\u015fkiler mezunu, evli ve 2 kedi annesi bir edit\u00f6r\u00fcm:) Kozmetik, moda ve al\u0131\u015fveri\u015f tutkunuyum! Merakl\u0131 bir Ko\u00e7 burcu olarak g\u00fcndemi takip etmek ve en ilgin\u00e7 ipu\u00e7lar\u0131n\u0131 bulup payla\u015fmak benim i\u00e7in bir hobi. E\u011flenceli ve aa aa! dedirten \u015feyler okumak i\u00e7in beni takip edin!\",\"sameAs\":[\"https:\/\/x.com\/http:\/\/twitter.com\/#!\/pisijane\"],\"url\":\"https:\/\/www.alisveriskulupleri.com\/blog\/author\/meltem\"}]}<\/script>\n<!-- \/ Yoast SEO plugin. -->","yoast_head_json":{"title":"Zarif, g\u00fc\u00e7l\u00fc ve karizmatik bir Avustralyal\u0131; Cate Blanchett! - Al\u0131\u015fveri\u015f Kul\u00fcpleri","robots":{"index":"index","follow":"follow","max-snippet":"max-snippet:-1","max-image-preview":"max-image-preview:large","max-video-preview":"max-video-preview:-1"},"canonical":"https:\/\/www.alisveriskulupleri.com\/blog\/zarif-guclu-ve-karizmatik-bir-avustralyali-cate-blanchett.html","og_locale":"tr_TR","og_type":"article","og_title":"Zarif, g\u00fc\u00e7l\u00fc ve karizmatik bir Avustralyal\u0131; Cate Blanchett! - Al\u0131\u015fveri\u015f Kul\u00fcpleri","og_description":"Sinema d\u00fcnyas\u0131n\u0131n en be\u011fenilen y\u0131ld\u0131zlar\u0131ndan Cate Blanchett\u2019in stilini masaya yat\u0131r\u0131yoruz! Bir kad\u0131n\u0131n hem k\u0131r\u0131lgan, narin ve zarif hem de g\u00fc\u00e7l\u00fc, sert ve karizmatik g\u00f6r\u00fcnebilmesi nadir bulunan bir \u00f6zelliktir. Her nas\u0131lsa Avustralyal\u0131 \u00fcnl\u00fc aktris Cate Blanchett, [...] Read More","og_url":"https:\/\/www.alisveriskulupleri.com\/blog\/zarif-guclu-ve-karizmatik-bir-avustralyali-cate-blanchett.html","og_site_name":"Al\u0131\u015fveri\u015f Kul\u00fcpleri","article_publisher":"https:\/\/www.facebook.com\/alisveriskulupleri","article_published_time":"2012-06-11T12:45:16+00:00","og_image":[{"url":"https:\/\/www.alisveriskulupleri.com\/blog\/uploads\/2012\/06\/zarif-guclu-ve-karizmatik-bir-avustralyali-cate-blanchett1-570x357.jpg","type":"","width":"","height":""}],"author":"Meltem \u015eafak","twitter_card":"summary_large_image","twitter_creator":"@http:\/\/twitter.com\/#!\/pisijane","twitter_site":"@akulupleri","twitter_misc":{"Yazan:":"Meltem \u015eafak","Tahmini okuma s\u00fcresi":"4 dakika"},"schema":{"@context":"https:\/\/schema.org","@graph":[{"@type":"WebPage","@id":"https:\/\/www.alisveriskulupleri.com\/blog\/zarif-guclu-ve-karizmatik-bir-avustralyali-cate-blanchett.html","url":"https:\/\/www.alisveriskulupleri.com\/blog\/zarif-guclu-ve-karizmatik-bir-avustralyali-cate-blanchett.html","name":"Zarif, g\u00fc\u00e7l\u00fc ve karizmatik bir Avustralyal\u0131; Cate Blanchett! - Al\u0131\u015fveri\u015f Kul\u00fcpleri","isPartOf":{"@id":"https:\/\/www.alisveriskulupleri.com\/blog\/#website"},"primaryImageOfPage":{"@id":"https:\/\/www.alisveriskulupleri.com\/blog\/zarif-guclu-ve-karizmatik-bir-avustralyali-cate-blanchett.html#primaryimage"},"image":{"@id":"https:\/\/www.alisveriskulupleri.com\/blog\/zarif-guclu-ve-karizmatik-bir-avustralyali-cate-blanchett.html#primaryimage"},"thumbnailUrl":"https:\/\/www.alisveriskulupleri.com\/blog\/uploads\/2012\/06\/zarif-guclu-ve-karizmatik-bir-avustralyali-cate-blanchett1-570x357.jpg","datePublished":"2012-06-11T12:45:16+00:00","dateModified":"2012-06-11T12:45:16+00:00","author":{"@id":"https:\/\/www.alisveriskulupleri.com\/blog\/#\/schema\/person\/1e720746ccc4457a55d6c121a8e60ad5"},"breadcrumb":{"@id":"https:\/\/www.alisveriskulupleri.com\/blog\/zarif-guclu-ve-karizmatik-bir-avustralyali-cate-blanchett.html#breadcrumb"},"inLanguage":"tr","potentialAction":[{"@type":"ReadAction","target":["https:\/\/www.alisveriskulupleri.com\/blog\/zarif-guclu-ve-karizmatik-bir-avustralyali-cate-blanchett.html"]}]},{"@type":"ImageObject","inLanguage":"tr","@id":"https:\/\/www.alisveriskulupleri.com\/blog\/zarif-guclu-ve-karizmatik-bir-avustralyali-cate-blanchett.html#primaryimage","url":"https:\/\/www.alisveriskulupleri.com\/blog\/uploads\/2012\/06\/zarif-guclu-ve-karizmatik-bir-avustralyali-cate-blanchett1.jpg","contentUrl":"https:\/\/www.alisveriskulupleri.com\/blog\/uploads\/2012\/06\/zarif-guclu-ve-karizmatik-bir-avustralyali-cate-blanchett1.jpg","width":"750","height":"470","caption":"Zarif, g\u00fc\u00e7l\u00fc ve karizmatik bir Avustralyal\u0131; Cate Blanchett!"},{"@type":"BreadcrumbList","@id":"https:\/\/www.alisveriskulupleri.com\/blog\/zarif-guclu-ve-karizmatik-bir-avustralyali-cate-blanchett.html#breadcrumb","itemListElement":[{"@type":"ListItem","position":1,"name":"Ana sayfa","item":"https:\/\/www.alisveriskulupleri.com\/blog\/"},{"@type":"ListItem","position":2,"name":"Zarif, g\u00fc\u00e7l\u00fc ve karizmatik bir Avustralyal\u0131; Cate Blanchett!"}]},{"@type":"WebSite","@id":"https:\/\/www.alisveriskulupleri.com\/blog\/#website","url":"https:\/\/www.alisveriskulupleri.com\/blog\/","name":"Al\u0131\u015fveri\u015f Kul\u00fcpleri","description":"","potentialAction":[{"@type":"SearchAction","target":{"@type":"EntryPoint","urlTemplate":"https:\/\/www.alisveriskulupleri.com\/blog\/?s={search_term_string}"},"query-input":{"@type":"PropertyValueSpecification","valueRequired":true,"valueName":"search_term_string"}}],"inLanguage":"tr"},{"@type":"Person","@id":"https:\/\/www.alisveriskulupleri.com\/blog\/#\/schema\/person\/1e720746ccc4457a55d6c121a8e60ad5","name":"Meltem \u015eafak","image":{"@type":"ImageObject","inLanguage":"tr","@id":"https:\/\/www.alisveriskulupleri.com\/blog\/#\/schema\/person\/image\/","url":"https:\/\/secure.gravatar.com\/avatar\/61ceafb22dfb2a2257ff39bbf99edb74?s=96&d=mm&r=g","contentUrl":"https:\/\/secure.gravatar.com\/avatar\/61ceafb22dfb2a2257ff39bbf99edb74?s=96&d=mm&r=g","caption":"Meltem \u015eafak"},"description":"Anadolu \u00dcniversitesi Reklamc\u0131l\u0131k &amp; Halkla \u0130li\u015fkiler mezunu, evli ve 2 kedi annesi bir edit\u00f6r\u00fcm:) Kozmetik, moda ve al\u0131\u015fveri\u015f tutkunuyum! Merakl\u0131 bir Ko\u00e7 burcu olarak g\u00fcndemi takip etmek ve en ilgin\u00e7 ipu\u00e7lar\u0131n\u0131 bulup payla\u015fmak benim i\u00e7in bir hobi. E\u011flenceli ve aa aa! dedirten \u015feyler okumak i\u00e7in beni takip edin!","sameAs":["https:\/\/x.com\/http:\/\/twitter.com\/#!\/pisijane"],"url":"https:\/\/www.alisveriskulupleri.com\/blog\/author\/meltem"}]}},"_links":{"self":[{"href":"https:\/\/www.alisveriskulupleri.com\/blog\/wp-json\/wp\/v2\/posts\/13708","targetHints":{"allow":["GET"]}}],"collection":[{"href":"https:\/\/www.alisveriskulupleri.com\/blog\/wp-json\/wp\/v2\/posts"}],"about":[{"href":"https:\/\/www.alisveriskulupleri.com\/blog\/wp-json\/wp\/v2\/types\/post"}],"author":[{"embeddable":true,"href":"https:\/\/www.alisveriskulupleri.com\/blog\/wp-json\/wp\/v2\/users\/9"}],"replies":[{"embeddable":true,"href":"https:\/\/www.alisveriskulupleri.com\/blog\/wp-json\/wp\/v2\/comments?post=13708"}],"version-history":[{"count":17,"href":"https:\/\/www.alisveriskulupleri.com\/blog\/wp-json\/wp\/v2\/posts\/13708\/revisions"}],"predecessor-version":[{"id":13806,"href":"https:\/\/www.alisveriskulupleri.com\/blog\/wp-json\/wp\/v2\/posts\/13708\/revisions\/13806"}],"wp:attachment":[{"href":"https:\/\/www.alisveriskulupleri.com\/blog\/wp-json\/wp\/v2\/media?parent=13708"}],"wp:term":[{"taxonomy":"category","embeddable":true,"href":"https:\/\/www.alisveriskulupleri.com\/blog\/wp-json\/wp\/v2\/categories?post=13708"},{"taxonomy":"post_tag","embeddable":true,"href":"https:\/\/www.alisveriskulupleri.com\/blog\/wp-json\/wp\/v2\/tags?post=13708"}],"curies":[{"name":"wp","href":"https:\/\/api.w.org\/{rel}","templated":true}]}}