{"id":12464,"date":"2012-04-02T22:41:31","date_gmt":"2012-04-02T20:41:31","guid":{"rendered":"https:\/\/www.alisveriskulupleri.com\/blog\/?p=12464"},"modified":"2012-07-20T22:34:24","modified_gmt":"2012-07-20T20:34:24","slug":"beyaz-kullanma-kilavuzu","status":"publish","type":"post","link":"https:\/\/www.alisveriskulupleri.com\/blog\/beyaz-kullanma-kilavuzu.html","title":{"rendered":"Beyaz: Kullanma k\u0131lavuzu!"},"content":{"rendered":"<p><a href=\"https:\/\/www.alisveriskulupleri.com\/blog\/uploads\/2012\/04\/beyaz-kullanma-kilavuzu1.jpg\"><img loading=\"lazy\" decoding=\"async\" class=\"aligncenter size-full wp-image-12491\" title=\"Beyaz: Kullanma K\u0131lavuzu\" src=\"https:\/\/www.alisveriskulupleri.com\/blog\/uploads\/2012\/04\/beyaz-kullanma-kilavuzu1.jpg\" alt=\"Beyaz: Kullanma K\u0131lavuzu\" width=\"580\" height=\"470\" srcset=\"https:\/\/www.alisveriskulupleri.com\/blog\/uploads\/2012\/04\/beyaz-kullanma-kilavuzu1.jpg 580w, https:\/\/www.alisveriskulupleri.com\/blog\/uploads\/2012\/04\/beyaz-kullanma-kilavuzu1-570x461.jpg 570w\" sizes=\"auto, (max-width: 580px) 100vw, 580px\" \/><\/a><\/p>\n<h3>Beyaz\u0131n t\u00fcm renklerin birle\u015fimi oldu\u011funu biliyor muydunuz? Yani onu ta\u015f\u0131d\u0131\u011f\u0131n\u0131zda renksiz olmuyorsunuz, aksine t\u00fcm renkler sizinle oluyor.<\/h3>\n<p><a href=\"https:\/\/www.alisveriskulupleri.com\/blog\/uploads\/2012\/04\/beyaz-kullanma-kilavuzu91.jpg\"><img loading=\"lazy\" decoding=\"async\" class=\"alignright size-full wp-image-12503\" title=\"Beyaz: Kullanma K\u0131lavuzu\" src=\"https:\/\/www.alisveriskulupleri.com\/blog\/uploads\/2012\/04\/beyaz-kullanma-kilavuzu91.jpg\" alt=\"Beyaz: Kullanma K\u0131lavuzu\" width=\"316\" height=\"310\" srcset=\"https:\/\/www.alisveriskulupleri.com\/blog\/uploads\/2012\/04\/beyaz-kullanma-kilavuzu91.jpg 479w, https:\/\/www.alisveriskulupleri.com\/blog\/uploads\/2012\/04\/beyaz-kullanma-kilavuzu91-45x45.jpg 45w\" sizes=\"auto, (max-width: 316px) 100vw, 316px\" \/><\/a>Bu yaz beyaz \u00e7ok moda&#8230; Herkes giyecek. \u00d6zellikle elbiselerde olduk\u00e7a moda olacak ki bu konuyu farkl\u0131 bir yaz\u0131mda sizinle payla\u015f\u0131yor olaca\u011f\u0131m.<\/p>\n<p><strong>\u015eimdi beyaz\u0131 kullanma \u00f6nerilerimi payla\u015fmak istiyorum.<\/strong><\/p>\n<p><strong>K\u0131\u015f\u0131n beyaz giyilir mi?:<\/strong> Elbette ki giyilir! Art\u0131k kurallar m\u0131 kald\u0131? Her \u015feyi denemeli ve insan kendinde g\u00fczel buldu\u011funu giymeli\u2026 Beyaz ete\u011finizi siyah \u00e7orab\u0131n\u0131zla giyin; beyaz eldivenleriniz, bereniz ya da beyaz kar botlar\u0131n\u0131zla asil bir duru\u015f sergileyin.<\/p>\n<p><a href=\"https:\/\/www.alisveriskulupleri.com\/blog\/uploads\/2012\/04\/beyaz-kullanma-kilavuzu8.jpg\"><img loading=\"lazy\" decoding=\"async\" class=\"size-full wp-image-12500 alignleft\" title=\"Beyaz: Kullanma K\u0131lavuzu\" src=\"https:\/\/www.alisveriskulupleri.com\/blog\/uploads\/2012\/04\/beyaz-kullanma-kilavuzu8.jpg\" alt=\"Beyaz: Kullanma K\u0131lavuzu\" width=\"313\" height=\"282\" \/><\/a><strong>Beyaz kime yak\u0131\u015f\u0131yor?:<\/strong> Dik yakal\u0131 kazaklarda beyaz se\u00e7en esmerler olduk\u00e7a dikkat \u00e7ekiyor, hem masum hem de \u00e7arp\u0131c\u0131 bir duru\u015f sergiliyor, benden s\u00f6ylemesi\u2026  Beyaz skinnyler zay\u0131f bedenlerde olduk\u00e7a zarif duruyor. Oscar yaz\u0131mda <strong>Octavia Spencer\u2019\u0131n<\/strong> elbisesine yer vermi\u015ftim. Fazla kilolar\u0131na ra\u011fmen nas\u0131l da ho\u015f duruyordu! Okumak isterseniz <a href=\"https:\/\/www.alisveriskulupleri.com\/blog\/2012-kiyafet-oscarlarimiz-kimlere-mi-gitti.html\" target=\"_blank\">buraya<\/a> t\u0131klay\u0131n.<\/p>\n<p><strong>Neyle kombinlenmeli?:<\/strong> \u0130ster lacivert ve k\u0131rm\u0131z\u0131 ile marine havas\u0131 yarat\u0131n, ister pembe ve ye\u015fil ile canland\u0131r\u0131n, neon renkler ve metallerle daha \u00e7arp\u0131c\u0131 olun,veya gri ve pudra renkleri ile kombinleyerek daha cool g\u00f6r\u00fcnebilirsiniz. Siyahla kombinleyerek hem trend yarat\u0131p hem de olay olabilirsiniz. Kahverengiyle uyumu da bamba\u015fka oluyor.<\/p>\n<p><a href=\"https:\/\/www.alisveriskulupleri.com\/blog\/uploads\/2012\/04\/Sarah-Jessica-Parker.jpg\"><img loading=\"lazy\" decoding=\"async\" class=\"alignright size-full wp-image-12490\" title=\"Sarah Jessica Parker\" src=\"https:\/\/www.alisveriskulupleri.com\/blog\/uploads\/2012\/04\/Sarah-Jessica-Parker.jpg\" alt=\"Sarah Jessica Parker\" width=\"240\" height=\"394\" \/><\/a><strong>L\u00fcks bir duru\u015f i\u00e7in:<\/strong> Beyaz kaban\u0131n\u0131zla g\u00f6zleri doldurun. Beyaz k\u00fcrkler ve a\u011f\u0131r m\u00fccevherle ise y\u0131ld\u0131z olaca\u011f\u0131n\u0131za tek \u015f\u00fcphe yok!<\/p>\n<p><strong>Beyaz skinny jeanle nas\u0131l kullanabilirim?:<\/strong> Siz de Sarah Jessica Parker gibi \u00fczerine sala\u015f bir h\u0131rka se\u00e7in ve kemerle belini iyice s\u0131k\u0131n. Postallar ve k\u0131rm\u0131z\u0131 ya da pembe bir aksesuar foto\u011frafta oldu\u011fu gibi sizi eklektik bir tarza sokacak.<\/p>\n<p><strong>Yaz\u0131n beyaz elbisemi nas\u0131l kullan\u0131r\u0131m?:<\/strong> K\u0131rm\u0131z\u0131 topuklu ayakkab\u0131larla ve k\u0131rm\u0131z\u0131 rujunuzla \u00e7arp\u0131c\u0131 olup, hem di\u015fili\u011fi hem de masumiyeti ayn\u0131 anda yakalayabilirsiniz. Neon renkli ayakkab\u0131larla farkl\u0131 bir duru\u015f sergileyebilirsiniz ya da ayakkab\u0131da da beyaz\u0131 kullanarak duru bir g\u00f6r\u00fcn\u00fcm yakalayabilirsiniz. Siyah bir kemerle ve ayn\u0131 renk ayakkab\u0131yla \u00f6zel bir davete kat\u0131labilirsiniz.<\/p>\n<p><a href=\"https:\/\/www.alisveriskulupleri.com\/blog\/uploads\/2012\/04\/Sarah-Jessica-Parker..jpg\"><img loading=\"lazy\" decoding=\"async\" class=\"alignleft size-full wp-image-12489\" title=\"Sarah Jessica Parker\" src=\"https:\/\/www.alisveriskulupleri.com\/blog\/uploads\/2012\/04\/Sarah-Jessica-Parker..jpg\" alt=\"Sarah Jessica Parker\" width=\"315\" height=\"484\" \/><\/a><strong>Beyaz\u0131n kullan\u0131m\u0131nda tarz\u0131m\u0131 ne belirler?:<\/strong> Elbisenin tarz\u0131 d\u0131\u015f\u0131nda aksesuarlar ve yukar\u0131da anlatt\u0131\u011f\u0131m gibi renkler belirler. Ayakkab\u0131 se\u00e7iminde topukluyla daha di\u015fi, babetle daha masum olursunuz. Elbisenizi b\u00fcy\u00fck bir \u00e7antayla g\u00fcnd\u00fcz, \u015f\u0131k bir portf\u00f6y ile gece kullanabilirsiniz. B\u00fcy\u00fck bir kolye ile \u015f\u0131kl\u0131\u011f\u0131n\u0131z\u0131 tamamlayabilir, topuklu bordo ayakkab\u0131lar\u0131n\u0131zla \u00e7arp\u0131c\u0131 durabilirsiniz. Baharda deri ceketinizde romantik ve ayn\u0131 zamanda rock bir havaya b\u00fcr\u00fcnebilirsiniz.<\/p>\n<p><strong>Nelere dikkat etmeliyim?:<\/strong> \u0130\u00e7ine giydi\u011finiz \u00e7ama\u015f\u0131r\u0131n m\u00fcmk\u00fcn oldu\u011funca d\u0131\u015far\u0131dan belli olmamas\u0131na, kirli yerlere oturmamaya ve d\u00fc\u011f\u00fcnlerde beyaz\u0131 gelin han\u0131ma b\u0131rakmaya dikkat ederseniz rezil olmazs\u0131n\u0131z, bunun d\u0131\u015f\u0131nda alan sizin&#8230;<\/p>\n<p><a href=\"https:\/\/www.alisveriskulupleri.com\/blog\/uploads\/2012\/04\/beyaz-kullanma-kilavuzu5.jpg\"><img loading=\"lazy\" decoding=\"async\" class=\"size-full wp-image-12488 aligncenter\" title=\"Beyaz: Kullanma K\u0131lavuzu\" src=\"https:\/\/www.alisveriskulupleri.com\/blog\/uploads\/2012\/04\/beyaz-kullanma-kilavuzu5.jpg\" alt=\"Beyaz: Kullanma K\u0131lavuzu\" width=\"580\" height=\"470\" srcset=\"https:\/\/www.alisveriskulupleri.com\/blog\/uploads\/2012\/04\/beyaz-kullanma-kilavuzu5.jpg 580w, https:\/\/www.alisveriskulupleri.com\/blog\/uploads\/2012\/04\/beyaz-kullanma-kilavuzu5-570x461.jpg 570w\" sizes=\"auto, (max-width: 580px) 100vw, 580px\" \/><\/a><\/p>\n","protected":false},"excerpt":{"rendered":"<p>Beyaz\u0131n t\u00fcm renklerin birle\u015fimi oldu\u011funu biliyor muydunuz? Yani onu ta\u015f\u0131d\u0131\u011f\u0131n\u0131zda renksiz olmuyorsunuz, aksine t\u00fcm renkler sizinle oluyor. Bu yaz beyaz \u00e7ok moda&#8230; Herkes giyecek. \u00d6zellikle elbiselerde olduk\u00e7a moda olacak ki bu konuyu farkl\u0131 bir yaz\u0131mda<span class=\"theme-excerpt-more\"> [&#8230;] <a href=\"https:\/\/www.alisveriskulupleri.com\/blog\/beyaz-kullanma-kilavuzu.html\" title=\"Beyaz: Kullanma k\u0131lavuzu!\">Read More<\/a><\/span><\/p>\n","protected":false},"author":10,"featured_media":0,"comment_status":"open","ping_status":"closed","sticky":false,"template":"","format":"standard","meta":{"footnotes":""},"categories":[44,26],"tags":[763,1752,2887,271,1136,898,3017,3016,3015,3019,2888,3020,3021,2767,3022,3018],"class_list":["post-12464","post","type-post","status-publish","format-standard","hentry","category-guncel","category-trend-iz","tag-alisveriskulupleri-com","tag-alisveris-kulupleri","tag-alisveris-kulupleri-blog","tag-beyaz","tag-beyaz-ayakkabi","tag-beyaz-elbise","tag-beyaz-kime-yakisiyor","tag-beyaz-kullanma","tag-beyaz-kullanma-kilavuzu","tag-beyazin-kullaniminda-tarzimi-ne-belirler","tag-blog","tag-kisin-beyaz-giyilir-mi","tag-melis-selcuk","tag-octavia-spencer","tag-sarah-jesssica-parker","tag-yazin-beyaz-elbisemi-nasil-kullanirim"],"yoast_head":"<!-- This site is optimized with the Yoast SEO plugin v24.1 - https:\/\/yoast.com\/wordpress\/plugins\/seo\/ -->\n<title>Beyaz: Kullanma k\u0131lavuzu! - Al\u0131\u015fveri\u015f Kul\u00fcpleri<\/title>\n<meta name=\"robots\" content=\"index, follow, max-snippet:-1, max-image-preview:large, max-video-preview:-1\" \/>\n<link rel=\"canonical\" href=\"https:\/\/www.alisveriskulupleri.com\/blog\/beyaz-kullanma-kilavuzu.html\" \/>\n<meta property=\"og:locale\" content=\"tr_TR\" \/>\n<meta property=\"og:type\" content=\"article\" \/>\n<meta property=\"og:title\" content=\"Beyaz: Kullanma k\u0131lavuzu! - Al\u0131\u015fveri\u015f Kul\u00fcpleri\" \/>\n<meta property=\"og:description\" content=\"Beyaz\u0131n t\u00fcm renklerin birle\u015fimi oldu\u011funu biliyor muydunuz? Yani onu ta\u015f\u0131d\u0131\u011f\u0131n\u0131zda renksiz olmuyorsunuz, aksine t\u00fcm renkler sizinle oluyor. Bu yaz beyaz \u00e7ok moda&#8230; Herkes giyecek. \u00d6zellikle elbiselerde olduk\u00e7a moda olacak ki bu konuyu farkl\u0131 bir yaz\u0131mda [...] Read More\" \/>\n<meta property=\"og:url\" content=\"https:\/\/www.alisveriskulupleri.com\/blog\/beyaz-kullanma-kilavuzu.html\" \/>\n<meta property=\"og:site_name\" content=\"Al\u0131\u015fveri\u015f Kul\u00fcpleri\" \/>\n<meta property=\"article:publisher\" content=\"https:\/\/www.facebook.com\/alisveriskulupleri\" \/>\n<meta property=\"article:published_time\" content=\"2012-04-02T20:41:31+00:00\" \/>\n<meta property=\"article:modified_time\" content=\"2012-07-20T20:34:24+00:00\" \/>\n<meta property=\"og:image\" content=\"https:\/\/www.alisveriskulupleri.com\/blog\/uploads\/2012\/04\/beyaz-kullanma-kilavuzu1.jpg\" \/>\n<meta name=\"author\" content=\"Melis Sel\u00e7uk\" \/>\n<meta name=\"twitter:card\" content=\"summary_large_image\" \/>\n<meta name=\"twitter:creator\" content=\"@http:\/\/twitter.com\/#!\/melisselcuk\" \/>\n<meta name=\"twitter:site\" content=\"@akulupleri\" \/>\n<meta name=\"twitter:label1\" content=\"Yazan:\" \/>\n\t<meta name=\"twitter:data1\" content=\"Melis Sel\u00e7uk\" \/>\n\t<meta name=\"twitter:label2\" content=\"Tahmini okuma s\u00fcresi\" \/>\n\t<meta name=\"twitter:data2\" content=\"2 dakika\" \/>\n<script type=\"application\/ld+json\" class=\"yoast-schema-graph\">{\"@context\":\"https:\/\/schema.org\",\"@graph\":[{\"@type\":\"WebPage\",\"@id\":\"https:\/\/www.alisveriskulupleri.com\/blog\/beyaz-kullanma-kilavuzu.html\",\"url\":\"https:\/\/www.alisveriskulupleri.com\/blog\/beyaz-kullanma-kilavuzu.html\",\"name\":\"Beyaz: Kullanma k\u0131lavuzu! - Al\u0131\u015fveri\u015f Kul\u00fcpleri\",\"isPartOf\":{\"@id\":\"https:\/\/www.alisveriskulupleri.com\/blog\/#website\"},\"primaryImageOfPage\":{\"@id\":\"https:\/\/www.alisveriskulupleri.com\/blog\/beyaz-kullanma-kilavuzu.html#primaryimage\"},\"image\":{\"@id\":\"https:\/\/www.alisveriskulupleri.com\/blog\/beyaz-kullanma-kilavuzu.html#primaryimage\"},\"thumbnailUrl\":\"https:\/\/www.alisveriskulupleri.com\/blog\/uploads\/2012\/04\/beyaz-kullanma-kilavuzu1.jpg\",\"datePublished\":\"2012-04-02T20:41:31+00:00\",\"dateModified\":\"2012-07-20T20:34:24+00:00\",\"author\":{\"@id\":\"https:\/\/www.alisveriskulupleri.com\/blog\/#\/schema\/person\/a1c8a53f1c8d7b7a5a757f748ae86c9d\"},\"breadcrumb\":{\"@id\":\"https:\/\/www.alisveriskulupleri.com\/blog\/beyaz-kullanma-kilavuzu.html#breadcrumb\"},\"inLanguage\":\"tr\",\"potentialAction\":[{\"@type\":\"ReadAction\",\"target\":[\"https:\/\/www.alisveriskulupleri.com\/blog\/beyaz-kullanma-kilavuzu.html\"]}]},{\"@type\":\"ImageObject\",\"inLanguage\":\"tr\",\"@id\":\"https:\/\/www.alisveriskulupleri.com\/blog\/beyaz-kullanma-kilavuzu.html#primaryimage\",\"url\":\"https:\/\/www.alisveriskulupleri.com\/blog\/uploads\/2012\/04\/beyaz-kullanma-kilavuzu1.jpg\",\"contentUrl\":\"https:\/\/www.alisveriskulupleri.com\/blog\/uploads\/2012\/04\/beyaz-kullanma-kilavuzu1.jpg\"},{\"@type\":\"BreadcrumbList\",\"@id\":\"https:\/\/www.alisveriskulupleri.com\/blog\/beyaz-kullanma-kilavuzu.html#breadcrumb\",\"itemListElement\":[{\"@type\":\"ListItem\",\"position\":1,\"name\":\"Ana sayfa\",\"item\":\"https:\/\/www.alisveriskulupleri.com\/blog\/\"},{\"@type\":\"ListItem\",\"position\":2,\"name\":\"Beyaz: Kullanma k\u0131lavuzu!\"}]},{\"@type\":\"WebSite\",\"@id\":\"https:\/\/www.alisveriskulupleri.com\/blog\/#website\",\"url\":\"https:\/\/www.alisveriskulupleri.com\/blog\/\",\"name\":\"Al\u0131\u015fveri\u015f Kul\u00fcpleri\",\"description\":\"\",\"potentialAction\":[{\"@type\":\"SearchAction\",\"target\":{\"@type\":\"EntryPoint\",\"urlTemplate\":\"https:\/\/www.alisveriskulupleri.com\/blog\/?s={search_term_string}\"},\"query-input\":{\"@type\":\"PropertyValueSpecification\",\"valueRequired\":true,\"valueName\":\"search_term_string\"}}],\"inLanguage\":\"tr\"},{\"@type\":\"Person\",\"@id\":\"https:\/\/www.alisveriskulupleri.com\/blog\/#\/schema\/person\/a1c8a53f1c8d7b7a5a757f748ae86c9d\",\"name\":\"Melis Sel\u00e7uk\",\"image\":{\"@type\":\"ImageObject\",\"inLanguage\":\"tr\",\"@id\":\"https:\/\/www.alisveriskulupleri.com\/blog\/#\/schema\/person\/image\/\",\"url\":\"https:\/\/secure.gravatar.com\/avatar\/93fa88262d28198d5e7f39f9ea941651?s=96&d=mm&r=g\",\"contentUrl\":\"https:\/\/secure.gravatar.com\/avatar\/93fa88262d28198d5e7f39f9ea941651?s=96&d=mm&r=g\",\"caption\":\"Melis Sel\u00e7uk\"},\"description\":\"Detayl\u0131 bilgi i\u00e7in: melisselcuk.com\",\"sameAs\":[\"https:\/\/x.com\/http:\/\/twitter.com\/#!\/melisselcuk\"],\"url\":\"https:\/\/www.alisveriskulupleri.com\/blog\/author\/melis\"}]}<\/script>\n<!-- \/ Yoast SEO plugin. -->","yoast_head_json":{"title":"Beyaz: Kullanma k\u0131lavuzu! - Al\u0131\u015fveri\u015f Kul\u00fcpleri","robots":{"index":"index","follow":"follow","max-snippet":"max-snippet:-1","max-image-preview":"max-image-preview:large","max-video-preview":"max-video-preview:-1"},"canonical":"https:\/\/www.alisveriskulupleri.com\/blog\/beyaz-kullanma-kilavuzu.html","og_locale":"tr_TR","og_type":"article","og_title":"Beyaz: Kullanma k\u0131lavuzu! - Al\u0131\u015fveri\u015f Kul\u00fcpleri","og_description":"Beyaz\u0131n t\u00fcm renklerin birle\u015fimi oldu\u011funu biliyor muydunuz? Yani onu ta\u015f\u0131d\u0131\u011f\u0131n\u0131zda renksiz olmuyorsunuz, aksine t\u00fcm renkler sizinle oluyor. Bu yaz beyaz \u00e7ok moda&#8230; Herkes giyecek. \u00d6zellikle elbiselerde olduk\u00e7a moda olacak ki bu konuyu farkl\u0131 bir yaz\u0131mda [...] Read More","og_url":"https:\/\/www.alisveriskulupleri.com\/blog\/beyaz-kullanma-kilavuzu.html","og_site_name":"Al\u0131\u015fveri\u015f Kul\u00fcpleri","article_publisher":"https:\/\/www.facebook.com\/alisveriskulupleri","article_published_time":"2012-04-02T20:41:31+00:00","article_modified_time":"2012-07-20T20:34:24+00:00","og_image":[{"url":"https:\/\/www.alisveriskulupleri.com\/blog\/uploads\/2012\/04\/beyaz-kullanma-kilavuzu1.jpg","type":"","width":"","height":""}],"author":"Melis Sel\u00e7uk","twitter_card":"summary_large_image","twitter_creator":"@http:\/\/twitter.com\/#!\/melisselcuk","twitter_site":"@akulupleri","twitter_misc":{"Yazan:":"Melis Sel\u00e7uk","Tahmini okuma s\u00fcresi":"2 dakika"},"schema":{"@context":"https:\/\/schema.org","@graph":[{"@type":"WebPage","@id":"https:\/\/www.alisveriskulupleri.com\/blog\/beyaz-kullanma-kilavuzu.html","url":"https:\/\/www.alisveriskulupleri.com\/blog\/beyaz-kullanma-kilavuzu.html","name":"Beyaz: Kullanma k\u0131lavuzu! - Al\u0131\u015fveri\u015f Kul\u00fcpleri","isPartOf":{"@id":"https:\/\/www.alisveriskulupleri.com\/blog\/#website"},"primaryImageOfPage":{"@id":"https:\/\/www.alisveriskulupleri.com\/blog\/beyaz-kullanma-kilavuzu.html#primaryimage"},"image":{"@id":"https:\/\/www.alisveriskulupleri.com\/blog\/beyaz-kullanma-kilavuzu.html#primaryimage"},"thumbnailUrl":"https:\/\/www.alisveriskulupleri.com\/blog\/uploads\/2012\/04\/beyaz-kullanma-kilavuzu1.jpg","datePublished":"2012-04-02T20:41:31+00:00","dateModified":"2012-07-20T20:34:24+00:00","author":{"@id":"https:\/\/www.alisveriskulupleri.com\/blog\/#\/schema\/person\/a1c8a53f1c8d7b7a5a757f748ae86c9d"},"breadcrumb":{"@id":"https:\/\/www.alisveriskulupleri.com\/blog\/beyaz-kullanma-kilavuzu.html#breadcrumb"},"inLanguage":"tr","potentialAction":[{"@type":"ReadAction","target":["https:\/\/www.alisveriskulupleri.com\/blog\/beyaz-kullanma-kilavuzu.html"]}]},{"@type":"ImageObject","inLanguage":"tr","@id":"https:\/\/www.alisveriskulupleri.com\/blog\/beyaz-kullanma-kilavuzu.html#primaryimage","url":"https:\/\/www.alisveriskulupleri.com\/blog\/uploads\/2012\/04\/beyaz-kullanma-kilavuzu1.jpg","contentUrl":"https:\/\/www.alisveriskulupleri.com\/blog\/uploads\/2012\/04\/beyaz-kullanma-kilavuzu1.jpg"},{"@type":"BreadcrumbList","@id":"https:\/\/www.alisveriskulupleri.com\/blog\/beyaz-kullanma-kilavuzu.html#breadcrumb","itemListElement":[{"@type":"ListItem","position":1,"name":"Ana sayfa","item":"https:\/\/www.alisveriskulupleri.com\/blog\/"},{"@type":"ListItem","position":2,"name":"Beyaz: Kullanma k\u0131lavuzu!"}]},{"@type":"WebSite","@id":"https:\/\/www.alisveriskulupleri.com\/blog\/#website","url":"https:\/\/www.alisveriskulupleri.com\/blog\/","name":"Al\u0131\u015fveri\u015f Kul\u00fcpleri","description":"","potentialAction":[{"@type":"SearchAction","target":{"@type":"EntryPoint","urlTemplate":"https:\/\/www.alisveriskulupleri.com\/blog\/?s={search_term_string}"},"query-input":{"@type":"PropertyValueSpecification","valueRequired":true,"valueName":"search_term_string"}}],"inLanguage":"tr"},{"@type":"Person","@id":"https:\/\/www.alisveriskulupleri.com\/blog\/#\/schema\/person\/a1c8a53f1c8d7b7a5a757f748ae86c9d","name":"Melis Sel\u00e7uk","image":{"@type":"ImageObject","inLanguage":"tr","@id":"https:\/\/www.alisveriskulupleri.com\/blog\/#\/schema\/person\/image\/","url":"https:\/\/secure.gravatar.com\/avatar\/93fa88262d28198d5e7f39f9ea941651?s=96&d=mm&r=g","contentUrl":"https:\/\/secure.gravatar.com\/avatar\/93fa88262d28198d5e7f39f9ea941651?s=96&d=mm&r=g","caption":"Melis Sel\u00e7uk"},"description":"Detayl\u0131 bilgi i\u00e7in: melisselcuk.com","sameAs":["https:\/\/x.com\/http:\/\/twitter.com\/#!\/melisselcuk"],"url":"https:\/\/www.alisveriskulupleri.com\/blog\/author\/melis"}]}},"_links":{"self":[{"href":"https:\/\/www.alisveriskulupleri.com\/blog\/wp-json\/wp\/v2\/posts\/12464","targetHints":{"allow":["GET"]}}],"collection":[{"href":"https:\/\/www.alisveriskulupleri.com\/blog\/wp-json\/wp\/v2\/posts"}],"about":[{"href":"https:\/\/www.alisveriskulupleri.com\/blog\/wp-json\/wp\/v2\/types\/post"}],"author":[{"embeddable":true,"href":"https:\/\/www.alisveriskulupleri.com\/blog\/wp-json\/wp\/v2\/users\/10"}],"replies":[{"embeddable":true,"href":"https:\/\/www.alisveriskulupleri.com\/blog\/wp-json\/wp\/v2\/comments?post=12464"}],"version-history":[{"count":26,"href":"https:\/\/www.alisveriskulupleri.com\/blog\/wp-json\/wp\/v2\/posts\/12464\/revisions"}],"predecessor-version":[{"id":12635,"href":"https:\/\/www.alisveriskulupleri.com\/blog\/wp-json\/wp\/v2\/posts\/12464\/revisions\/12635"}],"wp:attachment":[{"href":"https:\/\/www.alisveriskulupleri.com\/blog\/wp-json\/wp\/v2\/media?parent=12464"}],"wp:term":[{"taxonomy":"category","embeddable":true,"href":"https:\/\/www.alisveriskulupleri.com\/blog\/wp-json\/wp\/v2\/categories?post=12464"},{"taxonomy":"post_tag","embeddable":true,"href":"https:\/\/www.alisveriskulupleri.com\/blog\/wp-json\/wp\/v2\/tags?post=12464"}],"curies":[{"name":"wp","href":"https:\/\/api.w.org\/{rel}","templated":true}]}}