{"id":11692,"date":"2012-03-02T08:49:45","date_gmt":"2012-03-02T06:49:45","guid":{"rendered":"https:\/\/www.alisveriskulupleri.com\/blog\/?p=11692"},"modified":"2012-03-02T08:49:45","modified_gmt":"2012-03-02T06:49:45","slug":"2012-trend-alarmi-pastel-renkler","status":"publish","type":"post","link":"https:\/\/www.alisveriskulupleri.com\/blog\/2012-trend-alarmi-pastel-renkler.html","title":{"rendered":"2012 trend alarm\u0131; pastel renkler!"},"content":{"rendered":"<p><a href=\"https:\/\/www.alisveriskulupleri.com\/blog\/uploads\/2012\/03\/2012-trend-alarmi-pastel-renkler1.jpg\"><img loading=\"lazy\" decoding=\"async\" src=\"https:\/\/www.alisveriskulupleri.com\/blog\/uploads\/2012\/03\/2012-trend-alarmi-pastel-renkler1-570x371.jpg\" alt=\"2012 trend alarm\u0131; pastel renkler!\" width=\"570\" height=\"371\" class=\"aligncenter size-medium wp-image-11693\" srcset=\"https:\/\/www.alisveriskulupleri.com\/blog\/uploads\/2012\/03\/2012-trend-alarmi-pastel-renkler1-570x371.jpg 570w, https:\/\/www.alisveriskulupleri.com\/blog\/uploads\/2012\/03\/2012-trend-alarmi-pastel-renkler1.jpg 860w\" sizes=\"auto, (max-width: 570px) 100vw, 570px\" \/><\/a><\/p>\n<h3>Sizler i\u00e7in haz\u0131rlad\u0131\u011f\u0131m\u0131z 2012 pastel renk trendi raporuna mutlaka g\u00f6z at\u0131n!<\/h3>\n<p><a href=\"https:\/\/www.alisveriskulupleri.com\/blog\/uploads\/2012\/03\/2012-trend-alarmi-pastel-renkler2.jpg\"><img loading=\"lazy\" decoding=\"async\" class=\"size-medium wp-image-10957 alignright\" src=\"https:\/\/www.alisveriskulupleri.com\/blog\/uploads\/2012\/03\/2012-trend-alarmi-pastel-renkler2-570x661.jpg\" alt=\"2012 trend alarm\u0131; pastel renkler!\" width=\"274\" height=\"255\" \/><\/a>D\u00fcnyaca \u00fcnl\u00fc modac\u0131lar\u0131n 2012 ilkbahar \u2013 yaz defileleri birer birer ger\u00e7ekle\u015fiyor. Hepsinin ortak noktas\u0131 ise <strong>pastel renkler<\/strong>! <\/p>\n<p>2012 ilkbahar ve yaz mevsiminde <strong>u\u00e7uk maviler, pamuk \u015feker pembeleri, soluk sar\u0131lar, u\u00e7uk nane ye\u015filleri ve kavun turuncular\u0131<\/strong>; \u00e7ocuksu, masum, zarif ve feminen bir havaya b\u00fcr\u00fcnmemiz i\u00e7in bize yard\u0131mc\u0131 olacaklar!<\/p>\n<p>Pastel renkleri hem g\u00fcnl\u00fck k\u0131yafetlerinizde hem de gece elbiselerinizde \u00e7ekinmeden kullanabilirsiniz. U\u00e7uk tonlardaki pastel renkler g\u00fcnd\u00fcz <strong>sade ve sevimli<\/strong> bir g\u00f6r\u00fcn\u00fcme sahip olman\u0131z\u0131 sa\u011flar.  <\/p>\n<p><a href=\"https:\/\/www.alisveriskulupleri.com\/blog\/uploads\/2012\/03\/2012-trend-alarmi-pastel-renkler3.jpg\"><img loading=\"lazy\" decoding=\"async\" src=\"https:\/\/www.alisveriskulupleri.com\/blog\/uploads\/2012\/03\/2012-trend-alarmi-pastel-renkler3-570x857.jpg\" alt=\"2012 trend alarm\u0131; pastel renkler!\" width=\"570\" height=\"857\" class=\"aligncenter size-medium wp-image-11695\" srcset=\"https:\/\/www.alisveriskulupleri.com\/blog\/uploads\/2012\/03\/2012-trend-alarmi-pastel-renkler3-570x857.jpg 570w, https:\/\/www.alisveriskulupleri.com\/blog\/uploads\/2012\/03\/2012-trend-alarmi-pastel-renkler3.jpg 750w\" sizes=\"auto, (max-width: 570px) 100vw, 570px\" \/><\/a><br \/>\n<a href=\"https:\/\/www.alisveriskulupleri.com\/blog\/uploads\/2012\/03\/2012-trend-alarmi-pastel-renkler4.jpg\"><img loading=\"lazy\" decoding=\"async\" src=\"https:\/\/www.alisveriskulupleri.com\/blog\/uploads\/2012\/03\/2012-trend-alarmi-pastel-renkler4-570x857.jpg\" alt=\"2012 trend alarm\u0131; pastel renkler!\" width=\"570\" height=\"857\" class=\"aligncenter size-medium wp-image-11696\" srcset=\"https:\/\/www.alisveriskulupleri.com\/blog\/uploads\/2012\/03\/2012-trend-alarmi-pastel-renkler4-570x857.jpg 570w, https:\/\/www.alisveriskulupleri.com\/blog\/uploads\/2012\/03\/2012-trend-alarmi-pastel-renkler4.jpg 600w\" sizes=\"auto, (max-width: 570px) 100vw, 570px\" \/><\/a><\/p>\n<p>Pastel tonlarda mini etekler, yazl\u0131k mini elbiseler, \u015fortlar, mini ceketler ve tshirtler giyerek ilkbahar\u0131n <strong>hafif, co\u015fkulu, ne\u015feli ve gen\u00e7<\/strong> havas\u0131n\u0131 stilinize kolayl\u0131kla yans\u0131tabilirsiniz.<\/p>\n<p><a href=\"https:\/\/www.alisveriskulupleri.com\/blog\/uploads\/2012\/03\/2012-trend-alarmi-pastel-renkler5.jpg\"><img loading=\"lazy\" decoding=\"async\" src=\"https:\/\/www.alisveriskulupleri.com\/blog\/uploads\/2012\/03\/2012-trend-alarmi-pastel-renkler5-570x854.jpg\" alt=\"2012 trend alarm\u0131; pastel renkler!\" width=\"570\" height=\"854\" class=\"aligncenter size-medium wp-image-11697\" srcset=\"https:\/\/www.alisveriskulupleri.com\/blog\/uploads\/2012\/03\/2012-trend-alarmi-pastel-renkler5-570x854.jpg 570w, https:\/\/www.alisveriskulupleri.com\/blog\/uploads\/2012\/03\/2012-trend-alarmi-pastel-renkler5.jpg 600w\" sizes=\"auto, (max-width: 570px) 100vw, 570px\" \/><\/a><br \/>\n<a href=\"https:\/\/www.alisveriskulupleri.com\/blog\/uploads\/2012\/03\/2012-trend-alarmi-pastel-renkler6.jpeg\"><img loading=\"lazy\" decoding=\"async\" src=\"https:\/\/www.alisveriskulupleri.com\/blog\/uploads\/2012\/03\/2012-trend-alarmi-pastel-renkler6-570x789.jpg\" alt=\"2012 trend alarm\u0131; pastel renkler!\" width=\"570\" height=\"789\" class=\"aligncenter size-medium wp-image-11698\" srcset=\"https:\/\/www.alisveriskulupleri.com\/blog\/uploads\/2012\/03\/2012-trend-alarmi-pastel-renkler6-570x789.jpg 570w, https:\/\/www.alisveriskulupleri.com\/blog\/uploads\/2012\/03\/2012-trend-alarmi-pastel-renkler6.jpeg 600w\" sizes=\"auto, (max-width: 570px) 100vw, 570px\" \/><\/a><\/p>\n<p>Pastel renkleri <strong>gece k\u0131yafetlerinizde<\/strong> kullan\u0131rken ise tercihinizi mutlaka <strong>\u0131\u015f\u0131lt\u0131l\u0131 ya da dantel, \u015fifon ve t\u00fcl gibi ak\u0131\u015fkan kuma\u015flardan<\/strong> yana kullanmal\u0131s\u0131n\u0131z. Pastel tonlarda \u0131\u015f\u0131lt\u0131l\u0131 bir gece elbisesini, hafif simli pastel tonlarda makyaj ile tamamlayarak bir <strong>peri k\u0131z\u0131 g\u00f6r\u00fcn\u00fcm\u00fcne<\/strong> sahip olabilirsiniz.<\/p>\n<p>\u00dcnl\u00fc modaevlerinin 2012 ilkbahar &#8211; yaz koleksiyonlar\u0131nda pastel tonlarda olmas\u0131n\u0131 tercih ettikleri tek \u015fey k\u0131yafetler de\u011fil elbette! Pastel renkli k\u0131yafetlerle uyumlu <strong>\u015feker gibi \u00e7anta, ayakkab\u0131 ve aksesuarlar<\/strong> da, bu yaz kad\u0131nlar\u0131n g\u00f6nl\u00fcn\u00fc fethetmeye haz\u0131r! <\/p>\n<p><a href=\"https:\/\/www.alisveriskulupleri.com\/blog\/uploads\/2012\/03\/2012-trend-alarmi-pastel-renkler7.jpg\"><img loading=\"lazy\" decoding=\"async\" src=\"https:\/\/www.alisveriskulupleri.com\/blog\/uploads\/2012\/03\/2012-trend-alarmi-pastel-renkler7-570x244.jpg\" alt=\"2012 trend alarm\u0131; pastel renkler!\" width=\"570\" height=\"244\" class=\"aligncenter size-medium wp-image-11699\" srcset=\"https:\/\/www.alisveriskulupleri.com\/blog\/uploads\/2012\/03\/2012-trend-alarmi-pastel-renkler7-570x244.jpg 570w, https:\/\/www.alisveriskulupleri.com\/blog\/uploads\/2012\/03\/2012-trend-alarmi-pastel-renkler7.jpg 600w\" sizes=\"auto, (max-width: 570px) 100vw, 570px\" \/><\/a><br \/>\n<a href=\"https:\/\/www.alisveriskulupleri.com\/blog\/uploads\/2012\/03\/2012-trend-alarmi-pastel-renkler8.png\"><img loading=\"lazy\" decoding=\"async\" src=\"https:\/\/www.alisveriskulupleri.com\/blog\/uploads\/2012\/03\/2012-trend-alarmi-pastel-renkler8-570x604.png\" alt=\"2012 trend alarm\u0131; pastel renkler!\" width=\"570\" height=\"604\" class=\"aligncenter size-medium wp-image-11700\" srcset=\"https:\/\/www.alisveriskulupleri.com\/blog\/uploads\/2012\/03\/2012-trend-alarmi-pastel-renkler8-570x604.png 570w, https:\/\/www.alisveriskulupleri.com\/blog\/uploads\/2012\/03\/2012-trend-alarmi-pastel-renkler8.png 600w\" sizes=\"auto, (max-width: 570px) 100vw, 570px\" \/><\/a><br \/>\n<a href=\"https:\/\/www.alisveriskulupleri.com\/blog\/uploads\/2012\/03\/2012-trend-alarmi-pastel-renkler9.jpg\"><img loading=\"lazy\" decoding=\"async\" src=\"https:\/\/www.alisveriskulupleri.com\/blog\/uploads\/2012\/03\/2012-trend-alarmi-pastel-renkler9-570x570.jpg\" alt=\"2012 trend alarm\u0131; pastel renkler!\" width=\"570\" height=\"570\" class=\"aligncenter size-medium wp-image-11701\" srcset=\"https:\/\/www.alisveriskulupleri.com\/blog\/uploads\/2012\/03\/2012-trend-alarmi-pastel-renkler9-570x570.jpg 570w, https:\/\/www.alisveriskulupleri.com\/blog\/uploads\/2012\/03\/2012-trend-alarmi-pastel-renkler9-172x172.jpg 172w, https:\/\/www.alisveriskulupleri.com\/blog\/uploads\/2012\/03\/2012-trend-alarmi-pastel-renkler9-127x127.jpg 127w, https:\/\/www.alisveriskulupleri.com\/blog\/uploads\/2012\/03\/2012-trend-alarmi-pastel-renkler9-239x239.jpg 239w, https:\/\/www.alisveriskulupleri.com\/blog\/uploads\/2012\/03\/2012-trend-alarmi-pastel-renkler9-45x45.jpg 45w, https:\/\/www.alisveriskulupleri.com\/blog\/uploads\/2012\/03\/2012-trend-alarmi-pastel-renkler9.jpg 650w\" sizes=\"auto, (max-width: 570px) 100vw, 570px\" \/><\/a><\/p>\n<p>Pastel tonlar\u0131n ayakkab\u0131 ve \u00e7anta gibi aksesuarlarda kullan\u0131m\u0131nda kimi modaevi k\u0131yafetlerde oldu\u011fu gibi <strong>u\u00e7uk tonlar\u0131<\/strong> tercih ediyorken kimisi de biraz daha <strong>bask\u0131n tonlarla<\/strong> vurucu bir etki yaratmay\u0131 ama\u00e7l\u0131yor.<\/p>\n<p><strong>2012 ilkbahar &#8211; yaz sa\u00e7 ve makyaj trendleri<\/strong> de bu y\u0131l\u0131n modas\u0131 ile birebir \u00f6rt\u00fc\u015f\u00fcyor. 2012 sa\u00e7 ve makyaj trendlerinin en ba\u015f\u0131nda yine <strong>pastel renkler<\/strong> geliyor! <\/p>\n<p><a href=\"https:\/\/www.alisveriskulupleri.com\/blog\/uploads\/2012\/03\/2012-trend-alarmi-pastel-renkler10.jpg\"><img loading=\"lazy\" decoding=\"async\" src=\"https:\/\/www.alisveriskulupleri.com\/blog\/uploads\/2012\/03\/2012-trend-alarmi-pastel-renkler10-570x451.jpg\" alt=\"2012 trend alarm\u0131; pastel renkler!\" width=\"570\" height=\"451\" class=\"aligncenter size-medium wp-image-11702\" srcset=\"https:\/\/www.alisveriskulupleri.com\/blog\/uploads\/2012\/03\/2012-trend-alarmi-pastel-renkler10-570x451.jpg 570w, https:\/\/www.alisveriskulupleri.com\/blog\/uploads\/2012\/03\/2012-trend-alarmi-pastel-renkler10.jpg 700w\" sizes=\"auto, (max-width: 570px) 100vw, 570px\" \/><\/a><br \/>\n<a href=\"https:\/\/www.alisveriskulupleri.com\/blog\/uploads\/2012\/03\/2012-trend-alarmi-pastel-renkler11.jpg\"><img loading=\"lazy\" decoding=\"async\" src=\"https:\/\/www.alisveriskulupleri.com\/blog\/uploads\/2012\/03\/2012-trend-alarmi-pastel-renkler11-570x861.jpg\" alt=\"2012 trend alarm\u0131; pastel renkler!\" width=\"570\" height=\"861\" class=\"aligncenter size-medium wp-image-11713\" srcset=\"https:\/\/www.alisveriskulupleri.com\/blog\/uploads\/2012\/03\/2012-trend-alarmi-pastel-renkler11-570x861.jpg 570w, https:\/\/www.alisveriskulupleri.com\/blog\/uploads\/2012\/03\/2012-trend-alarmi-pastel-renkler11.jpg 600w\" sizes=\"auto, (max-width: 570px) 100vw, 570px\" \/><\/a><\/p>\n<p>Bu y\u0131l <strong>radikal sa\u00e7 renklerini<\/strong> tercih edenler i\u00e7in harika bir y\u0131l! Sa\u00e7\u0131n\u0131z\u0131 pembe, mor, mavi ve hatta mora boyamak istiyorsan\u0131z hi\u00e7 durmay\u0131n <strong>2012 sizin y\u0131l\u0131n\u0131z<\/strong>! <\/p>\n<p>Daha ayaklar\u0131 yere basan sa\u00e7 renklerini tercih edenler ise yo\u011fun ve koyu tonlar yerine <strong>g\u00fcne\u015ften a\u00e7\u0131lm\u0131\u015f gibi duran \u0131\u015f\u0131lt\u0131l\u0131 u\u00e7uk sar\u0131lar\u0131, so\u011fan kabu\u011fu rengini, a\u00e7\u0131k kahverengi ve karamel tonlar\u0131n\u0131<\/strong> deneyebilirler.<\/p>\n<p><a href=\"https:\/\/www.alisveriskulupleri.com\/blog\/uploads\/2012\/03\/2012-trend-alarmi-pastel-renkler12.jpg\"><img loading=\"lazy\" decoding=\"async\" src=\"https:\/\/www.alisveriskulupleri.com\/blog\/uploads\/2012\/03\/2012-trend-alarmi-pastel-renkler12-570x855.jpg\" alt=\"2012 trend alarm\u0131; pastel renkler!\" width=\"570\" height=\"855\" class=\"aligncenter size-medium wp-image-11704\" srcset=\"https:\/\/www.alisveriskulupleri.com\/blog\/uploads\/2012\/03\/2012-trend-alarmi-pastel-renkler12-570x855.jpg 570w, https:\/\/www.alisveriskulupleri.com\/blog\/uploads\/2012\/03\/2012-trend-alarmi-pastel-renkler12.jpg 600w\" sizes=\"auto, (max-width: 570px) 100vw, 570px\" \/><\/a><br \/>\n<a href=\"https:\/\/www.alisveriskulupleri.com\/blog\/uploads\/2012\/03\/2012-trend-alarmi-pastel-renkler13.jpg\"><img loading=\"lazy\" decoding=\"async\" src=\"https:\/\/www.alisveriskulupleri.com\/blog\/uploads\/2012\/03\/2012-trend-alarmi-pastel-renkler13-570x456.jpg\" alt=\"2012 trend alarm\u0131; pastel renkler!\" width=\"570\" height=\"456\" class=\"aligncenter size-medium wp-image-11705\" srcset=\"https:\/\/www.alisveriskulupleri.com\/blog\/uploads\/2012\/03\/2012-trend-alarmi-pastel-renkler13-570x456.jpg 570w, https:\/\/www.alisveriskulupleri.com\/blog\/uploads\/2012\/03\/2012-trend-alarmi-pastel-renkler13.jpg 750w\" sizes=\"auto, (max-width: 570px) 100vw, 570px\" \/><\/a><\/p>\n<p>Sa\u00e7 rengini de\u011fi\u015ftirmeyi d\u00fc\u015f\u00fcnmeyenler ise, <strong>pastel renkli sa\u00e7 aksesuarlar\u0131<\/strong> kullanarak stillerini bu y\u0131l\u0131n trendine adapte edebilirler.<\/p>\n<p><a href=\"https:\/\/www.alisveriskulupleri.com\/blog\/uploads\/2012\/03\/2012-trend-alarmi-pastel-renkler14.jpg\"><img loading=\"lazy\" decoding=\"async\" src=\"https:\/\/www.alisveriskulupleri.com\/blog\/uploads\/2012\/03\/2012-trend-alarmi-pastel-renkler14-570x521.jpg\" alt=\"2012 trend alarm\u0131; pastel renkler!\" width=\"570\" height=\"521\" class=\"aligncenter size-medium wp-image-11706\" srcset=\"https:\/\/www.alisveriskulupleri.com\/blog\/uploads\/2012\/03\/2012-trend-alarmi-pastel-renkler14-570x521.jpg 570w, https:\/\/www.alisveriskulupleri.com\/blog\/uploads\/2012\/03\/2012-trend-alarmi-pastel-renkler14.jpg 600w\" sizes=\"auto, (max-width: 570px) 100vw, 570px\" \/><\/a><\/p>\n<p>Gelelim pastel tonlar\u0131n makyajda kullan\u0131m\u0131na! Bu y\u0131l g\u00fcnd\u00fcz g\u00f6r\u00fcn\u00fcmleri i\u00e7in <strong>duru, mat, ayd\u0131nl\u0131k ve u\u00e7uk tonlarda<\/strong> makyajlar tercih edilmeli. U\u00e7uk mavi, u\u00e7uk ye\u015fil, pudra, u\u00e7uk \u015feftali ve sar\u0131 gibi tonlarda g\u00f6z farlar\u0131 ve yine u\u00e7uk tonlarda kremsi parlak rujlar tercih ederek <strong>2012 g\u00fcnd\u00fcz makyaj\u0131 trendini<\/strong> yakalayabilirsiniz.<\/p>\n<p><a href=\"https:\/\/www.alisveriskulupleri.com\/blog\/uploads\/2012\/03\/2012-trend-alarmi-pastel-renkler15.jpg\"><img loading=\"lazy\" decoding=\"async\" src=\"https:\/\/www.alisveriskulupleri.com\/blog\/uploads\/2012\/03\/2012-trend-alarmi-pastel-renkler15-570x380.jpg\" alt=\"2012 trend alarm\u0131; pastel renkler!\" width=\"570\" height=\"380\" class=\"aligncenter size-medium wp-image-11707\" srcset=\"https:\/\/www.alisveriskulupleri.com\/blog\/uploads\/2012\/03\/2012-trend-alarmi-pastel-renkler15-570x380.jpg 570w, https:\/\/www.alisveriskulupleri.com\/blog\/uploads\/2012\/03\/2012-trend-alarmi-pastel-renkler15.jpg 750w\" sizes=\"auto, (max-width: 570px) 100vw, 570px\" \/><\/a><\/p>\n<p><strong>Gece makyaj\u0131<\/strong> i\u00e7in ise yine u\u00e7uk tonlarda <strong>simli g\u00f6z farlar\u0131 ve pigment farlardan<\/strong> yard\u0131m alabilirsiniz. U\u00e7uk tonlarda pembe, \u015feftali veya nude rujlar\u0131n \u00fczerine mutlaka <strong>simli veya \u015feffaf dudak parlat\u0131c\u0131s\u0131<\/strong> s\u00fcrmelisiniz. Y\u00fcz makyaj\u0131n\u0131z i\u00e7in ise ten renginizle uyumlu tonlarda \u0131\u015f\u0131lt\u0131l\u0131 fond\u00f6ten ve pudralar\u0131 tercih etmenizde yarar var. <\/p>\n<p><a href=\"https:\/\/www.alisveriskulupleri.com\/blog\/uploads\/2012\/03\/2012-trend-alarmi-pastel-renkler16.jpg\"><img loading=\"lazy\" decoding=\"async\" src=\"https:\/\/www.alisveriskulupleri.com\/blog\/uploads\/2012\/03\/2012-trend-alarmi-pastel-renkler16-570x441.jpg\" alt=\"2012 trend alarm\u0131; pastel renkler!\" width=\"570\" height=\"441\" class=\"aligncenter size-medium wp-image-11708\" srcset=\"https:\/\/www.alisveriskulupleri.com\/blog\/uploads\/2012\/03\/2012-trend-alarmi-pastel-renkler16-570x441.jpg 570w, https:\/\/www.alisveriskulupleri.com\/blog\/uploads\/2012\/03\/2012-trend-alarmi-pastel-renkler16.jpg 600w\" sizes=\"auto, (max-width: 570px) 100vw, 570px\" \/><\/a><\/p>\n<p>Kozmetikteki pastel ton \u00e7\u0131lg\u0131nl\u0131\u011f\u0131 bu y\u0131l <strong>oje<\/strong> boyutunda da kendini g\u00f6sterecek. 2012 manik\u00fcr trendi, <strong>g\u00f6kku\u015fa\u011f\u0131<\/strong> bi\u00e7iminde dalgal\u0131 pastel tonlardan olu\u015fan t\u0131rnaklar!<\/p>\n<p><a href=\"https:\/\/www.alisveriskulupleri.com\/blog\/uploads\/2012\/03\/2012-trend-alarmi-pastel-renkler20.jpg\"><img loading=\"lazy\" decoding=\"async\" src=\"https:\/\/www.alisveriskulupleri.com\/blog\/uploads\/2012\/03\/2012-trend-alarmi-pastel-renkler20-570x880.jpg\" alt=\"2012 trend alarm\u0131; pastel renkler!\" width=\"570\" height=\"880\" class=\"aligncenter size-medium wp-image-11712\" srcset=\"https:\/\/www.alisveriskulupleri.com\/blog\/uploads\/2012\/03\/2012-trend-alarmi-pastel-renkler20-570x880.jpg 570w, https:\/\/www.alisveriskulupleri.com\/blog\/uploads\/2012\/03\/2012-trend-alarmi-pastel-renkler20.jpg 750w\" sizes=\"auto, (max-width: 570px) 100vw, 570px\" \/><\/a><\/p>\n<p>2012 pastel trendini daha iyi anlamak ve g\u00f6zlemlemek i\u00e7in pastel renkleri her daim stiline d\u00e2hil eden <strong>Zooey Deschanel <\/strong>gibi \u00fcnl\u00fc Hollywood y\u0131ld\u0131zlar\u0131n\u0131 takip edebilirsiniz!<\/p>\n<p><a href=\"https:\/\/www.alisveriskulupleri.com\/blog\/uploads\/2012\/03\/2012-trend-alarmi-pastel-renkler17.jpg\"><img loading=\"lazy\" decoding=\"async\" src=\"https:\/\/www.alisveriskulupleri.com\/blog\/uploads\/2012\/03\/2012-trend-alarmi-pastel-renkler17-570x379.jpg\" alt=\"2012 trend alarm\u0131; pastel renkler!\" width=\"570\" height=\"379\" class=\"aligncenter size-medium wp-image-11709\" srcset=\"https:\/\/www.alisveriskulupleri.com\/blog\/uploads\/2012\/03\/2012-trend-alarmi-pastel-renkler17-570x379.jpg 570w, https:\/\/www.alisveriskulupleri.com\/blog\/uploads\/2012\/03\/2012-trend-alarmi-pastel-renkler17.jpg 750w\" sizes=\"auto, (max-width: 570px) 100vw, 570px\" \/><\/a><br \/>\n<a href=\"https:\/\/www.alisveriskulupleri.com\/blog\/uploads\/2012\/03\/2012-trend-alarmi-pastel-renkler18.jpg\"><img loading=\"lazy\" decoding=\"async\" src=\"https:\/\/www.alisveriskulupleri.com\/blog\/uploads\/2012\/03\/2012-trend-alarmi-pastel-renkler18-570x395.jpg\" alt=\"2012 trend alarm\u0131; pastel renkler!\" width=\"570\" height=\"395\" class=\"aligncenter size-medium wp-image-11710\" srcset=\"https:\/\/www.alisveriskulupleri.com\/blog\/uploads\/2012\/03\/2012-trend-alarmi-pastel-renkler18-570x395.jpg 570w, https:\/\/www.alisveriskulupleri.com\/blog\/uploads\/2012\/03\/2012-trend-alarmi-pastel-renkler18.jpg 750w\" sizes=\"auto, (max-width: 570px) 100vw, 570px\" \/><\/a><br \/>\n<a href=\"https:\/\/www.alisveriskulupleri.com\/blog\/uploads\/2012\/03\/2012-trend-alarmi-pastel-renkler19.jpg\"><img loading=\"lazy\" decoding=\"async\" src=\"https:\/\/www.alisveriskulupleri.com\/blog\/uploads\/2012\/03\/2012-trend-alarmi-pastel-renkler19-570x550.jpg\" alt=\"2012 trend alarm\u0131; pastel renkler!\" width=\"570\" height=\"550\" class=\"aligncenter size-medium wp-image-11711\" srcset=\"https:\/\/www.alisveriskulupleri.com\/blog\/uploads\/2012\/03\/2012-trend-alarmi-pastel-renkler19-570x550.jpg 570w, https:\/\/www.alisveriskulupleri.com\/blog\/uploads\/2012\/03\/2012-trend-alarmi-pastel-renkler19.jpg 600w\" sizes=\"auto, (max-width: 570px) 100vw, 570px\" \/><\/a><\/p>\n","protected":false},"excerpt":{"rendered":"<p>Sizler i\u00e7in haz\u0131rlad\u0131\u011f\u0131m\u0131z 2012 pastel renk trendi raporuna mutlaka g\u00f6z at\u0131n! D\u00fcnyaca \u00fcnl\u00fc modac\u0131lar\u0131n 2012 ilkbahar \u2013 yaz defileleri birer birer ger\u00e7ekle\u015fiyor. Hepsinin ortak noktas\u0131 ise pastel renkler! 2012 ilkbahar ve yaz mevsiminde u\u00e7uk maviler,<span class=\"theme-excerpt-more\"> [&#8230;] <a href=\"https:\/\/www.alisveriskulupleri.com\/blog\/2012-trend-alarmi-pastel-renkler.html\" title=\"2012 trend alarm\u0131; pastel renkler!\">Read More<\/a><\/span><\/p>\n","protected":false},"author":9,"featured_media":0,"comment_status":"open","ping_status":"closed","sticky":false,"template":"","format":"standard","meta":{"footnotes":""},"categories":[44,26],"tags":[2753,2752,2755,2754,5213,5214,116,1089,452,1709,382,2337,61,2197,2198,2584,1834,2296,2756,47,583,2016],"class_list":["post-11692","post","type-post","status-publish","format-standard","hentry","category-guncel","category-trend-iz","tag-2012-makyaj-trendi","tag-2012-moda-trendi","tag-2012-pastel-renk-trendi","tag-2012-sac-trendi","tag-ayakkabi","tag-canta","tag-elbise","tag-fashion","tag-kiyafet","tag-kozmetik","tag-makyaj","tag-makyaj-stilleri","tag-moda","tag-pastel-renkler","tag-pastel-renkli-elbiseler","tag-pastel-renkli-makyaj","tag-pastel-tonlar","tag-renkli-ayakkabi-modelleri","tag-renkli-canta-modelleri","tag-sac","tag-sac-rengi","tag-zooey-deschanel"],"yoast_head":"<!-- This site is optimized with the Yoast SEO plugin v24.1 - https:\/\/yoast.com\/wordpress\/plugins\/seo\/ -->\n<title>2012 trend alarm\u0131; pastel renkler! - Al\u0131\u015fveri\u015f Kul\u00fcpleri<\/title>\n<meta name=\"robots\" content=\"index, follow, max-snippet:-1, max-image-preview:large, max-video-preview:-1\" \/>\n<link rel=\"canonical\" href=\"https:\/\/www.alisveriskulupleri.com\/blog\/2012-trend-alarmi-pastel-renkler.html\" \/>\n<meta property=\"og:locale\" content=\"tr_TR\" \/>\n<meta property=\"og:type\" content=\"article\" \/>\n<meta property=\"og:title\" content=\"2012 trend alarm\u0131; pastel renkler! - Al\u0131\u015fveri\u015f Kul\u00fcpleri\" \/>\n<meta property=\"og:description\" content=\"Sizler i\u00e7in haz\u0131rlad\u0131\u011f\u0131m\u0131z 2012 pastel renk trendi raporuna mutlaka g\u00f6z at\u0131n! D\u00fcnyaca \u00fcnl\u00fc modac\u0131lar\u0131n 2012 ilkbahar \u2013 yaz defileleri birer birer ger\u00e7ekle\u015fiyor. Hepsinin ortak noktas\u0131 ise pastel renkler! 2012 ilkbahar ve yaz mevsiminde u\u00e7uk maviler, [...] Read More\" \/>\n<meta property=\"og:url\" content=\"https:\/\/www.alisveriskulupleri.com\/blog\/2012-trend-alarmi-pastel-renkler.html\" \/>\n<meta property=\"og:site_name\" content=\"Al\u0131\u015fveri\u015f Kul\u00fcpleri\" \/>\n<meta property=\"article:publisher\" content=\"https:\/\/www.facebook.com\/alisveriskulupleri\" \/>\n<meta property=\"article:published_time\" content=\"2012-03-02T06:49:45+00:00\" \/>\n<meta property=\"og:image\" content=\"https:\/\/www.alisveriskulupleri.com\/blog\/uploads\/2012\/03\/2012-trend-alarmi-pastel-renkler1-570x371.jpg\" \/>\n<meta name=\"author\" content=\"Meltem \u015eafak\" \/>\n<meta name=\"twitter:card\" content=\"summary_large_image\" \/>\n<meta name=\"twitter:creator\" content=\"@http:\/\/twitter.com\/#!\/pisijane\" \/>\n<meta name=\"twitter:site\" content=\"@akulupleri\" \/>\n<meta name=\"twitter:label1\" content=\"Yazan:\" \/>\n\t<meta name=\"twitter:data1\" content=\"Meltem \u015eafak\" \/>\n\t<meta name=\"twitter:label2\" content=\"Tahmini okuma s\u00fcresi\" \/>\n\t<meta name=\"twitter:data2\" content=\"3 dakika\" \/>\n<script type=\"application\/ld+json\" class=\"yoast-schema-graph\">{\"@context\":\"https:\/\/schema.org\",\"@graph\":[{\"@type\":\"WebPage\",\"@id\":\"https:\/\/www.alisveriskulupleri.com\/blog\/2012-trend-alarmi-pastel-renkler.html\",\"url\":\"https:\/\/www.alisveriskulupleri.com\/blog\/2012-trend-alarmi-pastel-renkler.html\",\"name\":\"2012 trend alarm\u0131; pastel renkler! - Al\u0131\u015fveri\u015f Kul\u00fcpleri\",\"isPartOf\":{\"@id\":\"https:\/\/www.alisveriskulupleri.com\/blog\/#website\"},\"primaryImageOfPage\":{\"@id\":\"https:\/\/www.alisveriskulupleri.com\/blog\/2012-trend-alarmi-pastel-renkler.html#primaryimage\"},\"image\":{\"@id\":\"https:\/\/www.alisveriskulupleri.com\/blog\/2012-trend-alarmi-pastel-renkler.html#primaryimage\"},\"thumbnailUrl\":\"https:\/\/www.alisveriskulupleri.com\/blog\/uploads\/2012\/03\/2012-trend-alarmi-pastel-renkler1-570x371.jpg\",\"datePublished\":\"2012-03-02T06:49:45+00:00\",\"dateModified\":\"2012-03-02T06:49:45+00:00\",\"author\":{\"@id\":\"https:\/\/www.alisveriskulupleri.com\/blog\/#\/schema\/person\/1e720746ccc4457a55d6c121a8e60ad5\"},\"breadcrumb\":{\"@id\":\"https:\/\/www.alisveriskulupleri.com\/blog\/2012-trend-alarmi-pastel-renkler.html#breadcrumb\"},\"inLanguage\":\"tr\",\"potentialAction\":[{\"@type\":\"ReadAction\",\"target\":[\"https:\/\/www.alisveriskulupleri.com\/blog\/2012-trend-alarmi-pastel-renkler.html\"]}]},{\"@type\":\"ImageObject\",\"inLanguage\":\"tr\",\"@id\":\"https:\/\/www.alisveriskulupleri.com\/blog\/2012-trend-alarmi-pastel-renkler.html#primaryimage\",\"url\":\"https:\/\/www.alisveriskulupleri.com\/blog\/uploads\/2012\/03\/2012-trend-alarmi-pastel-renkler1.jpg\",\"contentUrl\":\"https:\/\/www.alisveriskulupleri.com\/blog\/uploads\/2012\/03\/2012-trend-alarmi-pastel-renkler1.jpg\",\"width\":\"860\",\"height\":\"560\",\"caption\":\"2012 trend alarm\u0131; pastel renkler!\"},{\"@type\":\"BreadcrumbList\",\"@id\":\"https:\/\/www.alisveriskulupleri.com\/blog\/2012-trend-alarmi-pastel-renkler.html#breadcrumb\",\"itemListElement\":[{\"@type\":\"ListItem\",\"position\":1,\"name\":\"Ana sayfa\",\"item\":\"https:\/\/www.alisveriskulupleri.com\/blog\/\"},{\"@type\":\"ListItem\",\"position\":2,\"name\":\"2012 trend alarm\u0131; pastel renkler!\"}]},{\"@type\":\"WebSite\",\"@id\":\"https:\/\/www.alisveriskulupleri.com\/blog\/#website\",\"url\":\"https:\/\/www.alisveriskulupleri.com\/blog\/\",\"name\":\"Al\u0131\u015fveri\u015f Kul\u00fcpleri\",\"description\":\"\",\"potentialAction\":[{\"@type\":\"SearchAction\",\"target\":{\"@type\":\"EntryPoint\",\"urlTemplate\":\"https:\/\/www.alisveriskulupleri.com\/blog\/?s={search_term_string}\"},\"query-input\":{\"@type\":\"PropertyValueSpecification\",\"valueRequired\":true,\"valueName\":\"search_term_string\"}}],\"inLanguage\":\"tr\"},{\"@type\":\"Person\",\"@id\":\"https:\/\/www.alisveriskulupleri.com\/blog\/#\/schema\/person\/1e720746ccc4457a55d6c121a8e60ad5\",\"name\":\"Meltem \u015eafak\",\"image\":{\"@type\":\"ImageObject\",\"inLanguage\":\"tr\",\"@id\":\"https:\/\/www.alisveriskulupleri.com\/blog\/#\/schema\/person\/image\/\",\"url\":\"https:\/\/secure.gravatar.com\/avatar\/61ceafb22dfb2a2257ff39bbf99edb74?s=96&d=mm&r=g\",\"contentUrl\":\"https:\/\/secure.gravatar.com\/avatar\/61ceafb22dfb2a2257ff39bbf99edb74?s=96&d=mm&r=g\",\"caption\":\"Meltem \u015eafak\"},\"description\":\"Anadolu \u00dcniversitesi Reklamc\u0131l\u0131k &amp; Halkla \u0130li\u015fkiler mezunu, evli ve 2 kedi annesi bir edit\u00f6r\u00fcm:) Kozmetik, moda ve al\u0131\u015fveri\u015f tutkunuyum! Merakl\u0131 bir Ko\u00e7 burcu olarak g\u00fcndemi takip etmek ve en ilgin\u00e7 ipu\u00e7lar\u0131n\u0131 bulup payla\u015fmak benim i\u00e7in bir hobi. E\u011flenceli ve aa aa! dedirten \u015feyler okumak i\u00e7in beni takip edin!\",\"sameAs\":[\"https:\/\/x.com\/http:\/\/twitter.com\/#!\/pisijane\"],\"url\":\"https:\/\/www.alisveriskulupleri.com\/blog\/author\/meltem\"}]}<\/script>\n<!-- \/ Yoast SEO plugin. -->","yoast_head_json":{"title":"2012 trend alarm\u0131; pastel renkler! - Al\u0131\u015fveri\u015f Kul\u00fcpleri","robots":{"index":"index","follow":"follow","max-snippet":"max-snippet:-1","max-image-preview":"max-image-preview:large","max-video-preview":"max-video-preview:-1"},"canonical":"https:\/\/www.alisveriskulupleri.com\/blog\/2012-trend-alarmi-pastel-renkler.html","og_locale":"tr_TR","og_type":"article","og_title":"2012 trend alarm\u0131; pastel renkler! - Al\u0131\u015fveri\u015f Kul\u00fcpleri","og_description":"Sizler i\u00e7in haz\u0131rlad\u0131\u011f\u0131m\u0131z 2012 pastel renk trendi raporuna mutlaka g\u00f6z at\u0131n! D\u00fcnyaca \u00fcnl\u00fc modac\u0131lar\u0131n 2012 ilkbahar \u2013 yaz defileleri birer birer ger\u00e7ekle\u015fiyor. Hepsinin ortak noktas\u0131 ise pastel renkler! 2012 ilkbahar ve yaz mevsiminde u\u00e7uk maviler, [...] Read More","og_url":"https:\/\/www.alisveriskulupleri.com\/blog\/2012-trend-alarmi-pastel-renkler.html","og_site_name":"Al\u0131\u015fveri\u015f Kul\u00fcpleri","article_publisher":"https:\/\/www.facebook.com\/alisveriskulupleri","article_published_time":"2012-03-02T06:49:45+00:00","og_image":[{"url":"https:\/\/www.alisveriskulupleri.com\/blog\/uploads\/2012\/03\/2012-trend-alarmi-pastel-renkler1-570x371.jpg","type":"","width":"","height":""}],"author":"Meltem \u015eafak","twitter_card":"summary_large_image","twitter_creator":"@http:\/\/twitter.com\/#!\/pisijane","twitter_site":"@akulupleri","twitter_misc":{"Yazan:":"Meltem \u015eafak","Tahmini okuma s\u00fcresi":"3 dakika"},"schema":{"@context":"https:\/\/schema.org","@graph":[{"@type":"WebPage","@id":"https:\/\/www.alisveriskulupleri.com\/blog\/2012-trend-alarmi-pastel-renkler.html","url":"https:\/\/www.alisveriskulupleri.com\/blog\/2012-trend-alarmi-pastel-renkler.html","name":"2012 trend alarm\u0131; pastel renkler! - Al\u0131\u015fveri\u015f Kul\u00fcpleri","isPartOf":{"@id":"https:\/\/www.alisveriskulupleri.com\/blog\/#website"},"primaryImageOfPage":{"@id":"https:\/\/www.alisveriskulupleri.com\/blog\/2012-trend-alarmi-pastel-renkler.html#primaryimage"},"image":{"@id":"https:\/\/www.alisveriskulupleri.com\/blog\/2012-trend-alarmi-pastel-renkler.html#primaryimage"},"thumbnailUrl":"https:\/\/www.alisveriskulupleri.com\/blog\/uploads\/2012\/03\/2012-trend-alarmi-pastel-renkler1-570x371.jpg","datePublished":"2012-03-02T06:49:45+00:00","dateModified":"2012-03-02T06:49:45+00:00","author":{"@id":"https:\/\/www.alisveriskulupleri.com\/blog\/#\/schema\/person\/1e720746ccc4457a55d6c121a8e60ad5"},"breadcrumb":{"@id":"https:\/\/www.alisveriskulupleri.com\/blog\/2012-trend-alarmi-pastel-renkler.html#breadcrumb"},"inLanguage":"tr","potentialAction":[{"@type":"ReadAction","target":["https:\/\/www.alisveriskulupleri.com\/blog\/2012-trend-alarmi-pastel-renkler.html"]}]},{"@type":"ImageObject","inLanguage":"tr","@id":"https:\/\/www.alisveriskulupleri.com\/blog\/2012-trend-alarmi-pastel-renkler.html#primaryimage","url":"https:\/\/www.alisveriskulupleri.com\/blog\/uploads\/2012\/03\/2012-trend-alarmi-pastel-renkler1.jpg","contentUrl":"https:\/\/www.alisveriskulupleri.com\/blog\/uploads\/2012\/03\/2012-trend-alarmi-pastel-renkler1.jpg","width":"860","height":"560","caption":"2012 trend alarm\u0131; pastel renkler!"},{"@type":"BreadcrumbList","@id":"https:\/\/www.alisveriskulupleri.com\/blog\/2012-trend-alarmi-pastel-renkler.html#breadcrumb","itemListElement":[{"@type":"ListItem","position":1,"name":"Ana sayfa","item":"https:\/\/www.alisveriskulupleri.com\/blog\/"},{"@type":"ListItem","position":2,"name":"2012 trend alarm\u0131; pastel renkler!"}]},{"@type":"WebSite","@id":"https:\/\/www.alisveriskulupleri.com\/blog\/#website","url":"https:\/\/www.alisveriskulupleri.com\/blog\/","name":"Al\u0131\u015fveri\u015f Kul\u00fcpleri","description":"","potentialAction":[{"@type":"SearchAction","target":{"@type":"EntryPoint","urlTemplate":"https:\/\/www.alisveriskulupleri.com\/blog\/?s={search_term_string}"},"query-input":{"@type":"PropertyValueSpecification","valueRequired":true,"valueName":"search_term_string"}}],"inLanguage":"tr"},{"@type":"Person","@id":"https:\/\/www.alisveriskulupleri.com\/blog\/#\/schema\/person\/1e720746ccc4457a55d6c121a8e60ad5","name":"Meltem \u015eafak","image":{"@type":"ImageObject","inLanguage":"tr","@id":"https:\/\/www.alisveriskulupleri.com\/blog\/#\/schema\/person\/image\/","url":"https:\/\/secure.gravatar.com\/avatar\/61ceafb22dfb2a2257ff39bbf99edb74?s=96&d=mm&r=g","contentUrl":"https:\/\/secure.gravatar.com\/avatar\/61ceafb22dfb2a2257ff39bbf99edb74?s=96&d=mm&r=g","caption":"Meltem \u015eafak"},"description":"Anadolu \u00dcniversitesi Reklamc\u0131l\u0131k &amp; Halkla \u0130li\u015fkiler mezunu, evli ve 2 kedi annesi bir edit\u00f6r\u00fcm:) Kozmetik, moda ve al\u0131\u015fveri\u015f tutkunuyum! Merakl\u0131 bir Ko\u00e7 burcu olarak g\u00fcndemi takip etmek ve en ilgin\u00e7 ipu\u00e7lar\u0131n\u0131 bulup payla\u015fmak benim i\u00e7in bir hobi. E\u011flenceli ve aa aa! dedirten \u015feyler okumak i\u00e7in beni takip edin!","sameAs":["https:\/\/x.com\/http:\/\/twitter.com\/#!\/pisijane"],"url":"https:\/\/www.alisveriskulupleri.com\/blog\/author\/meltem"}]}},"_links":{"self":[{"href":"https:\/\/www.alisveriskulupleri.com\/blog\/wp-json\/wp\/v2\/posts\/11692","targetHints":{"allow":["GET"]}}],"collection":[{"href":"https:\/\/www.alisveriskulupleri.com\/blog\/wp-json\/wp\/v2\/posts"}],"about":[{"href":"https:\/\/www.alisveriskulupleri.com\/blog\/wp-json\/wp\/v2\/types\/post"}],"author":[{"embeddable":true,"href":"https:\/\/www.alisveriskulupleri.com\/blog\/wp-json\/wp\/v2\/users\/9"}],"replies":[{"embeddable":true,"href":"https:\/\/www.alisveriskulupleri.com\/blog\/wp-json\/wp\/v2\/comments?post=11692"}],"version-history":[{"count":9,"href":"https:\/\/www.alisveriskulupleri.com\/blog\/wp-json\/wp\/v2\/posts\/11692\/revisions"}],"predecessor-version":[{"id":11780,"href":"https:\/\/www.alisveriskulupleri.com\/blog\/wp-json\/wp\/v2\/posts\/11692\/revisions\/11780"}],"wp:attachment":[{"href":"https:\/\/www.alisveriskulupleri.com\/blog\/wp-json\/wp\/v2\/media?parent=11692"}],"wp:term":[{"taxonomy":"category","embeddable":true,"href":"https:\/\/www.alisveriskulupleri.com\/blog\/wp-json\/wp\/v2\/categories?post=11692"},{"taxonomy":"post_tag","embeddable":true,"href":"https:\/\/www.alisveriskulupleri.com\/blog\/wp-json\/wp\/v2\/tags?post=11692"}],"curies":[{"name":"wp","href":"https:\/\/api.w.org\/{rel}","templated":true}]}}