{"id":1073,"date":"2010-12-10T19:11:09","date_gmt":"2010-12-10T16:11:09","guid":{"rendered":"https:\/\/www.alisveriskulupleri.com\/blog\/?p=1073"},"modified":"2010-12-13T15:51:47","modified_gmt":"2010-12-13T12:51:47","slug":"aromatik-yaglarla-sac-ve-kirpik-bakimi","status":"publish","type":"post","link":"https:\/\/www.alisveriskulupleri.com\/blog\/aromatik-yaglarla-sac-ve-kirpik-bakimi.html","title":{"rendered":"Aromatik ya\u011flarla sa\u00e7 ve kirpik bak\u0131m\u0131"},"content":{"rendered":"<p><a href=\"https:\/\/www.alisveriskulupleri.com\/blog\/uploads\/2010\/12\/aromatik-yaglarla-sac-ve-kirpik-bakimi-1.jpg\"><img loading=\"lazy\" decoding=\"async\" class=\"aligncenter size-medium wp-image-1185\" title=\"aromatik-yaglarla-sac-ve-kirpik-bakimi\" src=\"https:\/\/www.alisveriskulupleri.com\/blog\/uploads\/2010\/12\/aromatik-yaglarla-sac-ve-kirpik-bakimi-1-570x379.jpg\" alt=\"\" width=\"570\" height=\"379\" srcset=\"https:\/\/www.alisveriskulupleri.com\/blog\/uploads\/2010\/12\/aromatik-yaglarla-sac-ve-kirpik-bakimi-1-570x379.jpg 570w, https:\/\/www.alisveriskulupleri.com\/blog\/uploads\/2010\/12\/aromatik-yaglarla-sac-ve-kirpik-bakimi-1.jpg 849w\" sizes=\"auto, (max-width: 570px) 100vw, 570px\" \/><\/a><\/p>\n<h3>D\u00fc\u015f\u00fck maliyet ve h\u0131zl\u0131 sonu\u00e7la; uzun, dolgun kirpikler, parlak ve canl\u0131 sa\u00e7lar!<\/h3>\n<p>Nas\u0131l m\u0131? Bu sorunun cevab\u0131 aromaterapide sakl\u0131. Yani bitkisel ya\u011flar kullan\u0131larak yap\u0131lan tedavi ve bak\u0131mda&#8230;<\/p>\n<p><a href=\"https:\/\/www.alisveriskulupleri.com\/blog\/uploads\/2010\/12\/aromatik-yaglarla-sac-ve-kirpik-bakimi-3.jpg\"><img loading=\"lazy\" decoding=\"async\" class=\"aligncenter size-medium wp-image-1191\" title=\"aromatik-yaglarla-sac-ve-kirpik-bakimi-3\" src=\"https:\/\/www.alisveriskulupleri.com\/blog\/uploads\/2010\/12\/aromatik-yaglarla-sac-ve-kirpik-bakimi-3-570x313.jpg\" alt=\"\" width=\"570\" height=\"313\" srcset=\"https:\/\/www.alisveriskulupleri.com\/blog\/uploads\/2010\/12\/aromatik-yaglarla-sac-ve-kirpik-bakimi-3-570x313.jpg 570w, https:\/\/www.alisveriskulupleri.com\/blog\/uploads\/2010\/12\/aromatik-yaglarla-sac-ve-kirpik-bakimi-3.jpg 868w\" sizes=\"auto, (max-width: 570px) 100vw, 570px\" \/><\/a><\/p>\n<p>Tatl\u0131 badem ya\u011f\u0131n\u0131n \u015f\u00f6hretini duymayan yoktur. Aktarlar genellikle bu ya\u011f\u0131 ba\u015fka ya\u011flarla g\u00fc\u00e7lendirerek sa\u00e7a uygulamay\u0131 tavsiye ediyor. Ama badem ya\u011f\u0131 tek ba\u015f\u0131na bile \u00e7ok etkili. Sa\u00e7 diplerinize s\u00fcr\u00fcp bir iki saat bekleyin, hatta ya\u011f\u0131n \u00e7abuk u\u00e7mamas\u0131 i\u00e7in ba\u015f\u0131n\u0131za bir bone ge\u00e7irin ve sa\u00e7lar\u0131n\u0131z\u0131 s\u0131k\u0131ca kapay\u0131n. Sonras\u0131nda y\u0131kay\u0131n. Sonu\u00e7: G\u00fc\u00e7l\u00fc, parlak ve bak\u0131ml\u0131 sa\u00e7lar&#8230;<\/p>\n<p><a href=\"https:\/\/www.alisveriskulupleri.com\/blog\/uploads\/2010\/12\/aromatik-yaglarla-sac-ve-kirpik-bakimi1.jpg\"><img loading=\"lazy\" decoding=\"async\" class=\"aligncenter size-full wp-image-1076\" src=\"https:\/\/www.alisveriskulupleri.com\/blog\/uploads\/2010\/12\/aromatik-yaglarla-sac-ve-kirpik-bakimi1.jpg\" alt=\"\" width=\"500\" height=\"333\" \/><\/a><\/p>\n<p><a href=\"https:\/\/www.alisveriskulupleri.com\/blog\/uploads\/2010\/12\/aromatik-yaglarla-sac-ve-kirpik-bakimi-4.jpg\"><img loading=\"lazy\" decoding=\"async\" class=\"aligncenter size-medium wp-image-1192\" title=\"female face with long beauty hair\" src=\"https:\/\/www.alisveriskulupleri.com\/blog\/uploads\/2010\/12\/aromatik-yaglarla-sac-ve-kirpik-bakimi-4-570x378.jpg\" alt=\"\" width=\"570\" height=\"378\" srcset=\"https:\/\/www.alisveriskulupleri.com\/blog\/uploads\/2010\/12\/aromatik-yaglarla-sac-ve-kirpik-bakimi-4-570x378.jpg 570w, https:\/\/www.alisveriskulupleri.com\/blog\/uploads\/2010\/12\/aromatik-yaglarla-sac-ve-kirpik-bakimi-4.jpg 850w\" sizes=\"auto, (max-width: 570px) 100vw, 570px\" \/><\/a><\/p>\n<p><a href=\"https:\/\/www.alisveriskulupleri.com\/blog\/uploads\/2010\/12\/aromatik-yaglarla-sac-ve-kirpik-bakimi-2.jpg\"><img loading=\"lazy\" decoding=\"async\" class=\"aligncenter size-medium wp-image-1187\" title=\"aromatik-yaglarla-sac-ve-kirpik-bakimi-2\" src=\"https:\/\/www.alisveriskulupleri.com\/blog\/uploads\/2010\/12\/aromatik-yaglarla-sac-ve-kirpik-bakimi-2-570x862.jpg\" alt=\"\" width=\"570\" height=\"862\" srcset=\"https:\/\/www.alisveriskulupleri.com\/blog\/uploads\/2010\/12\/aromatik-yaglarla-sac-ve-kirpik-bakimi-2-570x862.jpg 570w, https:\/\/www.alisveriskulupleri.com\/blog\/uploads\/2010\/12\/aromatik-yaglarla-sac-ve-kirpik-bakimi-2.jpg 750w\" sizes=\"auto, (max-width: 570px) 100vw, 570px\" \/><\/a><\/p>\n<p>Kirpikleri de ihmal etmiyoruz tabii; sa\u00e7 k\u0131ran ve sa\u00e7 d\u00f6k\u00fclmesi gibi durumlarda olduk\u00e7a etkili olan bu bitkisel ya\u011f; kirpiklerin de bir numaral\u0131 dostu&#8230; Kulak temizleme \u00e7ubu\u011fu ile gece yatmadan \u00f6nce kirpiklerinizin dibinden ucuna do\u011fru hint ya\u011f\u0131 s\u00fcrd\u00fc\u011f\u00fcn\u00fczde, bir s\u00fcre sonra daha g\u00fcr ve uzun kirpiklere sahip oldu\u011funuzu g\u00f6receksiniz.<\/p>\n<p><a href=\"https:\/\/www.alisveriskulupleri.com\/blog\/uploads\/2010\/12\/aromatik-yaglarla-sac-ve-kirpik-bakimi-5.jpg\"><img loading=\"lazy\" decoding=\"async\" class=\"aligncenter size-medium wp-image-1193\" title=\"Human eye on blue background (shallow DoF)\" src=\"https:\/\/www.alisveriskulupleri.com\/blog\/uploads\/2010\/12\/aromatik-yaglarla-sac-ve-kirpik-bakimi-5-570x402.jpg\" alt=\"\" width=\"570\" height=\"402\" srcset=\"https:\/\/www.alisveriskulupleri.com\/blog\/uploads\/2010\/12\/aromatik-yaglarla-sac-ve-kirpik-bakimi-5-570x402.jpg 570w, https:\/\/www.alisveriskulupleri.com\/blog\/uploads\/2010\/12\/aromatik-yaglarla-sac-ve-kirpik-bakimi-5.jpg 1280w\" sizes=\"auto, (max-width: 570px) 100vw, 570px\" \/><\/a><\/p>\n<p><a href=\"https:\/\/www.alisveriskulupleri.com\/blog\/uploads\/2010\/12\/aromatik-yaglarla-sac-ve-kirpik-bakimi7.jpg\"><img loading=\"lazy\" decoding=\"async\" class=\"aligncenter size-medium wp-image-1084\" src=\"https:\/\/www.alisveriskulupleri.com\/blog\/uploads\/2010\/12\/aromatik-yaglarla-sac-ve-kirpik-bakimi7-570x427.jpg\" alt=\"\" width=\"570\" height=\"427\" \/><\/a><\/p>\n","protected":false},"excerpt":{"rendered":"<p>D\u00fc\u015f\u00fck maliyet ve h\u0131zl\u0131 sonu\u00e7la; uzun, dolgun kirpikler, parlak ve canl\u0131 sa\u00e7lar! Nas\u0131l m\u0131? Bu sorunun cevab\u0131 aromaterapide sakl\u0131. Yani bitkisel ya\u011flar kullan\u0131larak yap\u0131lan tedavi ve bak\u0131mda&#8230; Tatl\u0131 badem ya\u011f\u0131n\u0131n \u015f\u00f6hretini duymayan yoktur. Aktarlar genellikle<span class=\"theme-excerpt-more\"> [&#8230;] <a href=\"https:\/\/www.alisveriskulupleri.com\/blog\/aromatik-yaglarla-sac-ve-kirpik-bakimi.html\" title=\"Aromatik ya\u011flarla sa\u00e7 ve kirpik bak\u0131m\u0131\">Read More<\/a><\/span><\/p>\n","protected":false},"author":3,"featured_media":0,"comment_status":"open","ping_status":"open","sticky":false,"template":"","format":"standard","meta":{"footnotes":""},"categories":[32],"tags":[261,258,249,251,250,256,257,254,259,255,263,262,260,174,253,252,264],"class_list":["post-1073","post","type-post","status-publish","format-standard","hentry","category-guzel-iz","tag-aromatik-sac-bakim","tag-aromatik-yaglar","tag-badem-yagi","tag-badem-yagi-faydalari","tag-badem-yagi-sac","tag-bitkisel-cozum","tag-bitkisel-tedavi","tag-hint-yagi","tag-hint-yagi-faydalari","tag-hint-yagi-kirpik","tag-kirpik-uzatma","tag-sac-bakim-kuru","tag-sac-bakim-yaglari","tag-sac-bakimi","tag-saca-badem-yagi","tag-tatli-badem-yagi","tag-tatli-badem-yagi-fayda"],"yoast_head":"<!-- This site is optimized with the Yoast SEO plugin v24.1 - https:\/\/yoast.com\/wordpress\/plugins\/seo\/ -->\n<title>Aromatik ya\u011flarla sa\u00e7 ve kirpik bak\u0131m\u0131 - Al\u0131\u015fveri\u015f Kul\u00fcpleri<\/title>\n<meta name=\"robots\" content=\"index, follow, max-snippet:-1, max-image-preview:large, max-video-preview:-1\" \/>\n<link rel=\"canonical\" href=\"https:\/\/www.alisveriskulupleri.com\/blog\/aromatik-yaglarla-sac-ve-kirpik-bakimi.html\" \/>\n<meta property=\"og:locale\" content=\"tr_TR\" \/>\n<meta property=\"og:type\" content=\"article\" \/>\n<meta property=\"og:title\" content=\"Aromatik ya\u011flarla sa\u00e7 ve kirpik bak\u0131m\u0131 - Al\u0131\u015fveri\u015f Kul\u00fcpleri\" \/>\n<meta property=\"og:description\" content=\"D\u00fc\u015f\u00fck maliyet ve h\u0131zl\u0131 sonu\u00e7la; uzun, dolgun kirpikler, parlak ve canl\u0131 sa\u00e7lar! Nas\u0131l m\u0131? Bu sorunun cevab\u0131 aromaterapide sakl\u0131. Yani bitkisel ya\u011flar kullan\u0131larak yap\u0131lan tedavi ve bak\u0131mda&#8230; Tatl\u0131 badem ya\u011f\u0131n\u0131n \u015f\u00f6hretini duymayan yoktur. Aktarlar genellikle [...] Read More\" \/>\n<meta property=\"og:url\" content=\"https:\/\/www.alisveriskulupleri.com\/blog\/aromatik-yaglarla-sac-ve-kirpik-bakimi.html\" \/>\n<meta property=\"og:site_name\" content=\"Al\u0131\u015fveri\u015f Kul\u00fcpleri\" \/>\n<meta property=\"article:publisher\" content=\"https:\/\/www.facebook.com\/alisveriskulupleri\" \/>\n<meta property=\"article:published_time\" content=\"2010-12-10T16:11:09+00:00\" \/>\n<meta property=\"article:modified_time\" content=\"2010-12-13T12:51:47+00:00\" \/>\n<meta property=\"og:image\" content=\"https:\/\/www.alisveriskulupleri.com\/blog\/uploads\/2010\/12\/aromatik-yaglarla-sac-ve-kirpik-bakimi-1-570x379.jpg\" \/>\n<meta name=\"author\" content=\"evren\" \/>\n<meta name=\"twitter:card\" content=\"summary_large_image\" \/>\n<meta name=\"twitter:creator\" content=\"@akulupleri\" \/>\n<meta name=\"twitter:site\" content=\"@akulupleri\" \/>\n<meta name=\"twitter:label1\" content=\"Yazan:\" \/>\n\t<meta name=\"twitter:data1\" content=\"evren\" \/>\n\t<meta name=\"twitter:label2\" content=\"Tahmini okuma s\u00fcresi\" \/>\n\t<meta name=\"twitter:data2\" content=\"1 dakika\" \/>\n<script type=\"application\/ld+json\" class=\"yoast-schema-graph\">{\"@context\":\"https:\/\/schema.org\",\"@graph\":[{\"@type\":\"WebPage\",\"@id\":\"https:\/\/www.alisveriskulupleri.com\/blog\/aromatik-yaglarla-sac-ve-kirpik-bakimi.html\",\"url\":\"https:\/\/www.alisveriskulupleri.com\/blog\/aromatik-yaglarla-sac-ve-kirpik-bakimi.html\",\"name\":\"Aromatik ya\u011flarla sa\u00e7 ve kirpik bak\u0131m\u0131 - Al\u0131\u015fveri\u015f Kul\u00fcpleri\",\"isPartOf\":{\"@id\":\"https:\/\/www.alisveriskulupleri.com\/blog\/#website\"},\"primaryImageOfPage\":{\"@id\":\"https:\/\/www.alisveriskulupleri.com\/blog\/aromatik-yaglarla-sac-ve-kirpik-bakimi.html#primaryimage\"},\"image\":{\"@id\":\"https:\/\/www.alisveriskulupleri.com\/blog\/aromatik-yaglarla-sac-ve-kirpik-bakimi.html#primaryimage\"},\"thumbnailUrl\":\"https:\/\/www.alisveriskulupleri.com\/blog\/uploads\/2010\/12\/aromatik-yaglarla-sac-ve-kirpik-bakimi-1-570x379.jpg\",\"datePublished\":\"2010-12-10T16:11:09+00:00\",\"dateModified\":\"2010-12-13T12:51:47+00:00\",\"author\":{\"@id\":\"https:\/\/www.alisveriskulupleri.com\/blog\/#\/schema\/person\/d54793cb03b6396f594bc00fad82ca59\"},\"breadcrumb\":{\"@id\":\"https:\/\/www.alisveriskulupleri.com\/blog\/aromatik-yaglarla-sac-ve-kirpik-bakimi.html#breadcrumb\"},\"inLanguage\":\"tr\",\"potentialAction\":[{\"@type\":\"ReadAction\",\"target\":[\"https:\/\/www.alisveriskulupleri.com\/blog\/aromatik-yaglarla-sac-ve-kirpik-bakimi.html\"]}]},{\"@type\":\"ImageObject\",\"inLanguage\":\"tr\",\"@id\":\"https:\/\/www.alisveriskulupleri.com\/blog\/aromatik-yaglarla-sac-ve-kirpik-bakimi.html#primaryimage\",\"url\":\"https:\/\/www.alisveriskulupleri.com\/blog\/uploads\/2010\/12\/aromatik-yaglarla-sac-ve-kirpik-bakimi-1.jpg\",\"contentUrl\":\"https:\/\/www.alisveriskulupleri.com\/blog\/uploads\/2010\/12\/aromatik-yaglarla-sac-ve-kirpik-bakimi-1.jpg\",\"width\":\"849\",\"height\":\"565\"},{\"@type\":\"BreadcrumbList\",\"@id\":\"https:\/\/www.alisveriskulupleri.com\/blog\/aromatik-yaglarla-sac-ve-kirpik-bakimi.html#breadcrumb\",\"itemListElement\":[{\"@type\":\"ListItem\",\"position\":1,\"name\":\"Ana sayfa\",\"item\":\"https:\/\/www.alisveriskulupleri.com\/blog\/\"},{\"@type\":\"ListItem\",\"position\":2,\"name\":\"Aromatik ya\u011flarla sa\u00e7 ve kirpik bak\u0131m\u0131\"}]},{\"@type\":\"WebSite\",\"@id\":\"https:\/\/www.alisveriskulupleri.com\/blog\/#website\",\"url\":\"https:\/\/www.alisveriskulupleri.com\/blog\/\",\"name\":\"Al\u0131\u015fveri\u015f Kul\u00fcpleri\",\"description\":\"\",\"potentialAction\":[{\"@type\":\"SearchAction\",\"target\":{\"@type\":\"EntryPoint\",\"urlTemplate\":\"https:\/\/www.alisveriskulupleri.com\/blog\/?s={search_term_string}\"},\"query-input\":{\"@type\":\"PropertyValueSpecification\",\"valueRequired\":true,\"valueName\":\"search_term_string\"}}],\"inLanguage\":\"tr\"},{\"@type\":\"Person\",\"@id\":\"https:\/\/www.alisveriskulupleri.com\/blog\/#\/schema\/person\/d54793cb03b6396f594bc00fad82ca59\",\"name\":\"evren\",\"image\":{\"@type\":\"ImageObject\",\"inLanguage\":\"tr\",\"@id\":\"https:\/\/www.alisveriskulupleri.com\/blog\/#\/schema\/person\/image\/\",\"url\":\"https:\/\/secure.gravatar.com\/avatar\/6460e852e26bed215deecaf790237bce?s=96&d=mm&r=g\",\"contentUrl\":\"https:\/\/secure.gravatar.com\/avatar\/6460e852e26bed215deecaf790237bce?s=96&d=mm&r=g\",\"caption\":\"evren\"},\"sameAs\":[\"http:\/\/www.alisveriskulupleri.com\"],\"url\":\"https:\/\/www.alisveriskulupleri.com\/blog\/author\/evren\"}]}<\/script>\n<!-- \/ Yoast SEO plugin. -->","yoast_head_json":{"title":"Aromatik ya\u011flarla sa\u00e7 ve kirpik bak\u0131m\u0131 - Al\u0131\u015fveri\u015f Kul\u00fcpleri","robots":{"index":"index","follow":"follow","max-snippet":"max-snippet:-1","max-image-preview":"max-image-preview:large","max-video-preview":"max-video-preview:-1"},"canonical":"https:\/\/www.alisveriskulupleri.com\/blog\/aromatik-yaglarla-sac-ve-kirpik-bakimi.html","og_locale":"tr_TR","og_type":"article","og_title":"Aromatik ya\u011flarla sa\u00e7 ve kirpik bak\u0131m\u0131 - Al\u0131\u015fveri\u015f Kul\u00fcpleri","og_description":"D\u00fc\u015f\u00fck maliyet ve h\u0131zl\u0131 sonu\u00e7la; uzun, dolgun kirpikler, parlak ve canl\u0131 sa\u00e7lar! Nas\u0131l m\u0131? Bu sorunun cevab\u0131 aromaterapide sakl\u0131. Yani bitkisel ya\u011flar kullan\u0131larak yap\u0131lan tedavi ve bak\u0131mda&#8230; Tatl\u0131 badem ya\u011f\u0131n\u0131n \u015f\u00f6hretini duymayan yoktur. Aktarlar genellikle [...] Read More","og_url":"https:\/\/www.alisveriskulupleri.com\/blog\/aromatik-yaglarla-sac-ve-kirpik-bakimi.html","og_site_name":"Al\u0131\u015fveri\u015f Kul\u00fcpleri","article_publisher":"https:\/\/www.facebook.com\/alisveriskulupleri","article_published_time":"2010-12-10T16:11:09+00:00","article_modified_time":"2010-12-13T12:51:47+00:00","og_image":[{"url":"https:\/\/www.alisveriskulupleri.com\/blog\/uploads\/2010\/12\/aromatik-yaglarla-sac-ve-kirpik-bakimi-1-570x379.jpg","type":"","width":"","height":""}],"author":"evren","twitter_card":"summary_large_image","twitter_creator":"@akulupleri","twitter_site":"@akulupleri","twitter_misc":{"Yazan:":"evren","Tahmini okuma s\u00fcresi":"1 dakika"},"schema":{"@context":"https:\/\/schema.org","@graph":[{"@type":"WebPage","@id":"https:\/\/www.alisveriskulupleri.com\/blog\/aromatik-yaglarla-sac-ve-kirpik-bakimi.html","url":"https:\/\/www.alisveriskulupleri.com\/blog\/aromatik-yaglarla-sac-ve-kirpik-bakimi.html","name":"Aromatik ya\u011flarla sa\u00e7 ve kirpik bak\u0131m\u0131 - Al\u0131\u015fveri\u015f Kul\u00fcpleri","isPartOf":{"@id":"https:\/\/www.alisveriskulupleri.com\/blog\/#website"},"primaryImageOfPage":{"@id":"https:\/\/www.alisveriskulupleri.com\/blog\/aromatik-yaglarla-sac-ve-kirpik-bakimi.html#primaryimage"},"image":{"@id":"https:\/\/www.alisveriskulupleri.com\/blog\/aromatik-yaglarla-sac-ve-kirpik-bakimi.html#primaryimage"},"thumbnailUrl":"https:\/\/www.alisveriskulupleri.com\/blog\/uploads\/2010\/12\/aromatik-yaglarla-sac-ve-kirpik-bakimi-1-570x379.jpg","datePublished":"2010-12-10T16:11:09+00:00","dateModified":"2010-12-13T12:51:47+00:00","author":{"@id":"https:\/\/www.alisveriskulupleri.com\/blog\/#\/schema\/person\/d54793cb03b6396f594bc00fad82ca59"},"breadcrumb":{"@id":"https:\/\/www.alisveriskulupleri.com\/blog\/aromatik-yaglarla-sac-ve-kirpik-bakimi.html#breadcrumb"},"inLanguage":"tr","potentialAction":[{"@type":"ReadAction","target":["https:\/\/www.alisveriskulupleri.com\/blog\/aromatik-yaglarla-sac-ve-kirpik-bakimi.html"]}]},{"@type":"ImageObject","inLanguage":"tr","@id":"https:\/\/www.alisveriskulupleri.com\/blog\/aromatik-yaglarla-sac-ve-kirpik-bakimi.html#primaryimage","url":"https:\/\/www.alisveriskulupleri.com\/blog\/uploads\/2010\/12\/aromatik-yaglarla-sac-ve-kirpik-bakimi-1.jpg","contentUrl":"https:\/\/www.alisveriskulupleri.com\/blog\/uploads\/2010\/12\/aromatik-yaglarla-sac-ve-kirpik-bakimi-1.jpg","width":"849","height":"565"},{"@type":"BreadcrumbList","@id":"https:\/\/www.alisveriskulupleri.com\/blog\/aromatik-yaglarla-sac-ve-kirpik-bakimi.html#breadcrumb","itemListElement":[{"@type":"ListItem","position":1,"name":"Ana sayfa","item":"https:\/\/www.alisveriskulupleri.com\/blog\/"},{"@type":"ListItem","position":2,"name":"Aromatik ya\u011flarla sa\u00e7 ve kirpik bak\u0131m\u0131"}]},{"@type":"WebSite","@id":"https:\/\/www.alisveriskulupleri.com\/blog\/#website","url":"https:\/\/www.alisveriskulupleri.com\/blog\/","name":"Al\u0131\u015fveri\u015f Kul\u00fcpleri","description":"","potentialAction":[{"@type":"SearchAction","target":{"@type":"EntryPoint","urlTemplate":"https:\/\/www.alisveriskulupleri.com\/blog\/?s={search_term_string}"},"query-input":{"@type":"PropertyValueSpecification","valueRequired":true,"valueName":"search_term_string"}}],"inLanguage":"tr"},{"@type":"Person","@id":"https:\/\/www.alisveriskulupleri.com\/blog\/#\/schema\/person\/d54793cb03b6396f594bc00fad82ca59","name":"evren","image":{"@type":"ImageObject","inLanguage":"tr","@id":"https:\/\/www.alisveriskulupleri.com\/blog\/#\/schema\/person\/image\/","url":"https:\/\/secure.gravatar.com\/avatar\/6460e852e26bed215deecaf790237bce?s=96&d=mm&r=g","contentUrl":"https:\/\/secure.gravatar.com\/avatar\/6460e852e26bed215deecaf790237bce?s=96&d=mm&r=g","caption":"evren"},"sameAs":["http:\/\/www.alisveriskulupleri.com"],"url":"https:\/\/www.alisveriskulupleri.com\/blog\/author\/evren"}]}},"_links":{"self":[{"href":"https:\/\/www.alisveriskulupleri.com\/blog\/wp-json\/wp\/v2\/posts\/1073","targetHints":{"allow":["GET"]}}],"collection":[{"href":"https:\/\/www.alisveriskulupleri.com\/blog\/wp-json\/wp\/v2\/posts"}],"about":[{"href":"https:\/\/www.alisveriskulupleri.com\/blog\/wp-json\/wp\/v2\/types\/post"}],"author":[{"embeddable":true,"href":"https:\/\/www.alisveriskulupleri.com\/blog\/wp-json\/wp\/v2\/users\/3"}],"replies":[{"embeddable":true,"href":"https:\/\/www.alisveriskulupleri.com\/blog\/wp-json\/wp\/v2\/comments?post=1073"}],"version-history":[{"count":20,"href":"https:\/\/www.alisveriskulupleri.com\/blog\/wp-json\/wp\/v2\/posts\/1073\/revisions"}],"predecessor-version":[{"id":1214,"href":"https:\/\/www.alisveriskulupleri.com\/blog\/wp-json\/wp\/v2\/posts\/1073\/revisions\/1214"}],"wp:attachment":[{"href":"https:\/\/www.alisveriskulupleri.com\/blog\/wp-json\/wp\/v2\/media?parent=1073"}],"wp:term":[{"taxonomy":"category","embeddable":true,"href":"https:\/\/www.alisveriskulupleri.com\/blog\/wp-json\/wp\/v2\/categories?post=1073"},{"taxonomy":"post_tag","embeddable":true,"href":"https:\/\/www.alisveriskulupleri.com\/blog\/wp-json\/wp\/v2\/tags?post=1073"}],"curies":[{"name":"wp","href":"https:\/\/api.w.org\/{rel}","templated":true}]}}